{"id":46916,"date":"2014-12-01T18:58:17","date_gmt":"2014-12-01T21:58:17","guid":{"rendered":"http:\/\/aconteceunovale.com.br\/portal\/?p=46916"},"modified":"2014-12-01T18:58:17","modified_gmt":"2014-12-01T21:58:17","slug":"uai-de-montes-claros-comeca-a-atender-familiares-de-detentos","status":"publish","type":"post","link":"https:\/\/aconteceunovale.com.br\/portal\/?p=46916","title":{"rendered":"UAI de Montes Claros come\u00e7a a atender familiares de detentos"},"content":{"rendered":"<h4><strong><em>Entre os servi\u00e7os est\u00e1 o cadastramento de visitas (\u00edntima, social e assistida) aos presos dos dois pres\u00eddios no munic\u00edpio<\/em><\/strong><\/h4>\n<p>A partir desta ter\u00e7a-feira (02\/12), familiares e demais pessoas com v\u00ednculos com os detentos que cumprem pena nos pres\u00eddios Alvorada e Regional de Montes Claros dever\u00e3o recorrer \u00e0 Unidade de Atendimento Integrado (UAI) para realizar servi\u00e7os como o cadastramento de visitas aos presos. A unidade oferecer\u00e1 tamb\u00e9m o atendimento social aos familiares, a entrega de documentos dos presos e o credenciamento de visitantes. \u00c0s 10h ser\u00e1 realizada na UAI cerim\u00f4nia que marcar\u00e1 o in\u00edcio da opera\u00e7\u00e3o dos novos servi\u00e7os em Montes Claros.<\/p>\n<p>O atendimento a ser feito na UAI traz mais comodidade e conforto para os familiares dos detentos. At\u00e9 ent\u00e3o, os familiares precisavam se deslocar at\u00e9 os dois pres\u00eddios para realizar esses servi\u00e7os, ofertados pela\u00a0<a href=\"http:\/\/www.seds.mg.gov.br\/\" target=\"_blank\">Secretaria de Estado de Defesa Social (Seds)<\/a>, por meio da Subsecretaria de Administra\u00e7\u00e3o Prisional (Suapi). O atendimento na UAI, com a supervis\u00e3o da Suapi, foi poss\u00edvel por meio de conv\u00eanio firmado entre a Seds e a<a href=\"http:\/\/www.planejamento.mg.gov.br\/\" target=\"_blank\">Secretaria de Estado de Planejamento e Gest\u00e3o (Seplag)<\/a>, pasta que \u00e9 a respons\u00e1vel pela gest\u00e3o das UAIs.<\/p>\n<p>O pres\u00eddio Alvorada possui popula\u00e7\u00e3o carcer\u00e1ria de 342 pessoas e o pres\u00eddio Regional 1056, totalizando 1398 detentos. A previs\u00e3o \u00e9 que sejam realizados at\u00e9 1950 atendimentos por m\u00eas.<\/p>\n<p><strong>Servi\u00e7os a serem realizados na UAI de Montes Claros<\/strong><\/p>\n<p>&#8211; Cadastro de visitas (\u00edntima, social e assistida);<br \/>\n&#8211; Credenciamento de visitantes;<br \/>\n&#8211; Entrevista de familiares com profissionais do Servi\u00e7o Social;<br \/>\n&#8211; Solicita\u00e7\u00e3o de atestados;<br \/>\n&#8211; Entrega de atestados.<\/p>\n<h4><strong>Assist\u00eancia social<\/strong><\/h4>\n<p>As entrevistas realizadas pelos familiares dos detentos com profissionais do Servi\u00e7o Social ser\u00e3o feitas na UAI por meio de agendamento pr\u00e9vio efetuado no Portal Minas Gerai &#8211;\u00a0<a href=\"http:\/\/www.mg.gov.br\/\" target=\"_blank\">www.mg.gov.br<\/a>.<\/p>\n<h4><strong>Expans\u00e3o<\/strong><\/h4>\n<p>A partir de Montes Claros, a previs\u00e3o \u00e9 que os servi\u00e7os sejam expandidos para as UAIs de Betim, Governador Valadares, Juiz de Fora, Uberl\u00e2ndia e Varginha, alcan\u00e7ando mais 17 unidades prisionais.<\/p>\n<p><strong><em>(Ag\u00eancia Minas)<\/em><\/strong><\/p>\n","protected":false},"excerpt":{"rendered":"<p>Entre os servi\u00e7os est\u00e1 o cadastramento de visitas (\u00edntima, social e assistida) aos presos dos dois pres\u00eddios no munic\u00edpio A partir desta ter\u00e7a-feira (02\/12), familiares e demais pessoas com v\u00ednculos com os detentos que cumprem pena nos pres\u00eddios Alvorada e Regional de Montes Claros dever\u00e3o recorrer \u00e0 Unidade de Atendimento Integrado (UAI) para realizar servi\u00e7os [&hellip;]<\/p>\n","protected":false},"author":1,"featured_media":19256,"comment_status":"open","ping_status":"closed","sticky":false,"template":"","format":"standard","meta":{"amp_status":"","footnotes":""},"categories":[1236],"tags":[210,25170,25171,25172],"class_list":["post-46916","post","type-post","status-publish","format-standard","has-post-thumbnail","hentry","category-norte_de_minas","tag-montes-claros","tag-uai-de-montes-claros","tag-uai-de-montes-claros-comeca-a-atender-familiares-de-detentos","tag-unidade-de-atendimento-integrado-de-montes-claros"],"_links":{"self":[{"href":"https:\/\/aconteceunovale.com.br\/portal\/index.php?rest_route=\/wp\/v2\/posts\/46916","targetHints":{"allow":["GET"]}}],"collection":[{"href":"https:\/\/aconteceunovale.com.br\/portal\/index.php?rest_route=\/wp\/v2\/posts"}],"about":[{"href":"https:\/\/aconteceunovale.com.br\/portal\/index.php?rest_route=\/wp\/v2\/types\/post"}],"author":[{"embeddable":true,"href":"https:\/\/aconteceunovale.com.br\/portal\/index.php?rest_route=\/wp\/v2\/users\/1"}],"replies":[{"embeddable":true,"href":"https:\/\/aconteceunovale.com.br\/portal\/index.php?rest_route=%2Fwp%2Fv2%2Fcomments&post=46916"}],"version-history":[{"count":0,"href":"https:\/\/aconteceunovale.com.br\/portal\/index.php?rest_route=\/wp\/v2\/posts\/46916\/revisions"}],"wp:featuredmedia":[{"embeddable":true,"href":"https:\/\/aconteceunovale.com.br\/portal\/index.php?rest_route=\/wp\/v2\/media\/19256"}],"wp:attachment":[{"href":"https:\/\/aconteceunovale.com.br\/portal\/index.php?rest_route=%2Fwp%2Fv2%2Fmedia&parent=46916"}],"wp:term":[{"taxonomy":"category","embeddable":true,"href":"https:\/\/aconteceunovale.com.br\/portal\/index.php?rest_route=%2Fwp%2Fv2%2Fcategories&post=46916"},{"taxonomy":"post_tag","embeddable":true,"href":"https:\/\/aconteceunovale.com.br\/portal\/index.php?rest_route=%2Fwp%2Fv2%2Ftags&post=46916"}],"curies":[{"name":"wp","href":"https:\/\/api.w.org\/{rel}","templated":true}]}}