{"id":46913,"date":"2014-12-01T18:54:11","date_gmt":"2014-12-01T21:54:11","guid":{"rendered":"http:\/\/aconteceunovale.com.br\/portal\/?p=46913"},"modified":"2014-12-01T18:54:11","modified_gmt":"2014-12-01T21:54:11","slug":"estudo-indica-os-locais-de-maior-ocorrencia-de-acidentes-ambientais-em-minas","status":"publish","type":"post","link":"https:\/\/aconteceunovale.com.br\/portal\/?p=46913","title":{"rendered":"Estudo indica os locais de maior ocorr\u00eancia de acidentes ambientais em Minas"},"content":{"rendered":"<h4><strong><em>Os dados fazem parte de publica\u00e7\u00e3o da Secretaria de Meio Ambiente lan\u00e7ada no dia 28 de novembro, durante a realiza\u00e7\u00e3o de semin\u00e1rio<\/em><\/strong><\/h4>\n<p>As rodovias concentram o maior n\u00famero de acidentes ambientais em Minas Gerais, segundo estudo da<a href=\"http:\/\/www.meioambiente.mg.gov.br\/\" target=\"_blank\">Secretaria de Estado de Meio Ambiente e Desenvolvimento Sustent\u00e1vel (Semad)<\/a>. Dentre os 191 acidentes do tipo registrados em 2013, mais da metade aconteceram nas estradas do Estado.<\/p>\n<p>Junto aos 132 acidentes rodovi\u00e1rios, foram registrados 15 epis\u00f3dios de mortandade de peixes, 14 ocorr\u00eancias em ferrovias e outras 30 de diferentes tipos. Os n\u00fameros s\u00e3o similares aos registrados no ano 2012 que totalizaram 165, sendo 123 com origem rodovi\u00e1ria.<\/p>\n<p><img decoding=\"async\" src=\"http:\/\/aconteceunovale.com.br\/portal\/wp-content\/uploads\/2014\/12\/estudo-indica-os-locais-de-maior-ocorrencia-de-acidentes-ambientais-em-minas.jpg\" alt=\"\" \/><em>Wanderlene Nacif apresentou estudos e a\u00e7\u00f5es do Governo de Minas na preven\u00e7\u00e3o e controle de acidentes e emerg\u00eancias ambientais &#8211; Foto: Alessandro Carvalho\/Ag\u00eancia Minas<\/em><br \/>\n<\/br><\/p>\n<p>Os dados fazem parte do Mapa dos Acidentes Ambientais, publica\u00e7\u00e3o da Semad lan\u00e7ada no dia 28 de novembro, durante o Semin\u00e1rio Emerg\u00eancia Ambiental 2014. O evento foi realizado em Belo Horizonte, nos dias 27 e 28, e promoveu discuss\u00f5es sobre os eventos cr\u00edticos acontecidos em Minas Gerais, incluindo as formas de preven\u00e7\u00e3o e de resposta em casos de acidente.<\/p>\n<p>A diretora de Preven\u00e7\u00e3o e Emerg\u00eancia Ambiental da Semad, Wanderlene Ferreira Nacif, explica que o n\u00famero significativo de acidentes rodovi\u00e1rios pode ser explicado pelo fato de no Brasil predominar o uso da malha vi\u00e1ria para o transporte de cargas. \u201cMinas Gerais \u00e9 o Estado com o maior n\u00famero de estradas e rodovias do pa\u00eds com diferentes condi\u00e7\u00f5es, trajetos e tipos de ve\u00edculos utilizados\u201d, afirma.<\/p>\n<p>O Mapa \u00e9 elaborado com base nas ocorr\u00eancias comunicadas ao N\u00facleo de Emerg\u00eancia Ambiental (NEA) do Sistema Estadual de Meio Ambiente e Recursos H\u00eddricos (Sisema). O setor, que existe desde 2003, trabalha na preven\u00e7\u00e3o e controle dos acidentes ambientais registrados em Minas Gerais.<\/p>\n<h4><strong>Sobre o semin\u00e1rio<\/strong><\/h4>\n<p>O Semin\u00e1rio Emerg\u00eancia Ambiental: Gerenciamento de Crises na Emerg\u00eancia Ambiental e Outros Eventos Cr\u00edticos foi encerrado no dia 28 de novembro. O evento \u00e9 fruto de uma parceria com a Comiss\u00e3o Estadual de Preven\u00e7\u00e3o, Prepara\u00e7\u00e3o e Resposta R\u00e1pida \u00e0s Emerg\u00eancias Ambientais com Produtos Perigosos (CE P2R2 Minas).<\/p>\n<p>Durante dois dias, foram realizadas apresenta\u00e7\u00f5es, palestras e discuss\u00f5es sobre a\u00e7\u00f5es e experi\u00eancias dos participantes em acidentes ambientais e outras situa\u00e7\u00f5es similares. No evento, a Semad apresentou ainda o Atlas de Vulnerabilidade a Inunda\u00e7\u00f5es de Minas Gerais, que identifica, em mapas, os pontos mais prop\u00edcios \u00e0s inunda\u00e7\u00f5es no Estado.<\/p>\n<p>O Mapa e o Atlas podem ser consultados na p\u00e1gina da Semad (<a href=\"http:\/\/www.meioambiente.mg.gov.br\/images\/stories\/mapa_acidentesambientais\/mapa-acidentes-2013-por-tipoa3.pdf\" target=\"_blank\">clique aqui<\/a>).<\/p>\n","protected":false},"excerpt":{"rendered":"<p>Os dados fazem parte de publica\u00e7\u00e3o da Secretaria de Meio Ambiente lan\u00e7ada no dia 28 de novembro, durante a realiza\u00e7\u00e3o de semin\u00e1rio As rodovias concentram o maior n\u00famero de acidentes ambientais em Minas Gerais, segundo estudo daSecretaria de Estado de Meio Ambiente e Desenvolvimento Sustent\u00e1vel (Semad). Dentre os 191 acidentes do tipo registrados em 2013, [&hellip;]<\/p>\n","protected":false},"author":1,"featured_media":46914,"comment_status":"open","ping_status":"closed","sticky":false,"template":"","format":"standard","meta":{"amp_status":"","footnotes":""},"categories":[123],"tags":[25167,25164,25165,25166,25169,25168],"class_list":["post-46913","post","type-post","status-publish","format-standard","has-post-thumbnail","hentry","category-gerais","tag-crimes-ambientais-em-minas-gerais","tag-estudo-indica-os-locais-de-maior-ocorrencia-de-acidentes-ambientais-em-minas","tag-locais-de-maior-ocorrencia-de-acidentes-ambientais","tag-locais-de-maior-ocorrencia-de-acidentes-ambientais-em-minas-gerais","tag-wanderlene-nacif","tag-wanderlene-nacif-apresentou-estudos-e-acoes-do-governo-de-minas-na-prevencao-e-controle-de-acidentes-e-emergencias-ambientais"],"_links":{"self":[{"href":"https:\/\/aconteceunovale.com.br\/portal\/index.php?rest_route=\/wp\/v2\/posts\/46913","targetHints":{"allow":["GET"]}}],"collection":[{"href":"https:\/\/aconteceunovale.com.br\/portal\/index.php?rest_route=\/wp\/v2\/posts"}],"about":[{"href":"https:\/\/aconteceunovale.com.br\/portal\/index.php?rest_route=\/wp\/v2\/types\/post"}],"author":[{"embeddable":true,"href":"https:\/\/aconteceunovale.com.br\/portal\/index.php?rest_route=\/wp\/v2\/users\/1"}],"replies":[{"embeddable":true,"href":"https:\/\/aconteceunovale.com.br\/portal\/index.php?rest_route=%2Fwp%2Fv2%2Fcomments&post=46913"}],"version-history":[{"count":0,"href":"https:\/\/aconteceunovale.com.br\/portal\/index.php?rest_route=\/wp\/v2\/posts\/46913\/revisions"}],"wp:featuredmedia":[{"embeddable":true,"href":"https:\/\/aconteceunovale.com.br\/portal\/index.php?rest_route=\/wp\/v2\/media\/46914"}],"wp:attachment":[{"href":"https:\/\/aconteceunovale.com.br\/portal\/index.php?rest_route=%2Fwp%2Fv2%2Fmedia&parent=46913"}],"wp:term":[{"taxonomy":"category","embeddable":true,"href":"https:\/\/aconteceunovale.com.br\/portal\/index.php?rest_route=%2Fwp%2Fv2%2Fcategories&post=46913"},{"taxonomy":"post_tag","embeddable":true,"href":"https:\/\/aconteceunovale.com.br\/portal\/index.php?rest_route=%2Fwp%2Fv2%2Ftags&post=46913"}],"curies":[{"name":"wp","href":"https:\/\/api.w.org\/{rel}","templated":true}]}}