{"id":46907,"date":"2014-12-01T15:40:43","date_gmt":"2014-12-01T18:40:43","guid":{"rendered":"http:\/\/aconteceunovale.com.br\/portal\/?p=46907"},"modified":"2014-12-01T15:40:43","modified_gmt":"2014-12-01T18:40:43","slug":"detentos-serram-grades-e-fogem-da-penitenciaria-de-teofilo-otoni","status":"publish","type":"post","link":"https:\/\/aconteceunovale.com.br\/portal\/?p=46907","title":{"rendered":"Detentos serram grades e fogem da penitenci\u00e1ria de Te\u00f3filo Otoni"},"content":{"rendered":"<h4><strong><em>Um dos fugitivos cumpria pena por homic\u00eddio. Caso ser\u00e1 investigado pela Pol\u00edcia Civil.<\/em><\/strong><\/h4>\n<p>Tr\u00eas detentos, ocupantes de uma mesma cela da Penitenci\u00e1ria de Te\u00f3filo Otoni, serraram as grades e fugiram na noite de domingo, 30 de novembro.<\/p>\n<p><img decoding=\"async\" src=\"http:\/\/aconteceunovale.com.br\/portal\/wp-content\/uploads\/2014\/12\/fugitivos_teo2.jpg\" alt=\"\" \/><em>Entrada da Penitenci\u00e1ria de Te\u00f3filo Otoni, no Vale do Mucuri (Foto: Cristiano Dias\/Inter TV dos Vales)<\/em><br \/>\n<\/br><\/p>\n<p>Um dos fugitivos \u00e9 acusado de homic\u00eddio, e os outros dois s\u00e3o acusados de furto e roubo. Conforme a informa\u00e7\u00f5es da Pol\u00edcia Militar, os detentos serraram as grades da cela e fugiram pelo p\u00e1tio.<\/p>\n<p>Na tarde desta segunda-feira (1\u00ba), a Subsecretaria de Administra\u00e7\u00e3o Prisional (Suapi) informou por meio de nota que a unidade prisional acionou a Pol\u00edcia Militar para registrar a ocorr\u00eancia e instaurou um procedimento interno para apurar as circunst\u00e2ncias do ocorrido. Ainda segundo a Suapi, a Pol\u00edcia Civil investigar\u00e1 o caso.<\/p>\n<p>Os presos, que ainda est\u00e3o foragidos, s\u00e3o: Maur\u00edcio Manoel Barbosa, 27 anos, preso por furto; Thiago Martins Costa, 25 anos, preso por roubo e Alexsandro Martins de Souza, 29 anos, preso por homic\u00eddio.<\/p>\n<p><img decoding=\"async\" src=\"http:\/\/aconteceunovale.com.br\/portal\/wp-content\/uploads\/2014\/12\/fugitivos_teo.jpg\" alt=\"\" \/><em>Detentos continuam foragidos &#8211; Foto: Divulga\u00e7\u00e3o\/Pol\u00edcia Civil de Minas Gerais<\/em><br \/>\n<\/br><\/p>\n<p><em><strong>(Inter TV dos Vales)<\/strong><\/em><\/p>\n","protected":false},"excerpt":{"rendered":"<p>Um dos fugitivos cumpria pena por homic\u00eddio. Caso ser\u00e1 investigado pela Pol\u00edcia Civil. Tr\u00eas detentos, ocupantes de uma mesma cela da Penitenci\u00e1ria de Te\u00f3filo Otoni, serraram as grades e fugiram na noite de domingo, 30 de novembro. Entrada da Penitenci\u00e1ria de Te\u00f3filo Otoni, no Vale do Mucuri (Foto: Cristiano Dias\/Inter TV dos Vales) Um dos [&hellip;]<\/p>\n","protected":false},"author":1,"featured_media":46909,"comment_status":"open","ping_status":"closed","sticky":false,"template":"","format":"standard","meta":{"amp_status":"","footnotes":""},"categories":[122],"tags":[25161,25157,25158,149,25159,164,25160],"class_list":["post-46907","post","type-post","status-publish","format-standard","has-post-thumbnail","hentry","category-mucuri","tag-alexsandro-martins-de-souza","tag-detentos-serram-grades-e-fogem-da-penitenciaria-de-teofilo-otoni","tag-fuga-da-penitenciaria-de-teofilo-otoni","tag-itamarandiba","tag-mauricio-manoel-barbosa","tag-teofilo-otoni","tag-thiago-martins-costa"],"_links":{"self":[{"href":"https:\/\/aconteceunovale.com.br\/portal\/index.php?rest_route=\/wp\/v2\/posts\/46907","targetHints":{"allow":["GET"]}}],"collection":[{"href":"https:\/\/aconteceunovale.com.br\/portal\/index.php?rest_route=\/wp\/v2\/posts"}],"about":[{"href":"https:\/\/aconteceunovale.com.br\/portal\/index.php?rest_route=\/wp\/v2\/types\/post"}],"author":[{"embeddable":true,"href":"https:\/\/aconteceunovale.com.br\/portal\/index.php?rest_route=\/wp\/v2\/users\/1"}],"replies":[{"embeddable":true,"href":"https:\/\/aconteceunovale.com.br\/portal\/index.php?rest_route=%2Fwp%2Fv2%2Fcomments&post=46907"}],"version-history":[{"count":0,"href":"https:\/\/aconteceunovale.com.br\/portal\/index.php?rest_route=\/wp\/v2\/posts\/46907\/revisions"}],"wp:featuredmedia":[{"embeddable":true,"href":"https:\/\/aconteceunovale.com.br\/portal\/index.php?rest_route=\/wp\/v2\/media\/46909"}],"wp:attachment":[{"href":"https:\/\/aconteceunovale.com.br\/portal\/index.php?rest_route=%2Fwp%2Fv2%2Fmedia&parent=46907"}],"wp:term":[{"taxonomy":"category","embeddable":true,"href":"https:\/\/aconteceunovale.com.br\/portal\/index.php?rest_route=%2Fwp%2Fv2%2Fcategories&post=46907"},{"taxonomy":"post_tag","embeddable":true,"href":"https:\/\/aconteceunovale.com.br\/portal\/index.php?rest_route=%2Fwp%2Fv2%2Ftags&post=46907"}],"curies":[{"name":"wp","href":"https:\/\/api.w.org\/{rel}","templated":true}]}}