{"id":46904,"date":"2014-12-01T15:26:32","date_gmt":"2014-12-01T18:26:32","guid":{"rendered":"http:\/\/aconteceunovale.com.br\/portal\/?p=46904"},"modified":"2014-12-01T15:26:32","modified_gmt":"2014-12-01T18:26:32","slug":"papa-e-lider-ortodoxo-defendem-reunificacao-das-duas-igrejas-apos-mais-de-mil-anos-separadas","status":"publish","type":"post","link":"https:\/\/aconteceunovale.com.br\/portal\/?p=46904","title":{"rendered":"Papa e l\u00edder ortodoxo defendem reunifica\u00e7\u00e3o das duas igrejas ap\u00f3s mais de mil anos separadas"},"content":{"rendered":"<h4><strong><em>Igrejas est\u00e3o separadas desde o &#8216;Grande Cisma do Oriente&#8217; de 1054<\/em><\/strong><\/h4>\n<p>O papa Francisco e o l\u00edder da Igreja Ortodoxa, patriarca Bartolomeu I, firmaram hoje (30) uma declara\u00e7\u00e3o conjunta pela reunifica\u00e7\u00e3o das duas igrejas, a Cat\u00f3lica e a Ortodoxa, separadas h\u00e1 mil anos.<\/p>\n<p>No \u00faltimo dia de sua visita \u00e0 Turquia, Francisco esteve na catedral ortodoxa de Istambul, onde assegurou que a Igreja Cat\u00f3lica n\u00e3o pretende impor nenhuma exig\u00eancia \u00e0 Igreja Ortodoxa no caminho da unidade entre as duas.<\/p>\n<p>O papa disse que as duas igrejas j\u00e1 est\u00e3o \u201cno caminho rumo \u00e0 plena comunh\u00e3o\u201d, indicando que h\u00e1, na pr\u00e1tica, \u201csinais eloquentes de uma unidade real\u201d.<\/p>\n<p><img decoding=\"async\" src=\"http:\/\/aconteceunovale.com.br\/portal\/wp-content\/uploads\/2014\/12\/uniao_igrejas.jpg\" alt=\"\" \/><em>Papa Francisco e Patriarca Ecum\u00eanico Bartolomeu I firmam declara\u00e7\u00e3o conjunta &#8211; Foto: Filippo Monteforte \/ AP<\/em><br \/>\n<\/br><\/p>\n<p>Depois de rezar uma ora\u00e7\u00e3o em latim e de ouvir o discurso de Bartolomeu, Francisco disse que \u201co que a Igreja Cat\u00f3lica deseja \u00e9 a comunh\u00e3o com as igrejas ortodoxas\u201d.<\/p>\n<p>Para o papa, a uni\u00e3o com os ortodoxos n\u00e3o significar\u00e1 nem a submiss\u00e3o de uns a outros, nem a absor\u00e7\u00e3o de uma institui\u00e7\u00e3o pela outra, mas \u201ca aceita\u00e7\u00e3o de todos os dons que Deus deu a cada um\u201d.<\/p>\n<p>Francisco e o l\u00edder ortodoxo tamb\u00e9m pediram \u00e0 comunidade internacional que \u201cd\u00ea uma resposta apropriada\u201d aos ataques contra crist\u00e3os nos pa\u00edses do M\u00e9dio Oriente.<\/p>\n<p>Os dois l\u00edderes religiosos protestaram pelo que classificam como \u201cum M\u00e9dio Oriente sem crist\u00e3os\u201d, numa alus\u00e3o \u00e0 viol\u00eancia cometida contra os fi\u00e9is em conflitos nos pa\u00edses da regi\u00e3o.<\/p>\n<p>\u201cN\u00e3o podemos nos resignar a um Oriente M\u00e9dio sem crist\u00e3os, que professaram o nome de Jesus ali durante dois mil anos\u201d, disseram os dois l\u00edderes religiosos na declara\u00e7\u00e3o conjunta assinada em Istambul.<\/p>\n<p>\u201cMuitos dos nossos irm\u00e3os e irm\u00e3s est\u00e3o sendo perseguidos e foram expulsos com viol\u00eancia dos seus lugares. Parece que se perdeu o valor da vida, que a pessoa j\u00e1 n\u00e3o importa e que pode se sacrificar a outros interesses\u201d, acrescentam os l\u00edderes religiosos na declara\u00e7\u00e3o.<\/p>\n<p>Antes da celebra\u00e7\u00e3o, Francisco encontrou-se com o gr\u00e3o-rabino turco, Isak Haleva, na sede da representa\u00e7\u00e3o pontif\u00edcia em Istambul. A reuni\u00e3o com o representante dos judeus na Turquia completou uma s\u00e9rie de contatos com outras religi\u00f5es presentes no pa\u00eds. S\u00e1bado, o papa j\u00e1 havia se reunido com mu\u00e7ulmanos, ortodoxos e outros crist\u00e3os.<\/p>\n<p><strong><em>(Ag\u00eancia Brasil)<\/em><\/strong><\/p>\n","protected":false},"excerpt":{"rendered":"<p>Igrejas est\u00e3o separadas desde o &#8216;Grande Cisma do Oriente&#8217; de 1054 O papa Francisco e o l\u00edder da Igreja Ortodoxa, patriarca Bartolomeu I, firmaram hoje (30) uma declara\u00e7\u00e3o conjunta pela reunifica\u00e7\u00e3o das duas igrejas, a Cat\u00f3lica e a Ortodoxa, separadas h\u00e1 mil anos. No \u00faltimo dia de sua visita \u00e0 Turquia, Francisco esteve na catedral [&hellip;]<\/p>\n","protected":false},"author":1,"featured_media":46905,"comment_status":"open","ping_status":"closed","sticky":false,"template":"","format":"standard","meta":{"amp_status":"","footnotes":""},"categories":[6],"tags":[25150,24622,25153,25149,946,25155,25156,25154,25152,25151],"class_list":["post-46904","post","type-post","status-publish","format-standard","has-post-thumbnail","hentry","category-br","tag-grande-cisma-do-oriente","tag-igreja-catolica","tag-igreja-ortodoxa","tag-papa-e-lider-ortodoxo-defendem-reunificacao-das-duas-igrejas-apos-mais-de-mil-anos-separadas","tag-papa-francisco","tag-papa-francisco-e-patriarca-ecumenico-bartolomeu-i-firmam-declaracao-conjunta","tag-papa-francisco-e-patriarca-ecumenico-bartolomeu-i-firmam-declaracao-conjunta-em-istabul","tag-papa-na-turquia","tag-patriarca-bartolomeu","tag-patriarca-ecumenico-bartolomeu-i"],"_links":{"self":[{"href":"https:\/\/aconteceunovale.com.br\/portal\/index.php?rest_route=\/wp\/v2\/posts\/46904","targetHints":{"allow":["GET"]}}],"collection":[{"href":"https:\/\/aconteceunovale.com.br\/portal\/index.php?rest_route=\/wp\/v2\/posts"}],"about":[{"href":"https:\/\/aconteceunovale.com.br\/portal\/index.php?rest_route=\/wp\/v2\/types\/post"}],"author":[{"embeddable":true,"href":"https:\/\/aconteceunovale.com.br\/portal\/index.php?rest_route=\/wp\/v2\/users\/1"}],"replies":[{"embeddable":true,"href":"https:\/\/aconteceunovale.com.br\/portal\/index.php?rest_route=%2Fwp%2Fv2%2Fcomments&post=46904"}],"version-history":[{"count":0,"href":"https:\/\/aconteceunovale.com.br\/portal\/index.php?rest_route=\/wp\/v2\/posts\/46904\/revisions"}],"wp:featuredmedia":[{"embeddable":true,"href":"https:\/\/aconteceunovale.com.br\/portal\/index.php?rest_route=\/wp\/v2\/media\/46905"}],"wp:attachment":[{"href":"https:\/\/aconteceunovale.com.br\/portal\/index.php?rest_route=%2Fwp%2Fv2%2Fmedia&parent=46904"}],"wp:term":[{"taxonomy":"category","embeddable":true,"href":"https:\/\/aconteceunovale.com.br\/portal\/index.php?rest_route=%2Fwp%2Fv2%2Fcategories&post=46904"},{"taxonomy":"post_tag","embeddable":true,"href":"https:\/\/aconteceunovale.com.br\/portal\/index.php?rest_route=%2Fwp%2Fv2%2Ftags&post=46904"}],"curies":[{"name":"wp","href":"https:\/\/api.w.org\/{rel}","templated":true}]}}