{"id":46899,"date":"2014-12-01T15:11:59","date_gmt":"2014-12-01T18:11:59","guid":{"rendered":"http:\/\/aconteceunovale.com.br\/portal\/?p=46899"},"modified":"2014-12-01T15:11:59","modified_gmt":"2014-12-01T18:11:59","slug":"dia-mundial-de-combate-a-aids-destaca-prevencao-e-diagnostico-precoce-da-doenca","status":"publish","type":"post","link":"https:\/\/aconteceunovale.com.br\/portal\/?p=46899","title":{"rendered":"Dia Mundial de Combate a Aids destaca preven\u00e7\u00e3o e diagn\u00f3stico precoce da doen\u00e7a"},"content":{"rendered":"<h4><strong><em>Apesar dos grandes avan\u00e7os em rela\u00e7\u00e3o ao tratamento e qualidade de vida dos portadores do v\u00edrus, um dos maiores problemas continua sendo a falta de diagn\u00f3stico<\/em><\/strong><\/h4>\n<p>O dia 1\u00ba de dezembro foi transformado num marco da luta contra a Aids em diversos pa\u00edses do mundo. No Brasil, desde o fim dos anos 1980, o Dia Mundial de Combate \u00e0 Aids foi institu\u00eddo como meio de chamar aten\u00e7\u00e3o para a preven\u00e7\u00e3o e desmistificar preconceitos contra a doen\u00e7a. Apesar dos grandes avan\u00e7os em rela\u00e7\u00e3o ao tratamento e qualidade de vida dos portadores do v\u00edrus, um dos maiores problemas que envolve a doen\u00e7a continua sendo a falta de diagn\u00f3stico. Como o v\u00edrus causador da doen\u00e7a tem uma fase de encuba\u00e7\u00e3o em que o paciente n\u00e3o tem sintomas, o portador pode permanecer por anos sem diagn\u00f3stico.<\/p>\n<p><img decoding=\"async\" src=\"http:\/\/aconteceunovale.com.br\/portal\/wp-content\/uploads\/2014\/12\/dados_aids_3.jpg\" alt=\"\" \/><em>Um dos maiores problemas que envolve a doen\u00e7a continua sendo a falta de diagn\u00f3stico &#8211; Foto: Adair Gomes<\/em><br \/>\n<\/br><\/p>\n<p>De acordo com a coordenadora do programa de DSTs\/AIDS e Hepatites Virais da Secretaria de Estado de Sa\u00fade de Minas Gerais, Jordana Costa Lima, quanto mais cedo a pessoa souber que tem o v\u00edrus ou a doen\u00e7a, menores as chances de surgirem agravos secund\u00e1rios. \u201cPara muitas pessoas realizar o exame de HIV significa uma quebra de paradigma, mas \u00e9 necess\u00e1rio que a popula\u00e7\u00e3o tenha consci\u00eancia de que o diagn\u00f3stico precoce facilita o tratamento e controle da doen\u00e7a\u201d, afirma. O teste de HIV pode ser feito atrav\u00e9s do exame de sangue convencional dispon\u00edvel em todas as unidades b\u00e1sicas do estado. <\/p>\n<p>Em Minas, de 2007 a 2014, foram notificados 15.482 novos casos de Aids, sendo a popula\u00e7\u00e3o com idade entre 35 a 49 anos a que apresentou maior n\u00famero de notifica\u00e7\u00f5es nesse per\u00edodo, com 6.434 novos casos. Atualmente, cerca de 22 mil pessoas utilizam a medica\u00e7\u00e3o antirretroviral para HIV e AIDS em todo o Estado.<\/p>\n<h4>HIV e Aids<\/h4>\n<p>HIV \u00e9 a sigla em ingl\u00eas do V\u00edrus da Imunodefici\u00eancia Humana, causador da Aids. Ter o HIV n\u00e3o \u00e9 a mesma coisa que ter Aids. H\u00e1 muitos soropositivos que vivem anos sem apresentar sintomas ou desenvolver a doen\u00e7a, mas podem transmitir o v\u00edrus a outros por rela\u00e7\u00f5es sexuais desprotegidas, pelo compartilhamento de seringas contaminadas ou de m\u00e3e para filho durante a gravidez ou amamenta\u00e7\u00e3o.<\/p>\n<p>Aids \u00e9 o est\u00e1gio mais avan\u00e7ado da doen\u00e7a que ataca o sistema imunol\u00f3gico, respons\u00e1vel por defender o organismo. Justamente por isso \u00e9 que o indiv\u00edduo portador da Aids fica vulner\u00e1vel a sofrer pelas chamadas doen\u00e7as oportunistas, que podem variar de um simples resfriado a infec\u00e7\u00f5es mais graves, como a tuberculose, hepatites virais, pneumonia e alguns tipos de c\u00e2ncer.<\/p>\n<p>Os Testes r\u00e1pidos para HIV\/ S\u00edfilis e Hepatite B e C est\u00e3o dispon\u00edveis em todos os servi\u00e7os de aconselhamento e testagem (CTA), presentes em 60 munic\u00edpios do Estado de Minas Gerais.  A demanda no servi\u00e7o \u00e9 livre e qualquer pessoa pode realizar o exame. Outra maneira de se testar \u00e9 realizar o teste anti-HIV, atrav\u00e9s do exame de sangue convencional dispon\u00edveis em todas as unidades b\u00e1sicas do Estado de Minas Gerais.<\/p>\n<h4>Transmiss\u00e3o vertical<\/h4>\n<p>Uma parcela consider\u00e1vel dos diagn\u00f3sticos na popula\u00e7\u00e3o feminina ocorre durante o per\u00edodo gestacional, em que \u00e9 realizada triagem sorol\u00f3gica anti-HIV. Nesse caso, o diagn\u00f3stico se torna ainda mais importante, uma vez que a transmiss\u00e3o pode ocorrer de m\u00e3e para filho.<\/p>\n<p>Chamada de transmiss\u00e3o vertical, esse tipo de infec\u00e7\u00e3o pelo v\u00edrus HIV pode ocorrer durante o per\u00edodo da gesta\u00e7\u00e3o, parto ou aleitamento materno. Entre as a\u00e7\u00f5es da SES para inibir esse tipo de contamina\u00e7\u00e3o est\u00e1 o acompanhamento promovido pela Rede Viva Vida, com a\u00e7\u00f5es de acolhimento e aconselhamento \u00e0s gestantes, realiza\u00e7\u00e3o de teste r\u00e1pido para o HIV, antirretrovirais e leite (f\u00f3rmula infantil ciclo 1) para crian\u00e7as expostas ao v\u00edrus.<\/p>\n<p>Confira os dados da doen\u00e7a:<\/p>\n<p><img decoding=\"async\" src=\"http:\/\/aconteceunovale.com.br\/portal\/wp-content\/uploads\/2014\/12\/dados_aids_1.jpg\" alt=\"\" \/><img decoding=\"async\" src=\"http:\/\/aconteceunovale.com.br\/portal\/wp-content\/uploads\/2014\/12\/dados_aids_2.jpg\" alt=\"\" \/><em>Tabelas divulgadas pela Ag\u00eancia Minas<\/em><br \/>\n<\/br><\/p>\n<p><strong><em>(Ag\u00eancia Minas)<\/em><\/strong><\/p>\n","protected":false},"excerpt":{"rendered":"<p>Apesar dos grandes avan\u00e7os em rela\u00e7\u00e3o ao tratamento e qualidade de vida dos portadores do v\u00edrus, um dos maiores problemas continua sendo a falta de diagn\u00f3stico O dia 1\u00ba de dezembro foi transformado num marco da luta contra a Aids em diversos pa\u00edses do mundo. No Brasil, desde o fim dos anos 1980, o Dia [&hellip;]<\/p>\n","protected":false},"author":1,"featured_media":46902,"comment_status":"open","ping_status":"closed","sticky":false,"template":"","format":"standard","meta":{"amp_status":"","footnotes":""},"categories":[6],"tags":[25127,25126,25146,25147,25148],"class_list":["post-46899","post","type-post","status-publish","format-standard","has-post-thumbnail","hentry","category-br","tag-combate-a-aids","tag-dia-mundial-de-combate-a-aids","tag-dia-mundial-de-combate-a-aids-destaca-prevencao-e-diagnostico-precoce-da-doenca","tag-hiv","tag-virus-da-imunodeficiencia-humana"],"_links":{"self":[{"href":"https:\/\/aconteceunovale.com.br\/portal\/index.php?rest_route=\/wp\/v2\/posts\/46899","targetHints":{"allow":["GET"]}}],"collection":[{"href":"https:\/\/aconteceunovale.com.br\/portal\/index.php?rest_route=\/wp\/v2\/posts"}],"about":[{"href":"https:\/\/aconteceunovale.com.br\/portal\/index.php?rest_route=\/wp\/v2\/types\/post"}],"author":[{"embeddable":true,"href":"https:\/\/aconteceunovale.com.br\/portal\/index.php?rest_route=\/wp\/v2\/users\/1"}],"replies":[{"embeddable":true,"href":"https:\/\/aconteceunovale.com.br\/portal\/index.php?rest_route=%2Fwp%2Fv2%2Fcomments&post=46899"}],"version-history":[{"count":0,"href":"https:\/\/aconteceunovale.com.br\/portal\/index.php?rest_route=\/wp\/v2\/posts\/46899\/revisions"}],"wp:featuredmedia":[{"embeddable":true,"href":"https:\/\/aconteceunovale.com.br\/portal\/index.php?rest_route=\/wp\/v2\/media\/46902"}],"wp:attachment":[{"href":"https:\/\/aconteceunovale.com.br\/portal\/index.php?rest_route=%2Fwp%2Fv2%2Fmedia&parent=46899"}],"wp:term":[{"taxonomy":"category","embeddable":true,"href":"https:\/\/aconteceunovale.com.br\/portal\/index.php?rest_route=%2Fwp%2Fv2%2Fcategories&post=46899"},{"taxonomy":"post_tag","embeddable":true,"href":"https:\/\/aconteceunovale.com.br\/portal\/index.php?rest_route=%2Fwp%2Fv2%2Ftags&post=46899"}],"curies":[{"name":"wp","href":"https:\/\/api.w.org\/{rel}","templated":true}]}}