{"id":46897,"date":"2014-12-01T15:04:52","date_gmt":"2014-12-01T18:04:52","guid":{"rendered":"http:\/\/aconteceunovale.com.br\/portal\/?p=46897"},"modified":"2014-12-01T15:04:52","modified_gmt":"2014-12-01T18:04:52","slug":"estado-publica-edital-para-mais-de-400-vagas-em-escolas-estaduais-indigenas","status":"publish","type":"post","link":"https:\/\/aconteceunovale.com.br\/portal\/?p=46897","title":{"rendered":"Estado publica edital para mais de 400 vagas em escolas estaduais ind\u00edgenas"},"content":{"rendered":"<h4><strong><em>Para participar do processo seletivo, o candidato deve ser ind\u00edgena e pertencer \u00e0 etnia da aldeia onde dever\u00e1 exercer as suas atividades<\/em><\/strong><\/h4>\n<p>O\u00a0<a href=\"http:\/\/www.mg.gov.br\/\" target=\"_blank\">Governo de Minas<\/a>\u00a0publicou no\u00a0<a href=\"http:\/\/jornal.iof.mg.gov.br\/xmlui\/handle\/123456789\/134875?paginaCorrente=001&amp;posicaoPagCorrente=134785&amp;linkBase=http%3A%2F%2Fjornal.iof.mg.gov.br%3A80%2Fxmlui%2Fhandle%2F123456789%2F&amp;totalPaginas=112&amp;paginaDestino=91&amp;indice=0\" target=\"_blank\">Di\u00e1rio Oficial dos Poderes do Estado<\/a>\u00a0de s\u00e1bado (29\/11) o extrato do edital Seplag\/SEE 07\/2014. O concurso \u00e9 voltado para o provimento de cargos das carreiras de Assistente T\u00e9cnico de Educa\u00e7\u00e3o B\u00e1sica, Especialista em Educa\u00e7\u00e3o B\u00e1sica e Professor de Educa\u00e7\u00e3o B\u00e1sica da Secretaria de Estado de Educa\u00e7\u00e3o. S\u00e3o ao todo 443 vagas para atuar em escolas estaduais ind\u00edgenas e\/ ou turmas ind\u00edgenas vinculadas \u00e0s escolas estaduais n\u00e3o ind\u00edgenas.<\/p>\n<p>De acordo com o edital, o concurso p\u00fablico de provas e t\u00edtulos para provimento de cargos da carreira da educa\u00e7\u00e3o compreendem oportunidades para diferentes atua\u00e7\u00f5es. O edital completo pode ser conferido na<a href=\"http:\/\/www.ibfc.org.br\/(X(1)S(batrcrqntxfppeihrk33camg))\/Default.aspx?AspxAutoDetectCookieSupport=1\" target=\"_blank\">\u00a0p\u00e1gina do Instituto Brasileiro de Forma\u00e7\u00e3o e Capacita\u00e7\u00e3o (IBFC)<\/a>, respons\u00e1vel pela realiza\u00e7\u00e3o dos concursos p\u00fablicos, da\u00a0<a href=\"http:\/\/www.planejamento.mg.gov.br\/\" target=\"_blank\">Secretaria de Estado de Planejamento e Gest\u00e3o (Seplag)<\/a>\u00a0e da\u00a0<a href=\"http:\/\/www.educacao.mg.gov.br\/\" target=\"_blank\">Secretaria de Estado de Educa\u00e7\u00e3o<\/a>.<\/p>\n<p>A remunera\u00e7\u00e3o para os cargos de Assistente T\u00e9cnico de Educa\u00e7\u00e3o B\u00e1sica (ATB) \u00e9 de R$1.005,46 para a carga hor\u00e1ria semanal de 30 horas. Para os cargos de Especialista em Educa\u00e7\u00e3o B\u00e1sica (EEB) \u00e9 de R$1.455,30, com carga hor\u00e1ria semanal de 24 horas. Para os cargos de Professor de Educa\u00e7\u00e3o B\u00e1sica (PEB) a remunera\u00e7\u00e3o inicial ser\u00e1 de R$1.455,30 para uma jornada de 24 horas semanais.<\/p>\n<p>Para participar do processo seletivo, o candidato deve ser ind\u00edgena e pertencer \u00e0 etnia da aldeia onde dever\u00e1 exercer as suas atividades. Isso dever\u00e1 ser comprovado mediante declara\u00e7\u00e3o de sua identidade \u00e9tnica ind\u00edgena assinada pelo l\u00edder da comunidade (Cacique da Aldeia) da qual fa\u00e7a parte.<\/p>\n<p>As inscri\u00e7\u00f5es podem ser feitas a partir do dia 15 de dezembro e v\u00e3o at\u00e9 o dia 15\/01\/2015, pelo site do IBFC. O valor de inscri\u00e7\u00e3o ser\u00e1 de R$ 30,00 para a vaga de Assistente T\u00e9cnico de Educa\u00e7\u00e3o B\u00e1sica, R$ 40,00 para Professor de Educa\u00e7\u00e3o B\u00e1sica e R$ 45,00 para Especialista em Educa\u00e7\u00e3o B\u00e1sica.<\/p>\n<p>Outros quatro editais, para preenchimento de mais de 17 mil vagas nas \u00e1reas do Conservat\u00f3rio de M\u00fasica, Educa\u00e7\u00e3o Especial, Ensino Religioso e para atua\u00e7\u00e3o no ensino regular, j\u00e1 haviam sido publicados na semana passada.\u00a0<a href=\"https:\/\/www.educacao.mg.gov.br\/component\/gmg\/story\/6573-governo-de-minas-publica-editais-para-preenchimento-de-mais-de-17-mil-vagas-na-carreira-da-educacao\" target=\"_blank\">Clique aqui e saiba mais<\/a>.<\/p>\n<p><strong><em>(Ag\u00eancia Minas)<\/em><\/strong><\/p>\n","protected":false},"excerpt":{"rendered":"<p>Para participar do processo seletivo, o candidato deve ser ind\u00edgena e pertencer \u00e0 etnia da aldeia onde dever\u00e1 exercer as suas atividades O\u00a0Governo de Minas\u00a0publicou no\u00a0Di\u00e1rio Oficial dos Poderes do Estado\u00a0de s\u00e1bado (29\/11) o extrato do edital Seplag\/SEE 07\/2014. O concurso \u00e9 voltado para o provimento de cargos das carreiras de Assistente T\u00e9cnico de Educa\u00e7\u00e3o [&hellip;]<\/p>\n","protected":false},"author":1,"featured_media":13951,"comment_status":"open","ping_status":"closed","sticky":false,"template":"","format":"standard","meta":{"amp_status":"","footnotes":""},"categories":[123],"tags":[25141,25144,700,25143,25142,25145,25140],"class_list":["post-46897","post","type-post","status-publish","format-standard","has-post-thumbnail","hentry","category-gerais","tag-candidato-deve-ser-indigena-e-pertencer-a-etnia-da-aldeia-onde-devera-exercer-as-suas-atividades","tag-cargo-de-professor-em-aldeia-indigena","tag-concurso-publico","tag-concurso-publico-para-dar-aula-em-aldeias-indigenas","tag-concurso-publico-para-indigenas","tag-estado-publica-edital-para-mais-de-400-vagas-em-escolas-estaduais-indigenas","tag-estado-publica-edital-para-mais-de-440-vagas-em-escolas-estaduais-indigenas"],"_links":{"self":[{"href":"https:\/\/aconteceunovale.com.br\/portal\/index.php?rest_route=\/wp\/v2\/posts\/46897","targetHints":{"allow":["GET"]}}],"collection":[{"href":"https:\/\/aconteceunovale.com.br\/portal\/index.php?rest_route=\/wp\/v2\/posts"}],"about":[{"href":"https:\/\/aconteceunovale.com.br\/portal\/index.php?rest_route=\/wp\/v2\/types\/post"}],"author":[{"embeddable":true,"href":"https:\/\/aconteceunovale.com.br\/portal\/index.php?rest_route=\/wp\/v2\/users\/1"}],"replies":[{"embeddable":true,"href":"https:\/\/aconteceunovale.com.br\/portal\/index.php?rest_route=%2Fwp%2Fv2%2Fcomments&post=46897"}],"version-history":[{"count":0,"href":"https:\/\/aconteceunovale.com.br\/portal\/index.php?rest_route=\/wp\/v2\/posts\/46897\/revisions"}],"wp:featuredmedia":[{"embeddable":true,"href":"https:\/\/aconteceunovale.com.br\/portal\/index.php?rest_route=\/wp\/v2\/media\/13951"}],"wp:attachment":[{"href":"https:\/\/aconteceunovale.com.br\/portal\/index.php?rest_route=%2Fwp%2Fv2%2Fmedia&parent=46897"}],"wp:term":[{"taxonomy":"category","embeddable":true,"href":"https:\/\/aconteceunovale.com.br\/portal\/index.php?rest_route=%2Fwp%2Fv2%2Fcategories&post=46897"},{"taxonomy":"post_tag","embeddable":true,"href":"https:\/\/aconteceunovale.com.br\/portal\/index.php?rest_route=%2Fwp%2Fv2%2Ftags&post=46897"}],"curies":[{"name":"wp","href":"https:\/\/api.w.org\/{rel}","templated":true}]}}