{"id":46895,"date":"2014-12-01T13:09:23","date_gmt":"2014-12-01T16:09:23","guid":{"rendered":"http:\/\/aconteceunovale.com.br\/portal\/?p=46895"},"modified":"2014-12-01T13:09:23","modified_gmt":"2014-12-01T16:09:23","slug":"uma-pessoa-morre-duas-ficam-feridas-e-uma-desaparece-em-acidentes-no-norte-de-minas","status":"publish","type":"post","link":"https:\/\/aconteceunovale.com.br\/portal\/?p=46895","title":{"rendered":"Uma pessoa morre, duas ficam feridas e uma desaparece em acidentes no Norte de Minas"},"content":{"rendered":"<h4><strong><em>Um dos acidentes envolveu duas motocicletas na MG-202, pr\u00f3ximo a Uba\u00ed. Em Cora\u00e7\u00e3o de Jesus, motorista desapareceu ap\u00f3s carro cair em rio.<\/em><\/strong><\/h4>\n<p>Um homem de 31 anos morreu e duas pessoas ficaram feridas em um acidente no \u00faltimo s\u00e1bado (29), na MG-202, pr\u00f3ximo a Uba\u00ed, no Norte do Estado de Minas Gerais.<\/p>\n<p>Segundo a PM, o acidente envolveu duas motocicletas. Os condutores vinham em sentido contr\u00e1rio, quando bateram. Com o impacto da batida, o condutor de um dos ve\u00edculos morreu no local. O outro motorista e uma passageira tiveram ferimentos e foram encaminhados para atendimento m\u00e9dico. O corpo do condutor de 31 anos foi levado para o Instituto M\u00e9dico Legal de Janu\u00e1ria.<\/p>\n<h4>Motorista desaparece em Cora\u00e7\u00e3o de Jesus<\/h4>\n<p>Um motorista de um carro de passeio caiu de uma ponte dentro do Rio Riach\u00e3o, em Pedra Preta, zona rural de Cora\u00e7\u00e3o de Jesus. O acidente foi na madrugada desta segunda (1), e o condutor est\u00e1 desaparecido.<\/p>\n<p>De acordo com o Corpo de Bombeiros, dois passageiros estavam dentro do carro e conseguiram sair sem ferimentos. O ve\u00edculo caiu de uma altura de tr\u00eas metros. Os bombeiros de Montes Claros fazem buscas no rio e nas proximidades para localizar o motorista na manh\u00e3 desta segunda-feira. (G1)<\/p>\n","protected":false},"excerpt":{"rendered":"<p>Um dos acidentes envolveu duas motocicletas na MG-202, pr\u00f3ximo a Uba\u00ed. Em Cora\u00e7\u00e3o de Jesus, motorista desapareceu ap\u00f3s carro cair em rio. Um homem de 31 anos morreu e duas pessoas ficaram feridas em um acidente no \u00faltimo s\u00e1bado (29), na MG-202, pr\u00f3ximo a Uba\u00ed, no Norte do Estado de Minas Gerais. Segundo a PM, [&hellip;]<\/p>\n","protected":false},"author":1,"featured_media":42404,"comment_status":"open","ping_status":"closed","sticky":false,"template":"","format":"standard","meta":{"amp_status":"","footnotes":""},"categories":[1236],"tags":[25137,25138,1801,25136,205,210,25139,1712],"class_list":["post-46895","post","type-post","status-publish","format-standard","has-post-thumbnail","hentry","category-norte_de_minas","tag-acidente-proximo-a-ubai","tag-carro-cai-dentro-de-rio-e-motorista-desaparece-em-coracao-de-jesus","tag-coracao-de-jesus","tag-homem-morre-e-duas-pessoas-ficam-feridas-em-acidente-proximo-a-ubai","tag-januaria","tag-montes-claros","tag-motorista-desaparece-em-coracao-de-jesus","tag-ubai"],"_links":{"self":[{"href":"https:\/\/aconteceunovale.com.br\/portal\/index.php?rest_route=\/wp\/v2\/posts\/46895","targetHints":{"allow":["GET"]}}],"collection":[{"href":"https:\/\/aconteceunovale.com.br\/portal\/index.php?rest_route=\/wp\/v2\/posts"}],"about":[{"href":"https:\/\/aconteceunovale.com.br\/portal\/index.php?rest_route=\/wp\/v2\/types\/post"}],"author":[{"embeddable":true,"href":"https:\/\/aconteceunovale.com.br\/portal\/index.php?rest_route=\/wp\/v2\/users\/1"}],"replies":[{"embeddable":true,"href":"https:\/\/aconteceunovale.com.br\/portal\/index.php?rest_route=%2Fwp%2Fv2%2Fcomments&post=46895"}],"version-history":[{"count":0,"href":"https:\/\/aconteceunovale.com.br\/portal\/index.php?rest_route=\/wp\/v2\/posts\/46895\/revisions"}],"wp:featuredmedia":[{"embeddable":true,"href":"https:\/\/aconteceunovale.com.br\/portal\/index.php?rest_route=\/wp\/v2\/media\/42404"}],"wp:attachment":[{"href":"https:\/\/aconteceunovale.com.br\/portal\/index.php?rest_route=%2Fwp%2Fv2%2Fmedia&parent=46895"}],"wp:term":[{"taxonomy":"category","embeddable":true,"href":"https:\/\/aconteceunovale.com.br\/portal\/index.php?rest_route=%2Fwp%2Fv2%2Fcategories&post=46895"},{"taxonomy":"post_tag","embeddable":true,"href":"https:\/\/aconteceunovale.com.br\/portal\/index.php?rest_route=%2Fwp%2Fv2%2Ftags&post=46895"}],"curies":[{"name":"wp","href":"https:\/\/api.w.org\/{rel}","templated":true}]}}