{"id":46885,"date":"2014-12-01T12:27:18","date_gmt":"2014-12-01T15:27:18","guid":{"rendered":"http:\/\/aconteceunovale.com.br\/portal\/?p=46885"},"modified":"2014-12-01T12:27:18","modified_gmt":"2014-12-01T15:27:18","slug":"estudantes-de-aracuai-participam-de-caminhada-pelo-dia-mundial-da-luta-contra-a-aids","status":"publish","type":"post","link":"https:\/\/aconteceunovale.com.br\/portal\/?p=46885","title":{"rendered":"Estudantes de Ara\u00e7ua\u00ed participam de caminhada pelo Dia Mundial da Luta contra a Aids"},"content":{"rendered":"<h4><strong><em>Milhares de estudantes sa\u00edram em caminhada pelas ruas do centro de Ara\u00e7ua\u00ed na manh\u00e3 de segunda-feira (1\/12) para lembrar o Dia Mundial de Combate a Aids.<\/em><\/strong><\/h4>\n<p>Cerca de 1200 estudantes de 9 escolas p\u00fablicas de Ara\u00e7ua\u00ed, no Vale do Jequitinhonha, participaram na manh\u00e3 desta segunda-feira (01\/12) da Caminhada pelo Dia Mundial da Luta contra a Aids. Entre os objetivos da campanha est\u00e3o a desconstru\u00e7\u00e3o do preconceito sobre as pessoas vivendo com HIV\/AIDS e a conscientiza\u00e7\u00e3o dos jovens sobre comportamentos seguros de preven\u00e7\u00e3o.<\/p>\n<p><img decoding=\"async\" src=\"http:\/\/aconteceunovale.com.br\/portal\/wp-content\/uploads\/2014\/12\/caminhada_aids_ara_1.jpg\" alt=\"\" \/><em>Cartazes chamaram a aten\u00e7\u00e3o para o problema da doen\u00e7a &#8211; Foto: Gazeta de Ara\u00e7ua\u00ed<\/em><br \/>\n<\/br><\/p>\n<p>A caminhada teve in\u00edcio na pra\u00e7a do F\u00f3rum, finalizando na pra\u00e7a do Mercado Municipal. Os estudantes, acompanhados pela fanfarra da Escola Estadual Dom Jos\u00e9 de Haas, carregavam faixas com frases como Aids n\u00e3o tem preconceito. Porque, voc\u00ea tem? Viver com Aids \u00e9 poss\u00edvel. Com o preconceito n\u00e3o.<\/p>\n<p>O Dia Mundial de Luta Contra a Aids foi institu\u00eddo como forma de despertar a necessidade da preven\u00e7\u00e3o, promover o entendimento sobre a pandemia e incentivar a an\u00e1lise sobre a AIDS pela sociedade e \u00f3rg\u00e3os p\u00fablicos.<\/p>\n<p>No Brasil, a data come\u00e7ou a ser comemorada no final dos anos 1980, envolvendo todos os n\u00edveis de governos e organiza\u00e7\u00f5es sociais.<\/p>\n<p><img decoding=\"async\" src=\"http:\/\/aconteceunovale.com.br\/portal\/wp-content\/uploads\/2014\/12\/caminhada_aids_ara_2.jpg\" alt=\"\" \/><em>Fanfarra da Escola Dom Jos\u00e9 animou a caminhada &#8211; Foto: Gazeta de Ara\u00e7ua\u00ed<\/em><br \/>\n<\/br><\/p>\n<h4>Aids avan\u00e7a nos Vales do Jequitinhonha e Mucuri<\/h4>\n<p>De acordo com dados da Secretaria Municipal da Sa\u00fade, em Ara\u00e7ua\u00ed existem 35 casos confirmados e 51 na microrregi\u00e3o que abrange os munic\u00edpios de Francisco Badar\u00f3, Berilo, Jenipapo de Minas, Coronel Murta e Virgem da Lapa.<\/p>\n<p>\u201cS\u00e3o n\u00fameros expressivos e preocupantes\u201d, diz a secret\u00e1ria de Sa\u00fade de Ara\u00e7ua\u00ed, Zuzu Loredo Rocha. \u201cEles podem ser superiores, j\u00e1 que muitos afetados n\u00e3o procuram as unidades de Sa\u00fade\u201d, acredita a secret\u00e1ria.<\/p>\n<p>O Minist\u00e9rio da Sa\u00fade preconiza que a cada caso confirmado, outros 10 soropositivos n\u00e3o sabem da poss\u00edvel contamina\u00e7\u00e3o.<\/p>\n<p>Estima-se que pelo menos 4 mil pessoas tenham contra\u00eddo a doen\u00e7a nos \u00faltimos 15 anos na regi\u00e3o dos Vales do Jequitinhonha e Mucuri.<\/p>\n<p>A estimativa tem como base os n\u00fameros de casos confirmados pela Secretaria de Estado da Sa\u00fade. Pontos de prostitui\u00e7\u00e3o espalhados ao longo da BR-116 s\u00e3o considerados focos de propaga\u00e7\u00e3o da doen\u00e7a.<\/p>\n<p>Levantamento recente feito pela Pol\u00edcia Rodovi\u00e1ria Federal, aponta que somente num raio de 50 km da rodovia, entre Itaobim e Padre Para\u00edso, no Vale do Jequitinhonha e Te\u00f3filo Otoni, no Vale do Mucuri, existem cerca de 50 locais de prostitui\u00e7\u00e3o. A maioria, bares e restaurantes de fachada, al\u00e9m de postos de combust\u00edveis.<\/p>\n<p>Os locais s\u00e3o usados principalmente por caminhoneiros, para pernoitarem e neles, s\u00e3o comuns a presen\u00e7a de travestis e prostitutas que cobram de R$15 a R$30 por programa. Algumas mulheres chegam a fazer at\u00e9 cinco programas por noite. As rela\u00e7\u00f5es acontecem geralmente dentro dos caminh\u00f5es.<\/p>\n<p>A Coordenadoria do Programa DST\/Aids da Secretaria de Estado da Sa\u00fade afirma que as campanhas especiais de preven\u00e7\u00e3o s\u00e3o executadas periodicamente, para segmentos espec\u00edficos da popula\u00e7\u00e3o, como prostitutas e homossexuais.<\/p>\n<p>Para os estudantes Natan Vieira dos Santos e V\u00edtor Santos, ambos de 15 anos, muitos jovens n\u00e3o est\u00e3o se protegendo. Eles defendem mais campanhas de conscientiza\u00e7\u00e3o e palestras nas escolas, sobre a doen\u00e7a.<\/p>\n<p><img decoding=\"async\" src=\"http:\/\/aconteceunovale.com.br\/portal\/wp-content\/uploads\/2014\/12\/caminhada_aids_ara_3.jpg\" alt=\"\" \/><em>Cerca de 1200 pessoas participaram da caminhada em Ara\u00e7ua\u00ed &#8211; Foto: Gazeta de Ara\u00e7ua\u00ed<\/em><br \/>\n<\/br><\/p>\n<p><strong><em>(Gazeta de Ara\u00e7ua\u00ed)<\/em><\/strong><\/p>\n","protected":false},"excerpt":{"rendered":"<p>Milhares de estudantes sa\u00edram em caminhada pelas ruas do centro de Ara\u00e7ua\u00ed na manh\u00e3 de segunda-feira (1\/12) para lembrar o Dia Mundial de Combate a Aids. Cerca de 1200 estudantes de 9 escolas p\u00fablicas de Ara\u00e7ua\u00ed, no Vale do Jequitinhonha, participaram na manh\u00e3 desta segunda-feira (01\/12) da Caminhada pelo Dia Mundial da Luta contra a [&hellip;]<\/p>\n","protected":false},"author":1,"featured_media":46886,"comment_status":"open","ping_status":"closed","sticky":false,"template":"","format":"standard","meta":{"amp_status":"","footnotes":""},"categories":[120],"tags":[186,841,25129,25127,25128,483,25126,25130,187,1218,482],"class_list":["post-46885","post","type-post","status-publish","format-standard","has-post-thumbnail","hentry","category-jequi","tag-aracuai","tag-berilo","tag-caminhada-pelo-dia-mundial-da-luta-contra-a-aids","tag-combate-a-aids","tag-combate-ao-hiv","tag-coronel-murta","tag-dia-mundial-de-combate-a-aids","tag-estudantes-de-aracuai-participam-de-caminhada-pelo-dia-mundial-da-luta-contra-a-aids","tag-francisco-badaro","tag-jenipapo-de-minas","tag-virgem-da-lapa"],"_links":{"self":[{"href":"https:\/\/aconteceunovale.com.br\/portal\/index.php?rest_route=\/wp\/v2\/posts\/46885","targetHints":{"allow":["GET"]}}],"collection":[{"href":"https:\/\/aconteceunovale.com.br\/portal\/index.php?rest_route=\/wp\/v2\/posts"}],"about":[{"href":"https:\/\/aconteceunovale.com.br\/portal\/index.php?rest_route=\/wp\/v2\/types\/post"}],"author":[{"embeddable":true,"href":"https:\/\/aconteceunovale.com.br\/portal\/index.php?rest_route=\/wp\/v2\/users\/1"}],"replies":[{"embeddable":true,"href":"https:\/\/aconteceunovale.com.br\/portal\/index.php?rest_route=%2Fwp%2Fv2%2Fcomments&post=46885"}],"version-history":[{"count":0,"href":"https:\/\/aconteceunovale.com.br\/portal\/index.php?rest_route=\/wp\/v2\/posts\/46885\/revisions"}],"wp:featuredmedia":[{"embeddable":true,"href":"https:\/\/aconteceunovale.com.br\/portal\/index.php?rest_route=\/wp\/v2\/media\/46886"}],"wp:attachment":[{"href":"https:\/\/aconteceunovale.com.br\/portal\/index.php?rest_route=%2Fwp%2Fv2%2Fmedia&parent=46885"}],"wp:term":[{"taxonomy":"category","embeddable":true,"href":"https:\/\/aconteceunovale.com.br\/portal\/index.php?rest_route=%2Fwp%2Fv2%2Fcategories&post=46885"},{"taxonomy":"post_tag","embeddable":true,"href":"https:\/\/aconteceunovale.com.br\/portal\/index.php?rest_route=%2Fwp%2Fv2%2Ftags&post=46885"}],"curies":[{"name":"wp","href":"https:\/\/api.w.org\/{rel}","templated":true}]}}