{"id":46878,"date":"2014-12-01T12:15:57","date_gmt":"2014-12-01T15:15:57","guid":{"rendered":"http:\/\/aconteceunovale.com.br\/portal\/?p=46878"},"modified":"2014-12-01T12:15:57","modified_gmt":"2014-12-01T15:15:57","slug":"caminhonete-capota-e-deixa-cinco-pessoas-feridas-na-rodovia-entre-coronel-murta-e-aracuai","status":"publish","type":"post","link":"https:\/\/aconteceunovale.com.br\/portal\/?p=46878","title":{"rendered":"Caminhonete capota e deixa cinco pessoas feridas na rodovia entre Coronel Murta e Ara\u00e7ua\u00ed"},"content":{"rendered":"<h4><strong><em>O acidente aconteceu na noite de domingo (30). Os cinco ocupantes do carro foram socorridos e encaminhados para atendimento m\u00e9dico em Ara\u00e7ua\u00ed.<\/em><\/strong><\/h4>\n<p>Cinco pessoas ficaram feridas em um acidente na noite desse domingo, 30 de novembro, na altura do quil\u00f4metro 331 da MGT-342, entre os munic\u00edpios de Coronel Murta e Ara\u00e7ua\u00ed, no Vale do Jequitinhonha. <\/p>\n<p><img decoding=\"async\" src=\"http:\/\/aconteceunovale.com.br\/portal\/wp-content\/uploads\/2014\/12\/acidente_cm_ara_2.jpg\" alt=\"\" \/><em>Acidente aconteceu no KM 331 da MGT-342 &#8211; Foto: Rep\u00f3rter Dinda da R\u00e1dio L\u00edder<\/em><br \/>\n<\/br><\/p>\n<p>De acordo com informa\u00e7\u00f5es, o condutor da caminhonete Mitsubishi, placa OLP-7779, de Lambari (MG), Denner Canizio Soares Vieira, de 23 anos, perdeu o controle da dire\u00e7\u00e3o, saiu da pista e capotou v\u00e1rias vezes. <\/p>\n<p>Com o impacto do acidente, os ocupantes do ve\u00edculo sofreram v\u00e1rios ferimentos e foram encaminhados para atendimento m\u00e9dico no hospital S\u00e3o Vicente de Paulo, em Ara\u00e7ua\u00ed.<\/p>\n<p>O motorista est\u00e1 inconsciente e devido \u00e0 gravidade dos ferimentos, dever\u00e1 ser transferido para outro hospital. De acordo com a Pol\u00edcia Rodovi\u00e1ria, ele \u00e9 habilitado.<\/p>\n<p>A comerci\u00e1ria Mayane Santos Soares, 21 anos, est\u00e1 com suspeita de fratura de v\u00e9rtebras. A irm\u00e3 dela, V\u00e2nia Aparecida Santos Soares, de 18 anos, apresenta fortes dores lombares. Ambas continuar\u00e3o internadas.<\/p>\n<p>Ainda segundo a Pol\u00edcia Rodovi\u00e1ria, Mayane Soares e o motorista foram arremessados para fora do ve\u00edculo e h\u00e1 suspeita que eles n\u00e3o usavam o cinto de seguran\u00e7a.<\/p>\n<p>Os outros passageiros, Renato Santos Silva, de 22 anos e Izabela Ara\u00fajo Santos, de 19, sofreram apenas escoria\u00e7\u00f5es e n\u00e3o correm risco de morte.<\/p>\n<p>A curva onde ocorreu o acidente \u00e9 acentuada e no local j\u00e1 foram registrados outros acidentes com v\u00edtimas fatais.<\/p>\n<p><img decoding=\"async\" src=\"http:\/\/aconteceunovale.com.br\/portal\/wp-content\/uploads\/2014\/12\/acidente_cm_ara_1.jpg\" alt=\"\" \/><em>Acidente aconteceu no KM 331 da MGT-342 &#8211; Foto: Rep\u00f3rter Dinda da R\u00e1dio L\u00edder<\/em><br \/>\n<\/br><\/p>\n<p><img decoding=\"async\" src=\"http:\/\/aconteceunovale.com.br\/portal\/wp-content\/uploads\/2014\/12\/acidente_cm_ara_3.jpg\" alt=\"\" \/><em>Acidente aconteceu no KM 331 da MGT-342 &#8211; Foto: Rep\u00f3rter Dinda da R\u00e1dio L\u00edder<\/em><br \/>\n<\/br><\/p>\n<p><img decoding=\"async\" src=\"http:\/\/aconteceunovale.com.br\/portal\/wp-content\/uploads\/2014\/12\/acidente_cm_ara_4.jpg\" alt=\"\" \/><em>Acidente aconteceu no KM 331 da MGT-342 &#8211; Foto: Rep\u00f3rter Dinda da R\u00e1dio L\u00edder<\/em><br \/>\n<\/br><\/p>\n<p><img decoding=\"async\" src=\"http:\/\/aconteceunovale.com.br\/portal\/wp-content\/uploads\/2014\/12\/acidente_cm_ara_5.jpg\" alt=\"\" \/><em>Acidente aconteceu no KM 331 da MGT-342 &#8211; Foto: Rep\u00f3rter Dinda da R\u00e1dio L\u00edder<\/em><br \/>\n<\/br><\/p>\n<p><strong><em>(Gazeta de Ara\u00e7ua\u00ed)<\/em><\/strong><\/p>\n","protected":false},"excerpt":{"rendered":"<p>O acidente aconteceu na noite de domingo (30). Os cinco ocupantes do carro foram socorridos e encaminhados para atendimento m\u00e9dico em Ara\u00e7ua\u00ed. Cinco pessoas ficaram feridas em um acidente na noite desse domingo, 30 de novembro, na altura do quil\u00f4metro 331 da MGT-342, entre os munic\u00edpios de Coronel Murta e Ara\u00e7ua\u00ed, no Vale do Jequitinhonha. [&hellip;]<\/p>\n","protected":false},"author":1,"featured_media":46880,"comment_status":"open","ping_status":"closed","sticky":false,"template":"","format":"standard","meta":{"amp_status":"","footnotes":""},"categories":[120],"tags":[25124,25123,25120,25121,25122,186,25125,483,25115,1018,25119,1623,25116,25118,25117],"class_list":["post-46878","post","type-post","status-publish","format-standard","has-post-thumbnail","hentry","category-jequi","tag-acidente-com-pessoas-de-aracuai","tag-acidente-em-coronel-murta","tag-acidente-entre-aracuai-e-coronel-murta","tag-acidente-na-curva-de-ze-cardoso-em-coronel-murta","tag-acidente-perto-de-coronel-murta","tag-aracuai","tag-caminhonete-capota-e-deixa-cinco-pessoas-feridas-na-rodovia-entre-coronel-murta-e-aracuai","tag-coronel-murta","tag-denner-canizio-soares-vieira","tag-destaque","tag-izabela-araujo-santos","tag-lambari","tag-mayane-santos-soares","tag-renato-santos-silva","tag-vania-aparecida-santos-soares"],"_links":{"self":[{"href":"https:\/\/aconteceunovale.com.br\/portal\/index.php?rest_route=\/wp\/v2\/posts\/46878","targetHints":{"allow":["GET"]}}],"collection":[{"href":"https:\/\/aconteceunovale.com.br\/portal\/index.php?rest_route=\/wp\/v2\/posts"}],"about":[{"href":"https:\/\/aconteceunovale.com.br\/portal\/index.php?rest_route=\/wp\/v2\/types\/post"}],"author":[{"embeddable":true,"href":"https:\/\/aconteceunovale.com.br\/portal\/index.php?rest_route=\/wp\/v2\/users\/1"}],"replies":[{"embeddable":true,"href":"https:\/\/aconteceunovale.com.br\/portal\/index.php?rest_route=%2Fwp%2Fv2%2Fcomments&post=46878"}],"version-history":[{"count":0,"href":"https:\/\/aconteceunovale.com.br\/portal\/index.php?rest_route=\/wp\/v2\/posts\/46878\/revisions"}],"wp:featuredmedia":[{"embeddable":true,"href":"https:\/\/aconteceunovale.com.br\/portal\/index.php?rest_route=\/wp\/v2\/media\/46880"}],"wp:attachment":[{"href":"https:\/\/aconteceunovale.com.br\/portal\/index.php?rest_route=%2Fwp%2Fv2%2Fmedia&parent=46878"}],"wp:term":[{"taxonomy":"category","embeddable":true,"href":"https:\/\/aconteceunovale.com.br\/portal\/index.php?rest_route=%2Fwp%2Fv2%2Fcategories&post=46878"},{"taxonomy":"post_tag","embeddable":true,"href":"https:\/\/aconteceunovale.com.br\/portal\/index.php?rest_route=%2Fwp%2Fv2%2Ftags&post=46878"}],"curies":[{"name":"wp","href":"https:\/\/api.w.org\/{rel}","templated":true}]}}