{"id":46862,"date":"2014-12-01T11:11:05","date_gmt":"2014-12-01T14:11:05","guid":{"rendered":"http:\/\/aconteceunovale.com.br\/portal\/?p=46862"},"modified":"2014-12-01T11:11:05","modified_gmt":"2014-12-01T14:11:05","slug":"lider-indigena-e-preso-com-arma-no-aeroporto-de-montes-claros","status":"publish","type":"post","link":"https:\/\/aconteceunovale.com.br\/portal\/?p=46862","title":{"rendered":"L\u00edder ind\u00edgena \u00e9 preso com arma no aeroporto de Montes Claros"},"content":{"rendered":"<h4><strong><em>Homem disse que estaria sendo amea\u00e7ado de morte e foi encaminhado para a Pol\u00edcia Federal<\/em><\/strong><\/h4>\n<p>Um l\u00edder ind\u00edgena foi detido em flagrante na tarde do \u00faltimo domingo (30) tentando embarcar em uma aeronave armado. Segundo a PM (Pol\u00edcia Militar), o fato aconteceu no Aeroporto de Montes Claros, no norte de Minas Gerais. <\/p>\n<p>Ainda conforme a PM, a arma estaria dentro de uma bolsa e foi detectada quando o ind\u00edgena passava pelo aparelho de raio-x. Ap\u00f3s a identifica\u00e7\u00e3o da arma, os seguran\u00e7as do terminal vistoriaram a bagagem do suspeito e encontraram um rev\u00f3lver calibre 38 carregado com cinco muni\u00e7\u00f5es intactas. Outros quatro cartuchos intactos tamb\u00e9m foram localizados na pochete do homem.  <\/p>\n<p>Ao ser questionado sobre a arma e as muni\u00e7\u00f5es, o suspeito afirmou que seria l\u00edder ind\u00edgena em S\u00e3o Jo\u00e3o das Miss\u00f5es, na mesma regi\u00e3o, e estaria sendo perseguido e amea\u00e7ado de morte. Ele tamb\u00e9m apresentou o documento de identidade expedido pela Funai (Funda\u00e7\u00e3o Nacional do \u00cdndio), mas foi encaminhado \u00e0 Delegacia da Pol\u00edcia Federal. (R7)<\/p>\n","protected":false},"excerpt":{"rendered":"<p>Homem disse que estaria sendo amea\u00e7ado de morte e foi encaminhado para a Pol\u00edcia Federal Um l\u00edder ind\u00edgena foi detido em flagrante na tarde do \u00faltimo domingo (30) tentando embarcar em uma aeronave armado. Segundo a PM (Pol\u00edcia Militar), o fato aconteceu no Aeroporto de Montes Claros, no norte de Minas Gerais. Ainda conforme a [&hellip;]<\/p>\n","protected":false},"author":1,"featured_media":46863,"comment_status":"open","ping_status":"closed","sticky":false,"template":"","format":"standard","meta":{"amp_status":"","footnotes":""},"categories":[1236],"tags":[25099,25098,25100,210,1810],"class_list":["post-46862","post","type-post","status-publish","format-standard","has-post-thumbnail","hentry","category-norte_de_minas","tag-aeroporto-de-montes-claros","tag-lider-indigena-e-preso-com-arma-no-aeroporto-de-montes-claros","tag-lider-indigena-em-sao-joao-das-missoes","tag-montes-claros","tag-sao-joao-das-missoes"],"_links":{"self":[{"href":"https:\/\/aconteceunovale.com.br\/portal\/index.php?rest_route=\/wp\/v2\/posts\/46862","targetHints":{"allow":["GET"]}}],"collection":[{"href":"https:\/\/aconteceunovale.com.br\/portal\/index.php?rest_route=\/wp\/v2\/posts"}],"about":[{"href":"https:\/\/aconteceunovale.com.br\/portal\/index.php?rest_route=\/wp\/v2\/types\/post"}],"author":[{"embeddable":true,"href":"https:\/\/aconteceunovale.com.br\/portal\/index.php?rest_route=\/wp\/v2\/users\/1"}],"replies":[{"embeddable":true,"href":"https:\/\/aconteceunovale.com.br\/portal\/index.php?rest_route=%2Fwp%2Fv2%2Fcomments&post=46862"}],"version-history":[{"count":0,"href":"https:\/\/aconteceunovale.com.br\/portal\/index.php?rest_route=\/wp\/v2\/posts\/46862\/revisions"}],"wp:featuredmedia":[{"embeddable":true,"href":"https:\/\/aconteceunovale.com.br\/portal\/index.php?rest_route=\/wp\/v2\/media\/46863"}],"wp:attachment":[{"href":"https:\/\/aconteceunovale.com.br\/portal\/index.php?rest_route=%2Fwp%2Fv2%2Fmedia&parent=46862"}],"wp:term":[{"taxonomy":"category","embeddable":true,"href":"https:\/\/aconteceunovale.com.br\/portal\/index.php?rest_route=%2Fwp%2Fv2%2Fcategories&post=46862"},{"taxonomy":"post_tag","embeddable":true,"href":"https:\/\/aconteceunovale.com.br\/portal\/index.php?rest_route=%2Fwp%2Fv2%2Ftags&post=46862"}],"curies":[{"name":"wp","href":"https:\/\/api.w.org\/{rel}","templated":true}]}}