{"id":46851,"date":"2014-12-01T10:32:22","date_gmt":"2014-12-01T13:32:22","guid":{"rendered":"http:\/\/aconteceunovale.com.br\/portal\/?p=46851"},"modified":"2014-12-01T11:13:42","modified_gmt":"2014-12-01T14:13:42","slug":"casal-morre-em-acidente-envolvendo-carro-e-carreta-na-br-381","status":"publish","type":"post","link":"https:\/\/aconteceunovale.com.br\/portal\/?p=46851","title":{"rendered":"Casal morre em acidente envolvendo carro e carreta na BR-381"},"content":{"rendered":"<p>Um casal morreu nesse domingo, 30 de novembro, em um acidente na BR-381, em Bela Vista de Minas. Segundo informa\u00e7\u00f5es da Pol\u00edcia Rodovi\u00e1ria Federal (PRF), o acidente aconteceu no KM 344, no trecho conhecido como &#8220;Curva da Biquinha&#8221;, a menos de 100 metros de um redutor de velocidade eletr\u00f4nico. <\/p>\n<p><img decoding=\"async\" src=\"http:\/\/aconteceunovale.com.br\/portal\/wp-content\/uploads\/2014\/12\/acidente_381_30_11_1.jpg\" alt=\"\" \/><em>Vectra ficou completamente destru\u00eddo ap\u00f3s a colis\u00e3o &#8211; Foto: Bell Silva\/ O Popular JM<\/em><br \/>\n<\/br><\/p>\n<p>O caminhoneiro Carlos Nascimento contou que seguia de Sete Lagoas \u00e0 Ipatinga quando foi surpreendido, na curva, pelo carro j\u00e1 rodando na pista, em alta velocidade. Ele tentou desviar a carreta, mas os ve\u00edculos colidiram de frente. <\/p>\n<p>O Vectra, conduzido por Jorge Tsuyoshi Mitsuichi, de 65 anos, ficou destru\u00eddo. No mesmo ve\u00edculo viajava Marlene Otaviana da Silva, 54, que ficou presa nas ferragens. O casal n\u00e3o resistiu aos ferimentos e morreu no local.<\/p>\n<p>Um caminhoneiro que vinha atr\u00e1s do Vectra contou que o carro viajava em alta velocidade e teria efetuado algumas ultrapassagens em local proibido. <\/p>\n<p>Uma equipe do Servi\u00e7o Volunt\u00e1rio de Resgate (Sevor) de Jo\u00e3o Monlevade foi at\u00e9 o local e usou um alicate hidr\u00e1ulico para cortar parte da lateria do ve\u00edculo. <\/p>\n<p>A rodovia ficou fechada nos dois sentidos por cerca de 2h at\u00e9 que os ve\u00edculos fossem retirados. A PRF usou serragem para ajudar a remover o \u00f3leo da pista.<\/p>\n<p><img decoding=\"async\" src=\"http:\/\/aconteceunovale.com.br\/portal\/wp-content\/uploads\/2014\/12\/acidente_381_30_11_2.jpg\" alt=\"\" \/><em>Vectra ficou completamente destru\u00eddo ap\u00f3s a colis\u00e3o &#8211; Foto: Bell Silva\/ O Popular JM<\/em><br \/>\n<\/br><\/p>\n<p><img decoding=\"async\" src=\"http:\/\/aconteceunovale.com.br\/portal\/wp-content\/uploads\/2014\/12\/acidente_381_30_11_3.jpg\" alt=\"\" \/><em>Vectra ficou completamente destru\u00eddo ap\u00f3s a colis\u00e3o &#8211; Foto: Bell Silva\/ O Popular JM<\/em><br \/>\n<\/br><\/p>\n<p><img decoding=\"async\" src=\"http:\/\/aconteceunovale.com.br\/portal\/wp-content\/uploads\/2014\/12\/acidente_381_30_11_3.jpg\" alt=\"\" \/><em>Vectra ficou completamente destru\u00eddo ap\u00f3s a colis\u00e3o &#8211; Foto: Bell Silva\/ O Popular JM<\/em><br \/>\n<\/br><\/p>\n<p><img decoding=\"async\" src=\"http:\/\/aconteceunovale.com.br\/portal\/wp-content\/uploads\/2014\/12\/acidente_381_30_11_4.jpg\" alt=\"\" \/><em>Vectra ficou completamente destru\u00eddo ap\u00f3s a colis\u00e3o &#8211; Foto: Bell Silva\/ O Popular JM<\/em><br \/>\n<\/br><\/p>\n<p><img decoding=\"async\" src=\"http:\/\/aconteceunovale.com.br\/portal\/wp-content\/uploads\/2014\/12\/acidente_381_30_11_71.jpg\" alt=\"\" \/><em>Carreta envolvida no acidente &#8211; Foto: Bell Silva\/ O Popular JM<\/em><br \/>\n<\/br><\/p>\n<p><img decoding=\"async\" src=\"http:\/\/aconteceunovale.com.br\/portal\/wp-content\/uploads\/2014\/12\/acidente_381_30_11_81.jpg\" alt=\"\" \/><em>Carreta envolvida no acidente &#8211; Foto: Bell Silva\/ O Popular JM<\/em><br \/>\n<\/br><\/p>\n<p><strong><em>(O Popular JM)<\/em><\/strong><\/p>\n","protected":false},"excerpt":{"rendered":"<p>Um casal morreu nesse domingo, 30 de novembro, em um acidente na BR-381, em Bela Vista de Minas. Segundo informa\u00e7\u00f5es da Pol\u00edcia Rodovi\u00e1ria Federal (PRF), o acidente aconteceu no KM 344, no trecho conhecido como &#8220;Curva da Biquinha&#8221;, a menos de 100 metros de um redutor de velocidade eletr\u00f4nico. Vectra ficou completamente destru\u00eddo ap\u00f3s a [&hellip;]<\/p>\n","protected":false},"author":1,"featured_media":46852,"comment_status":"open","ping_status":"closed","sticky":false,"template":"","format":"standard","meta":{"amp_status":"","footnotes":""},"categories":[123],"tags":[1726,25095,25101,201,1102,25096,25097,1532],"class_list":["post-46851","post","type-post","status-publish","format-standard","has-post-thumbnail","hentry","category-gerais","tag-bela-vista-de-minas","tag-carlos-nascimento","tag-casal-morre-em-acidente-envolvendo-carro-e-carreta-na-br-381","tag-ipatinga","tag-joao-monlevade","tag-jorge-tsuyoshi-mitsuichi","tag-marlene-otaviana-da-silva","tag-sete-lagoas"],"_links":{"self":[{"href":"https:\/\/aconteceunovale.com.br\/portal\/index.php?rest_route=\/wp\/v2\/posts\/46851","targetHints":{"allow":["GET"]}}],"collection":[{"href":"https:\/\/aconteceunovale.com.br\/portal\/index.php?rest_route=\/wp\/v2\/posts"}],"about":[{"href":"https:\/\/aconteceunovale.com.br\/portal\/index.php?rest_route=\/wp\/v2\/types\/post"}],"author":[{"embeddable":true,"href":"https:\/\/aconteceunovale.com.br\/portal\/index.php?rest_route=\/wp\/v2\/users\/1"}],"replies":[{"embeddable":true,"href":"https:\/\/aconteceunovale.com.br\/portal\/index.php?rest_route=%2Fwp%2Fv2%2Fcomments&post=46851"}],"version-history":[{"count":0,"href":"https:\/\/aconteceunovale.com.br\/portal\/index.php?rest_route=\/wp\/v2\/posts\/46851\/revisions"}],"wp:featuredmedia":[{"embeddable":true,"href":"https:\/\/aconteceunovale.com.br\/portal\/index.php?rest_route=\/wp\/v2\/media\/46852"}],"wp:attachment":[{"href":"https:\/\/aconteceunovale.com.br\/portal\/index.php?rest_route=%2Fwp%2Fv2%2Fmedia&parent=46851"}],"wp:term":[{"taxonomy":"category","embeddable":true,"href":"https:\/\/aconteceunovale.com.br\/portal\/index.php?rest_route=%2Fwp%2Fv2%2Fcategories&post=46851"},{"taxonomy":"post_tag","embeddable":true,"href":"https:\/\/aconteceunovale.com.br\/portal\/index.php?rest_route=%2Fwp%2Fv2%2Ftags&post=46851"}],"curies":[{"name":"wp","href":"https:\/\/api.w.org\/{rel}","templated":true}]}}