{"id":46846,"date":"2014-12-01T10:06:20","date_gmt":"2014-12-01T13:06:20","guid":{"rendered":"http:\/\/aconteceunovale.com.br\/portal\/?p=46846"},"modified":"2014-12-01T10:06:20","modified_gmt":"2014-12-01T13:06:20","slug":"plantao-do-samu-no-norte-de-minas-gerais-29-e-30-de-novembro-de-2014","status":"publish","type":"post","link":"https:\/\/aconteceunovale.com.br\/portal\/?p=46846","title":{"rendered":"Plant\u00e3o do Samu no Norte de Minas Gerais &#8211; 29 e 30 de novembro de 2014"},"content":{"rendered":"<h4><em><strong>Final de semana, 29 e 30 de novembro de 2014<\/strong><\/em><\/h4>\n<p>A unidade do SAMU de Montes Claros realizou no final de semana, dias 29 e 30\/11, 89 atendimentos, sendo 66 casos cl\u00ednicos; 21 em decorr\u00eancia de acidente de tr\u00e2nsito, 01 por ferimento por arma de fogo e 01 por agress\u00e3o f\u00edsica.<\/p>\n<p>Por volta de 12h de domingo, 30\/11, um rapaz de 20 anos foi ferido por arma de fogo na Avenida Minas Gerais, bairro Renascen\u00e7a. Ele foi atingido por seis tiros e sofreu prov\u00e1vel fratura na perna direita. E por volta das 2h, um homem de 34 anos foi ferido por arma branca na Rua Inglaterra, bairro Nova Su\u00ed\u00e7a. Ela relata ter sido golpeado com uma barra de ferro e apresentava ferimentos na cabe\u00e7a, les\u00e3o na m\u00e3o esquerda e escoria\u00e7\u00f5es no ombro esquerdo. Ainda no domingo foram atendidos seis pessoas v\u00edtimas de acidente de tr\u00e2nsito, todos envolvendo motocicletas.<\/p>\n<p>No s\u00e1bado, foram registrados sete atendimentos a v\u00edtimas de queda de moto, sete feridos em colis\u00e3o entre carro e moto e uma v\u00edtima de colis\u00e3o entre moto e \u00f4nibus. N\u00e3o houve nenhum registro de \u00f3bito entre as v\u00edtimas de acidente de tr\u00e2nsito.<\/p>\n<p>Em todas as ocorr\u00eancias os feridos receberam os primeiros atendimentos no local e foram encaminhados ao hospital para avalia\u00e7\u00e3o.<\/p>\n","protected":false},"excerpt":{"rendered":"<p>Final de semana, 29 e 30 de novembro de 2014 A unidade do SAMU de Montes Claros realizou no final de semana, dias 29 e 30\/11, 89 atendimentos, sendo 66 casos cl\u00ednicos; 21 em decorr\u00eancia de acidente de tr\u00e2nsito, 01 por ferimento por arma de fogo e 01 por agress\u00e3o f\u00edsica. Por volta de 12h [&hellip;]<\/p>\n","protected":false},"author":1,"featured_media":46383,"comment_status":"open","ping_status":"closed","sticky":false,"template":"","format":"standard","meta":{"amp_status":"","footnotes":""},"categories":[1236],"tags":[16094,210,24659,18108,25089,13731,18629,4040],"class_list":["post-46846","post","type-post","status-publish","format-standard","has-post-thumbnail","hentry","category-norte_de_minas","tag-atendimentos-do-samu-de-montes-claros","tag-montes-claros","tag-plantao-do-samu-de-montes-claros","tag-plantao-do-samu-no-norte-de-minas-gerais","tag-plantao-do-samu-no-norte-de-minas-gerais-29-e-30-de-novembro-de-2014","tag-samu","tag-samu-de-montes-claros","tag-samu-macro-norte"],"_links":{"self":[{"href":"https:\/\/aconteceunovale.com.br\/portal\/index.php?rest_route=\/wp\/v2\/posts\/46846","targetHints":{"allow":["GET"]}}],"collection":[{"href":"https:\/\/aconteceunovale.com.br\/portal\/index.php?rest_route=\/wp\/v2\/posts"}],"about":[{"href":"https:\/\/aconteceunovale.com.br\/portal\/index.php?rest_route=\/wp\/v2\/types\/post"}],"author":[{"embeddable":true,"href":"https:\/\/aconteceunovale.com.br\/portal\/index.php?rest_route=\/wp\/v2\/users\/1"}],"replies":[{"embeddable":true,"href":"https:\/\/aconteceunovale.com.br\/portal\/index.php?rest_route=%2Fwp%2Fv2%2Fcomments&post=46846"}],"version-history":[{"count":0,"href":"https:\/\/aconteceunovale.com.br\/portal\/index.php?rest_route=\/wp\/v2\/posts\/46846\/revisions"}],"wp:featuredmedia":[{"embeddable":true,"href":"https:\/\/aconteceunovale.com.br\/portal\/index.php?rest_route=\/wp\/v2\/media\/46383"}],"wp:attachment":[{"href":"https:\/\/aconteceunovale.com.br\/portal\/index.php?rest_route=%2Fwp%2Fv2%2Fmedia&parent=46846"}],"wp:term":[{"taxonomy":"category","embeddable":true,"href":"https:\/\/aconteceunovale.com.br\/portal\/index.php?rest_route=%2Fwp%2Fv2%2Fcategories&post=46846"},{"taxonomy":"post_tag","embeddable":true,"href":"https:\/\/aconteceunovale.com.br\/portal\/index.php?rest_route=%2Fwp%2Fv2%2Ftags&post=46846"}],"curies":[{"name":"wp","href":"https:\/\/api.w.org\/{rel}","templated":true}]}}