{"id":46837,"date":"2014-11-30T21:59:36","date_gmt":"2014-12-01T00:59:36","guid":{"rendered":"http:\/\/aconteceunovale.com.br\/portal\/?p=46837"},"modified":"2014-11-30T21:59:36","modified_gmt":"2014-12-01T00:59:36","slug":"modelos-usam-lencos-na-passarela-do-minas-fashion-world-em-prol-da-prevencao-do-cancer","status":"publish","type":"post","link":"https:\/\/aconteceunovale.com.br\/portal\/?p=46837","title":{"rendered":"Modelos usam len\u00e7os na passarela do Minas Fashion World em prol da preven\u00e7\u00e3o do c\u00e2ncer"},"content":{"rendered":"<h4><strong><em>Evento, que foi realizado neste domingo (30), tem como principal objetivo prevenir o c\u00e2ncer entre mulheres.<\/em><\/strong><\/h4>\n<p>Cerca de 300 modelos com len\u00e7os na cabe\u00e7a subiram na passarela neste domingo (30) como forma de despir o preconceito e incentivar a preven\u00e7\u00e3o do c\u00e2ncer entre mulheres, durante o Minas Fashion World, no hotel Ouro Minas, em Belo Horizonte. Entre elas, Ana Luiza Brasiel, 18, que faz tratamento de c\u00e2ncer de pelve h\u00e1 tr\u00eas anos, n\u00e3o chamou a aten\u00e7\u00e3o pelo acess\u00f3rio que esconde sua queda de cabelo, mas pelo testemunho de esperan\u00e7a que deixou no desfile.<\/p>\n<p>A hist\u00f3ria dela virou o s\u00edmbolo do evento, realizado pela primeira vez em Minas e no Brasil com o intuito n\u00e3o s\u00f3 de promover a moda, mas tamb\u00e9m a preven\u00e7\u00e3o do c\u00e2ncer. \u201cA doen\u00e7a n\u00e3o te impede de ter vida, \u00e9 sofrido, mas tudo tem um jeito\u201d, afirmou a jovem. Nessa demonstra\u00e7\u00e3o de esperan\u00e7a, ela subiu \u00e0 passarela certa de que a doen\u00e7a teve o prop\u00f3sito de faz\u00ea-la realizar o seu sonho. Ela conta que j\u00e1 tinha feito umas fotos, mas acreditava que a vida de modelo era um desejo distante.<\/p>\n<p>&#8220;Sou o testemunho de que h\u00e1 males que v\u00eam para bem. Dessa vez eu nem sofri muito com a quimioterapia. Parece que meu c\u00e2ncer voltou s\u00f3 para que eu pudesse realizar esse sonho\u201d, relata.<\/p>\n<p><img decoding=\"async\" src=\"http:\/\/aconteceunovale.com.br\/portal\/wp-content\/uploads\/2014\/11\/minas_wordl_fashion.jpg\" alt=\"\" \/><em>Modelos usaram len\u00e7os para conscientizar os presentes &#8211; Foto: Fernanda Carvalho\/O Tempo<\/em><br \/>\n<\/br><\/p>\n<p>Enquanto fazia o tratamento contra o c\u00e2ncer, nos \u00faltimos meses, ela foi fotografada e recebeu aulas de passarela. O trabalho rendeu uma exposi\u00e7\u00e3o de fotos e um v\u00eddeo que foi exibido no evento. Durante o Minas Fashion World, ela desfilou roupa produzida por alunos da Uni-BH. \u201cSe eu tiver capacidade, quero seguir carreira\u201d, relatou a jovem.<\/p>\n<p>A diretora do Minas Fashion World, Aline Medlley, disse que escolheu Ana Luiza pela alegria que encontrou nela. \u201cEla tem esperan\u00e7a e brilho no olhar\u201d, comentou. Ela explicou que objetivo do evento foi premiar os melhores estilistas de Minas e tamb\u00e9m incentivar o autoexame o diagn\u00f3stico precoce. \u201cPreven\u00e7\u00e3o n\u00e3o \u00e9 s\u00f3 no Outubro Rosa, \u00e9 o ano todo\u201d, completou.<\/p>\n<h4>O evento<\/h4>\n<p>O Minas Fashion World ocorre das 11h \u00e0s 23h deste domingo e re\u00fane 20 lojistas, sete expositores, 300 modelos e cerca de 4 mil visitantes. Todos os participantes foram convidados a doar len\u00e7os, perucas, suti\u00e3s com bojo e outros materiais. Cerca de 3 mil pe\u00e7as foram arrecadas e ser\u00e3o doadas ao Hospital M\u00e1rio Penna, na capital.<\/p>\n<p>Durante o evento, houve entrega do Trof\u00e9u Melhores do Ano para os participantes. Eles foram escolhidos por meio de enquete feita pelos diretores do evento na internet. Al\u00e9m de lojistas, alunos de moda da Uni-BH apresentaram suas cole\u00e7\u00f5es.<\/p>\n<p>Fashion World \u00e9 um evento mundial de moda, que traz sempre um tema social como pano de fundo. Os diretores do evento em Minas pretendem organizar a a\u00e7\u00e3o tamb\u00e9m em outros pa\u00edses.<\/p>\n<p><strong><em>(O Tempo)<\/em><\/strong><\/p>\n","protected":false},"excerpt":{"rendered":"<p>Evento, que foi realizado neste domingo (30), tem como principal objetivo prevenir o c\u00e2ncer entre mulheres. Cerca de 300 modelos com len\u00e7os na cabe\u00e7a subiram na passarela neste domingo (30) como forma de despir o preconceito e incentivar a preven\u00e7\u00e3o do c\u00e2ncer entre mulheres, durante o Minas Fashion World, no hotel Ouro Minas, em Belo [&hellip;]<\/p>\n","protected":false},"author":1,"featured_media":46838,"comment_status":"open","ping_status":"closed","sticky":false,"template":"","format":"standard","meta":{"amp_status":"","footnotes":""},"categories":[123],"tags":[25079,25078,194,1018,25077,25076,261],"class_list":["post-46837","post","type-post","status-publish","format-standard","has-post-thumbnail","hentry","category-gerais","tag-aline-medlley","tag-ana-luiza-brasiel","tag-belo-horizonte","tag-destaque","tag-minas-fashion-world","tag-modelos-usam-lencos-na-passarela-do-minas-fashion-world-em-prol-da-prevencao-do-cancer","tag-outubro-rosa"],"_links":{"self":[{"href":"https:\/\/aconteceunovale.com.br\/portal\/index.php?rest_route=\/wp\/v2\/posts\/46837","targetHints":{"allow":["GET"]}}],"collection":[{"href":"https:\/\/aconteceunovale.com.br\/portal\/index.php?rest_route=\/wp\/v2\/posts"}],"about":[{"href":"https:\/\/aconteceunovale.com.br\/portal\/index.php?rest_route=\/wp\/v2\/types\/post"}],"author":[{"embeddable":true,"href":"https:\/\/aconteceunovale.com.br\/portal\/index.php?rest_route=\/wp\/v2\/users\/1"}],"replies":[{"embeddable":true,"href":"https:\/\/aconteceunovale.com.br\/portal\/index.php?rest_route=%2Fwp%2Fv2%2Fcomments&post=46837"}],"version-history":[{"count":0,"href":"https:\/\/aconteceunovale.com.br\/portal\/index.php?rest_route=\/wp\/v2\/posts\/46837\/revisions"}],"wp:featuredmedia":[{"embeddable":true,"href":"https:\/\/aconteceunovale.com.br\/portal\/index.php?rest_route=\/wp\/v2\/media\/46838"}],"wp:attachment":[{"href":"https:\/\/aconteceunovale.com.br\/portal\/index.php?rest_route=%2Fwp%2Fv2%2Fmedia&parent=46837"}],"wp:term":[{"taxonomy":"category","embeddable":true,"href":"https:\/\/aconteceunovale.com.br\/portal\/index.php?rest_route=%2Fwp%2Fv2%2Fcategories&post=46837"},{"taxonomy":"post_tag","embeddable":true,"href":"https:\/\/aconteceunovale.com.br\/portal\/index.php?rest_route=%2Fwp%2Fv2%2Ftags&post=46837"}],"curies":[{"name":"wp","href":"https:\/\/api.w.org\/{rel}","templated":true}]}}