{"id":46834,"date":"2014-11-30T21:47:16","date_gmt":"2014-12-01T00:47:16","guid":{"rendered":"http:\/\/aconteceunovale.com.br\/portal\/?p=46834"},"modified":"2014-11-30T21:52:31","modified_gmt":"2014-12-01T00:52:31","slug":"baixista-de-banda-mineira-morre-em-acidente-de-moto-na-rodovia-fernao-dias","status":"publish","type":"post","link":"https:\/\/aconteceunovale.com.br\/portal\/?p=46834","title":{"rendered":"Baixista de banda mineira morre em acidente de moto na rodovia Fern\u00e3o Dias"},"content":{"rendered":"<h4><strong><em>M\u00fasico saiu de um bar onde trabalhava como t\u00e9cnico de som e, no caminho de casa, acabou batendo a moto em uma \u00e1rvore.<\/em><\/strong><\/h4>\n<p>Morreu, na madrugada deste domingo (30), o baixista da banda de rock mineira Pleiades, Mateus Olivello, de 25 anos. O m\u00fasico bateu com a sua motocicleta em uma \u00e1rvore na rodovia Fern\u00e3o Dias. Ele havia acabado de sair de um bar na avenida Silviano Brand\u00e3o, no bairro Sagrada Fam\u00edlia, na regi\u00e3o Leste de Belo Horizonte, onde trabalhava como t\u00e9cnico de som.<\/p>\n<p><img decoding=\"async\" src=\"http:\/\/aconteceunovale.com.br\/portal\/wp-content\/uploads\/2014\/11\/baixista_banda_pleide.jpg\" alt=\"\" \/><em>Foto do baixista na \u00faltima quinta-feira (27) &#8211; Foto: Reprodu\u00e7\u00e3o\/P\u00e1gina Facebook<\/em><br \/>\n<\/br><\/p>\n<p>Conforme a assessoria de imprensa da banda, a pista estava molhada na hora do acidente existem ind\u00edcios de que o seu capacete estaria um pouco solto no momento do acidente, j\u00e1 que a pe\u00e7a saiu e ele bateu com a cabe\u00e7a no meio-fio. O m\u00fasico j\u00e1 tinha um filho pequeno e sua noiva estava gr\u00e1vida, com previs\u00e3o para o beb\u00ea nascer em janeiro de 2015.<\/p>\n<p>A banda existia desde 2006, mas recentemente lan\u00e7aram um clipe e estavam trabalhando na grava\u00e7\u00e3o de um CD, sendo que na \u00faltima quinta-feira (27) o baixista virou a noite com os companheiros gravando a nova m\u00fasica do grupo, &#8220;Tudo Volta&#8221;. Ainda segundo a assessoria, a morte prematura do jovem m\u00fasico chocou todos os amigos de longa data da banda e familiares.<\/p>\n<p>O produtor da Pleiades, Francisco Penteado, foi um dos primeiros a chegar ao local do acidente, uma vez que testemunhas pegaram o celular de Olivello e ligaram para um dos \u00faltimos n\u00fameros discados. O enterro do m\u00fasico acontecer\u00e1 nesta segunda-feira (30) no cemit\u00e9rio Bosque da Esperan\u00e7a.<\/p>\n<h4>Como\u00e7\u00e3o nas redes sociais<\/h4>\n<p>Na p\u00e1gina oficial da banda no Facebook, foi publicada uma mensagem homenageando o baixista. &#8220;Hoje o aglomerado das Pleiades vai brilhar mais forte no c\u00e9u. Nosso baixista, Mateus, virou estrela e agora vai ensinar rock para os anjos! Sentiremos muito sua falta, mas sua presen\u00e7a sempre estar\u00e1 em nossos cora\u00e7\u00f5es e nos palcos da estrada! Siga seu novo caminho numa Stairway to Heaven&#8230;&#8221;, dizia o texto que trazia junto uma fotografia da \u00faltima grava\u00e7\u00e3o do m\u00fasico, na quinta-feira.<\/p>\n<p>Em sua p\u00e1gina na rede social, diversos amigos, surpresos com a not\u00edcia, deixaram mensagens de for\u00e7a para a fam\u00edlia. &#8220;Mateus como assim????? N\u00e3o, pera a\u00ed, voltaaa!&#8221;, dizia um dos conhecidos do baixista. &#8220;Lament\u00e1vel not\u00edcia, nem d\u00e1 pra acreditar, meus sinceros sentimentos a todos os amigos e familiares. Uma grande pessoa e um m\u00fasico que vai fazer muita falta&#8221;, dizia outra pessoa. <\/p>\n<p><strong><em>(O Tempo)<\/em><\/strong><\/p>\n","protected":false},"excerpt":{"rendered":"<p>M\u00fasico saiu de um bar onde trabalhava como t\u00e9cnico de som e, no caminho de casa, acabou batendo a moto em uma \u00e1rvore. Morreu, na madrugada deste domingo (30), o baixista da banda de rock mineira Pleiades, Mateus Olivello, de 25 anos. O m\u00fasico bateu com a sua motocicleta em uma \u00e1rvore na rodovia Fern\u00e3o [&hellip;]<\/p>\n","protected":false},"author":1,"featured_media":46835,"comment_status":"open","ping_status":"closed","sticky":false,"template":"","format":"standard","meta":{"amp_status":"","footnotes":""},"categories":[123],"tags":[25073,25065,25061,25060,25064,25057,25066,25068,194,25062,25074,25069,25070,25075,25063,25067,25059,25072,25058,25071],"class_list":["post-46834","post","type-post","status-publish","format-standard","has-post-thumbnail","hentry","category-gerais","tag-acidente-com-mateus-olivello","tag-baixista-da-banda-de-rock-mineira-pleiades","tag-baixista-da-banda-pleiades","tag-baixista-da-banda-pleiades-morre-em-acidente","tag-baixista-da-banda-pleiades-morto","tag-baixista-de-banda-mineira-morre-em-acidente-de-moto-na-rodovia-fernao-dias","tag-banda-pleiades","tag-bateu-com-a-sua-motocicleta-em-uma-arvore-na-rodovia-fernao-dias","tag-belo-horizonte","tag-fotos-do-acidente-com-baixista-da-banda-pleiades","tag-fotos-do-acidente-com-mateus-olivello","tag-francisco-penteado","tag-hoje-o-aglomerado-das-pleiades-vai-brilhar-mais-forte-no-ceu","tag-imagens-do-acidente-com-mateus-olivello","tag-imagens-do-acidente-com-o-baixista-da-banda-pleiades","tag-mateus-olivello","tag-morre-o-baixista-da-banda-pleiades","tag-morte-de-mateus-olivello","tag-morte-do-baixista-da-banda-pleiades","tag-morte-mateus-olivello"],"_links":{"self":[{"href":"https:\/\/aconteceunovale.com.br\/portal\/index.php?rest_route=\/wp\/v2\/posts\/46834","targetHints":{"allow":["GET"]}}],"collection":[{"href":"https:\/\/aconteceunovale.com.br\/portal\/index.php?rest_route=\/wp\/v2\/posts"}],"about":[{"href":"https:\/\/aconteceunovale.com.br\/portal\/index.php?rest_route=\/wp\/v2\/types\/post"}],"author":[{"embeddable":true,"href":"https:\/\/aconteceunovale.com.br\/portal\/index.php?rest_route=\/wp\/v2\/users\/1"}],"replies":[{"embeddable":true,"href":"https:\/\/aconteceunovale.com.br\/portal\/index.php?rest_route=%2Fwp%2Fv2%2Fcomments&post=46834"}],"version-history":[{"count":0,"href":"https:\/\/aconteceunovale.com.br\/portal\/index.php?rest_route=\/wp\/v2\/posts\/46834\/revisions"}],"wp:featuredmedia":[{"embeddable":true,"href":"https:\/\/aconteceunovale.com.br\/portal\/index.php?rest_route=\/wp\/v2\/media\/46835"}],"wp:attachment":[{"href":"https:\/\/aconteceunovale.com.br\/portal\/index.php?rest_route=%2Fwp%2Fv2%2Fmedia&parent=46834"}],"wp:term":[{"taxonomy":"category","embeddable":true,"href":"https:\/\/aconteceunovale.com.br\/portal\/index.php?rest_route=%2Fwp%2Fv2%2Fcategories&post=46834"},{"taxonomy":"post_tag","embeddable":true,"href":"https:\/\/aconteceunovale.com.br\/portal\/index.php?rest_route=%2Fwp%2Fv2%2Ftags&post=46834"}],"curies":[{"name":"wp","href":"https:\/\/api.w.org\/{rel}","templated":true}]}}