{"id":46808,"date":"2014-11-30T13:17:07","date_gmt":"2014-11-30T16:17:07","guid":{"rendered":"http:\/\/aconteceunovale.com.br\/portal\/?p=46808"},"modified":"2014-11-30T18:03:08","modified_gmt":"2014-11-30T21:03:08","slug":"conheca-os-premiados-da-obmep-2014-nas-regioes-noroeste-e-central-de-minas","status":"publish","type":"post","link":"https:\/\/aconteceunovale.com.br\/portal\/?p=46808","title":{"rendered":"Conhe\u00e7a os premiados da Obmep 2014 nas regi\u00f5es Noroeste e Central de Minas"},"content":{"rendered":"<h4><strong><em>Resultado dos premiados estava previsto para o dia 1\u00ba de dezembro. Estudantes das regi\u00f5es Noroeste e Central de Minas foram premiados.<\/em><\/strong><\/h4>\n<p>O resultado da 10\u00aa edi\u00e7\u00e3o da Olimp\u00edada Brasileira de Matem\u00e1tica das Escolas P\u00fablicas (Obmep) seria divulgado no dia 1\u00ba de dezembro, mas foi antecipado e os nomes conhecidos na tarde desta sexta-feira (28).<\/p>\n<h4><strong>Medalha de Ouro:<\/strong><\/h4>\n<p>&#8211; Marcelo Amaral De Souza Filho\tda E.E. Celestino Nunes, em Paineiras<br \/>\n&#8211; Andr\u00e9 Afonso Cardoso Da Silva da E.E. Dr Jacinto Campos, em Pompeu<br \/>\n&#8211; Ana L\u00eddia Martins Rodrigues da E.E. Pe Jose Andr\u00e9 Caldeira Coimbra, em Presidente Oleg\u00e1rio<\/p>\n<h4><strong>Medalha de Prata:<\/strong><\/h4>\n<p>&#8211; Rafael Augusto Pereira Otaviano da E.E. Altina De Paula Guimar\u00e3es, em Paracatu<br \/>\n&#8211; Paloma Vieira Borges da E.E. De Ponte Firme, em Presidente Oleg\u00e1rio<br \/>\n&#8211; Tiago Rodrigues Coelho da E.E. Pe Jose Andr\u00e9 Caldeira Coimbra, em Presidente Oleg\u00e1rio<\/p>\n<h4><strong>Medalha de Bronze:<\/strong><\/h4>\n<p>&#8211; Douglas Henrique Muniz Duarte da E.E. Profa Maria Am\u00e1lia Campos, em Corinto<br \/>\n&#8211; Hesley Rafael S Da Silva da E.E. Sergio Eugenio Da Silva, em Curvelo<br \/>\n&#8211; Artur Almeida Moura De Oliveira da E.E. Dr Edgardo Da Cunha Pereira, em Abaet\u00e9<br \/>\n&#8211; Thiago E Silva Chaves da E.E. Celestino Nunes, em Paineiras<br \/>\n&#8211; Vinicius E Silva Chaves da E.E. Celestino Nunes, em Paineiras<br \/>\n&#8211; Bruno De C Guimaraes Valadares da E.E. Dr Jacinto Campos, em Pompeu<br \/>\n&#8211; Felipe Augusto Gomes Valadares da E.E. Dr Jacinto Campos, em Pompeu<br \/>\n&#8211; Gabriel Gomes De Freitas da E.E. Joao Guimaraes Rosa, em Tr\u00eas Marias<br \/>\n&#8211; Camila Rosa Dos Santos da E.E. Joao Guimaraes Rosa, em Tr\u00eas Marias<br \/>\n&#8211; Arthur Henrique De Melo Driemeyer da E.E. Dr Jose Pacheco Pimenta, em Brasil\u00e2ndia De Minas<br \/>\n&#8211; Kevin Lui De Abreu Cesar da E.E. Profa Orlinda Saraiva Sim\u00f5es, em Joao Pinheiro<br \/>\n&#8211; Luis Fernando Alves Oliveira da E.M. Edmundo Lourenco, em Joao Pinheiro<br \/>\n&#8211; Gabriel Caetano De Jesus da E.E. Quintino Vargas, em Joao Pinheiro<br \/>\n&#8211; Gabriel Tolentino Da Cunha da E.E. Am\u00e9rico Alves, em Lagamar<br \/>\n&#8211; Felipe Guimaraes Dos Santos da E.E. Dom Serafim Gomes Jardim, em Paracatu<br \/>\n&#8211; Jorge Lucas Martins da E.E. Pe Jose Andr\u00e9 Caldeira Coimbra, em Presidente Oleg\u00e1rio<br \/>\n&#8211; Fellipe Da Silva Pereira da E.E. Pe Jose Andr\u00e9 Caldeira Coimbra, em Presidente Oleg\u00e1rio<br \/>\n&#8211; Mitchell Souto Pacheco da E.M. Profa Carmem Celina N Castilho, em Presidente Oleg\u00e1rio<br \/>\n&#8211; Lu\u00eds Henrique Mendes da E.E. Zico Mendonca, em s\u00e3o Gon\u00e7alo Do Abaete<br \/>\n&#8211; Gustavo Jose De Magalhaes da E.E. Joao Pereira Brandao, em Varj\u00e3o De Minas<br \/>\n&#8211; Daniel Caetano Marcial da E.E. Major Saint Clair F Valadares, em Arinos<br \/>\n&#8211; Taina Brandao De Andrade da E.E. Candido Ulhoa, em Bonfin\u00f3polis De Minas<br \/>\n&#8211; Vinicius Ricardo Axhcar da E.M. Dercilio Duarte Melgaco, em Bonfin\u00f3polis De Minas<br \/>\n&#8211; Luana Gabriela Gallert da E.M. Sto Ant\u00f4nio, em Formoso<br \/>\n&#8211; Gabriela Tavares Brito da E.E. Martinho Ant\u00f4nio Ornelas, em Formoso<br \/>\n&#8211; Thiago Machado Franco da E.E. Te\u00f3filo Martins Ferreira, em Una\u00ed<\/p>\n<p><strong>Confira a lista de medalhistas em todo o estado de Minas na Obmep 2014:<\/strong><br \/>\n<a href=\"http:\/\/premiacao.obmep.org.br\/2014\/verRelatorioPremiadosOuro-MG.do.htm\" target=\"_blank\">&#8211; MEDALHAS DE OURO (Clique aqui)<\/a><br \/>\n<a href=\"http:\/\/premiacao.obmep.org.br\/2014\/verRelatorioPremiadosPrata-MG.do.htm\" target=\"_blank\">&#8211; MEDALHAS DE PRATA (Clique aqui)<\/a><br \/>\n<a href=\"http:\/\/premiacao.obmep.org.br\/2014\/verRelatorioPremiadosBronze-MG.do.htm\" target=\"_blank\">&#8211; MEDALHAS DE BRONZE(Clique aqui)<\/a><br \/>\n<a href=\"http:\/\/premiacao.obmep.org.br\/2014\/verRelatorioPremiadosMencao-MG.do.htm\" target=\"_blank\">&#8211; MEN\u00c7\u00c3O HONROSA (Clique aqui)<\/a><br \/>\n<a href=\"http:\/\/premiacao.obmep.org.br\/2014\/verRelatorioProfessoresPremiados-MG.do.htm\" target=\"_blank\">&#8211; PROFESSORES PREMIADOS (Clique aqui)<\/a><br \/>\n<a href=\"http:\/\/premiacao.obmep.org.br\/2014\/verRelatorioEscolasPremiadas-MG.do.htm\" target=\"_blank\">&#8211; ESCOLAS PREMIADAS (Clique aqui)<\/a><br \/>\n<a href=\"http:\/\/premiacao.obmep.org.br\/2014\/verRelatorioSecretariasEducacaoPremiados-MG.do.htm\" target=\"_blank\">&#8211; SECRETARIAS DE EDUCA\u00c7\u00c3O PREMIADAS (Clique aqui)<\/a><\/p>\n<h4>Entenda a competi\u00e7\u00e3o<\/h4>\n<p>A Olimp\u00edada Brasileira de Matem\u00e1tica das Escolas P\u00fablicas \u00e9 dividida em tr\u00eas n\u00edveis. O primeiro \u00e9 composto por estudantes do 6\u00ba e 7\u00ba anos do ensino fundamental. No segundo, fazem as avalia\u00e7\u00f5es alunos do 8\u00ba e 9\u00ba anos do ensino fundamental. J\u00e1 o 3\u00ba n\u00edvel \u00e9 composto por estudantes do ensino m\u00e9dio.<\/p>\n<p>A Obmep busca estimular e promover o estudo da Matem\u00e1tica entre os alunos das escolas p\u00fablicas, al\u00e9m de contribuir para a melhoria da qualidade da educa\u00e7\u00e3o b\u00e1sica. A competi\u00e7\u00e3o \u00e9 promovida pelos minist\u00e9rios da Educa\u00e7\u00e3o e da Ci\u00eancia e Tecnologia e \u00e9 realizada pelo Instituto Nacional de Matem\u00e1tica Aplicada (Impa) e pela Sociedade Brasileira de Matem\u00e1tica (SBM).<\/p>\n","protected":false},"excerpt":{"rendered":"<p>Resultado dos premiados estava previsto para o dia 1\u00ba de dezembro. Estudantes das regi\u00f5es Noroeste e Central de Minas foram premiados. O resultado da 10\u00aa edi\u00e7\u00e3o da Olimp\u00edada Brasileira de Matem\u00e1tica das Escolas P\u00fablicas (Obmep) seria divulgado no dia 1\u00ba de dezembro, mas foi antecipado e os nomes conhecidos na tarde desta sexta-feira (28). Medalha [&hellip;]<\/p>\n","protected":false},"author":1,"featured_media":46696,"comment_status":"open","ping_status":"closed","sticky":false,"template":"","format":"standard","meta":{"amp_status":"","footnotes":""},"categories":[123],"tags":[24778,1511,253,1537,1488,25031,1534,197,334,1538,25027,25023,24777,24967,1666,212,25032,24776,1519,222],"class_list":["post-46808","post","type-post","status-publish","format-standard","has-post-thumbnail","hentry","category-gerais","tag-10a-edicao-da-olimpiada-brasileira-de-matematica-das-escolas-publicas","tag-abaete","tag-arinos","tag-bonfinopolis-de-minas","tag-brasilandia-de-minas","tag-conheca-os-premiados-da-obmep-2014-nas-regioes-noroeste-e-central-de-minas","tag-corinto","tag-curvelo","tag-formoso","tag-joao-pinheiro","tag-medalhistas-na-obmep-2014","tag-obmep","tag-obmep-2014","tag-olimpiada-brasileira-de-matematica-das-escolas-publicas","tag-paineiras","tag-paracatu","tag-pompeu","tag-premiados-da-obmep-2014","tag-presidente-olegario","tag-unai"],"_links":{"self":[{"href":"https:\/\/aconteceunovale.com.br\/portal\/index.php?rest_route=\/wp\/v2\/posts\/46808","targetHints":{"allow":["GET"]}}],"collection":[{"href":"https:\/\/aconteceunovale.com.br\/portal\/index.php?rest_route=\/wp\/v2\/posts"}],"about":[{"href":"https:\/\/aconteceunovale.com.br\/portal\/index.php?rest_route=\/wp\/v2\/types\/post"}],"author":[{"embeddable":true,"href":"https:\/\/aconteceunovale.com.br\/portal\/index.php?rest_route=\/wp\/v2\/users\/1"}],"replies":[{"embeddable":true,"href":"https:\/\/aconteceunovale.com.br\/portal\/index.php?rest_route=%2Fwp%2Fv2%2Fcomments&post=46808"}],"version-history":[{"count":0,"href":"https:\/\/aconteceunovale.com.br\/portal\/index.php?rest_route=\/wp\/v2\/posts\/46808\/revisions"}],"wp:featuredmedia":[{"embeddable":true,"href":"https:\/\/aconteceunovale.com.br\/portal\/index.php?rest_route=\/wp\/v2\/media\/46696"}],"wp:attachment":[{"href":"https:\/\/aconteceunovale.com.br\/portal\/index.php?rest_route=%2Fwp%2Fv2%2Fmedia&parent=46808"}],"wp:term":[{"taxonomy":"category","embeddable":true,"href":"https:\/\/aconteceunovale.com.br\/portal\/index.php?rest_route=%2Fwp%2Fv2%2Fcategories&post=46808"},{"taxonomy":"post_tag","embeddable":true,"href":"https:\/\/aconteceunovale.com.br\/portal\/index.php?rest_route=%2Fwp%2Fv2%2Ftags&post=46808"}],"curies":[{"name":"wp","href":"https:\/\/api.w.org\/{rel}","templated":true}]}}