{"id":46806,"date":"2014-11-30T12:40:56","date_gmt":"2014-11-30T15:40:56","guid":{"rendered":"http:\/\/aconteceunovale.com.br\/portal\/?p=46806"},"modified":"2014-11-30T18:03:34","modified_gmt":"2014-11-30T21:03:34","slug":"conheca-os-premiados-da-obmep-2014-nas-microrregioes-de-itabira-e-conceicao-do-mato-dentro","status":"publish","type":"post","link":"https:\/\/aconteceunovale.com.br\/portal\/?p=46806","title":{"rendered":"Conhe\u00e7a os premiados da Obmep 2014 nas microrregi\u00f5es de Itabira e Concei\u00e7\u00e3o do Mato Dentro"},"content":{"rendered":"<h4><strong><em>Resultado dos premiados estava previsto para o dia 1\u00ba de dezembro. Estudantes das microrregi\u00f5es de Itabira e Concei\u00e7\u00e3o do Mato Dentro foram premiados.<\/em><\/strong><\/h4>\n<p>O resultado da 10\u00aa edi\u00e7\u00e3o da Olimp\u00edada Brasileira de Matem\u00e1tica das Escolas P\u00fablicas (Obmep) seria divulgado no dia 1\u00ba de dezembro, mas foi antecipado e os nomes conhecidos na tarde desta sexta-feira (28).<\/p>\n<h4><strong>Medalha de Ouro:<\/strong><\/h4>\n<p>&#8211; Flaviano Luiz Benfica da E.E. Dr Afonso Pena Junior, em Rio Vermelho<br \/>\n&#8211; Stela Moreira Silva da E.E. Dona Eleonora Nunes Pereira, em Itabira<br \/>\n&#8211; Joao Guilherme Da Silva Soares do Centro Educ. De Joao Monlevade, em Jo\u00e3o Monlevade<br \/>\n&#8211; Gabriel Martins Mendes da E.E. Coronel Francisco Rolla, em S\u00e3o Domingos Do Prata<\/p>\n<h4><strong>Medalha de Prata:<\/strong><\/h4>\n<p>&#8211; Helder Henrick Lima da E.E. Prof. Candido Gomes, em Alvin\u00f3polis<br \/>\n&#8211; \u00cdtalo Jose Dias da E.E. Odilon Behrens, em Bar\u00e3o De Cocais<br \/>\n&#8211; Nathalia Lage Vargas da E.E. Santa Maria, em Santa Maria De Itabira<br \/>\n&#8211; Romero Moreira Silva da E.E. Mestre Zeca Am\u00e2ncio, em Itabira<br \/>\n&#8211; Lucas Peixoto Fraga da E.E. Luiz Prisco De Braga, em Jo\u00e3o Monlevade<br \/>\n&#8211; Ana Laura Alves Rocha da E.E. Luiz Prisco De Braga, em Jo\u00e3o Monlevade<br \/>\n&#8211; Vinicius Pinheiro Bento do Centro Educ. De Joao Monlevade, em Jo\u00e3o Monlevade<br \/>\n&#8211; Helen Christina Santos da E.E. Cel Jose Nunes Melo Junior, em Nova Uni\u00e3o<br \/>\n&#8211; Leonan Bazilio Gomes da E.M. Murillo Garcia Moreira, em Rio Piracicaba<br \/>\n&#8211; Guilherme Ant\u00f4nio Cota da E.M. Bernardo Ferreira Guimaraes, em Rio Piracicaba<br \/>\n&#8211; Iuri Dias Ribeiro do Centro Educacional De S\u00e3o Gon\u00e7alo Do Rio Abaixo, em S\u00e3o Gon\u00e7alo Do Rio Abaixo<\/p>\n<h4><strong>Medalha de Bronze:<\/strong><\/h4>\n<p>&#8211; Joao Artur Sol Parada Moraes da E.E. Prof Leopoldo Pereira, em Serro<br \/>\n&#8211; Thiago Geraldo Cota De Assis da E.E. Prof Candido Gomes, em Alvin\u00f3polis<br \/>\n&#8211; Bruno Marcos Ferreira da E.E. Prof Candido Gomes, em Alvin\u00f3polis<br \/>\n&#8211; Dieuvane Oliveira Da Silva da E.E. Odilon Behrens, em Bar\u00e3o De Cocais<br \/>\n&#8211; Carine Ariane Ferreira da E.E. Pe Oswaldo De Podesta, em Bela Vista De Minas<br \/>\n&#8211; Diego Ara\u00fajo Miranda da E.E. Dona Eleonora Nunes Pereira, em Itabira<br \/>\n&#8211; Bernardo Luidgy Rodrigues da E.E. Trajano Proc\u00f3pio A S Monteiro, em Itabira<br \/>\n&#8211; Larissa Gabriela Xavier Clemente da E.E. Dona Eleonora Nunes Pereira, em Itabira<br \/>\n&#8211; Kennedy Darlan Oliveira Duarte da E.E.  Ant\u00f4nio Martins Pereira, em Itabira<br \/>\n&#8211; Lara Vieira Coelho da E.E. Maj Lage, em Itabira<br \/>\n&#8211; Marcelo Augusto Santos De Pais Lima da E.E. Luiz Prisco De Braga, em Joao Monlevade<br \/>\n&#8211; Ester Silva Souza Dos Santos da E.E. Luiz Prisco De Braga, em Joao Monlevade<br \/>\n&#8211; Wesley Quaresma Cota da E.E. Dr Geraldo Parreiras, em Joao Monlevade<br \/>\n&#8211; Geovana Torres De Souza da E.E. Luiz Prisco De Braga, em Joao Monlevade<br \/>\n&#8211; Luana Aparecida Soares Costa da E.E. Luiz Prisco De Braga, em Joao Monlevade<br \/>\n&#8211; Breno Martins Dos Anjos da E.E. Luiz Prisco De Braga, em Joao Monlevade<br \/>\n&#8211; Leonardo Junio Leite Santos da E.E. Nossa Sra. De Fatima, em Nova Era<br \/>\n&#8211; Jannyne Raquel Oliveira Goncalves da E.E. Nova Aparecida, em Nova Uni\u00e3o<br \/>\n&#8211; Davi Denner Linhares Pinto da E.E. Cel Jose Nunes Melo Junior, em Nova Uni\u00e3o<br \/>\n&#8211; Paulo Luiz Mendes Souza da E.E. Prof Ant\u00f4nio Fernandes Pinto, em Rio Piracicaba<br \/>\n&#8211; Giovanni Peixoto Fraga da E.E. Prof Ant\u00f4nio Fernandes Pinto, em Rio Piracicaba<br \/>\n&#8211; Ludmila Emilia Evangelista da E.E. Prof Ant\u00f4nio Fernandes Pinto, em Rio Piracicaba<br \/>\n&#8211; Arthur Ferreira Vilela da E.E. De Ens Fundamental, em Rio Piracicaba<br \/>\n&#8211; Andreza Reis Florentino da E.E. Marques Afonso, em S\u00e3o Domingos Do Prata<br \/>\n&#8211; Marco Ant\u00f4nio Brandao Carvalho da E.E. Coronel Francisco Rolla, em S\u00e3o Domingos Do Prata<br \/>\n&#8211; Thais Carolina Fernandes De Castro da E.E. Coronel Francisco Rolla, em S\u00e3o Domingos Do Prata<br \/>\n&#8211; Vinicius Miquelao De Carvalho da E.E. Romeu Perdig\u00e3o, em S\u00e3o Jose Do Goiabal<\/p>\n<p><strong>Confira a lista de medalhistas em todo o estado de Minas na Obmep 2014:<\/strong><br \/>\n<a href=\"http:\/\/premiacao.obmep.org.br\/2014\/verRelatorioPremiadosOuro-MG.do.htm\" target=\"_blank\">&#8211; MEDALHAS DE OURO (Clique aqui)<\/a><br \/>\n<a href=\"http:\/\/premiacao.obmep.org.br\/2014\/verRelatorioPremiadosPrata-MG.do.htm\" target=\"_blank\">&#8211; MEDALHAS DE PRATA (Clique aqui)<\/a><br \/>\n<a href=\"http:\/\/premiacao.obmep.org.br\/2014\/verRelatorioPremiadosBronze-MG.do.htm\" target=\"_blank\">&#8211; MEDALHAS DE BRONZE(Clique aqui)<\/a><br \/>\n<a href=\"http:\/\/premiacao.obmep.org.br\/2014\/verRelatorioPremiadosMencao-MG.do.htm\" target=\"_blank\">&#8211; MEN\u00c7\u00c3O HONROSA (Clique aqui)<\/a><br \/>\n<a href=\"http:\/\/premiacao.obmep.org.br\/2014\/verRelatorioProfessoresPremiados-MG.do.htm\" target=\"_blank\">&#8211; PROFESSORES PREMIADOS (Clique aqui)<\/a><br \/>\n<a href=\"http:\/\/premiacao.obmep.org.br\/2014\/verRelatorioEscolasPremiadas-MG.do.htm\" target=\"_blank\">&#8211; ESCOLAS PREMIADAS (Clique aqui)<\/a><br \/>\n<a href=\"http:\/\/premiacao.obmep.org.br\/2014\/verRelatorioSecretariasEducacaoPremiados-MG.do.htm\" target=\"_blank\">&#8211; SECRETARIAS DE EDUCA\u00c7\u00c3O PREMIADAS (Clique aqui)<\/a><\/p>\n<h4>Entenda a competi\u00e7\u00e3o<\/h4>\n<p>A Olimp\u00edada Brasileira de Matem\u00e1tica das Escolas P\u00fablicas \u00e9 dividida em tr\u00eas n\u00edveis. O primeiro \u00e9 composto por estudantes do 6\u00ba e 7\u00ba anos do ensino fundamental. No segundo, fazem as avalia\u00e7\u00f5es alunos do 8\u00ba e 9\u00ba anos do ensino fundamental. J\u00e1 o 3\u00ba n\u00edvel \u00e9 composto por estudantes do ensino m\u00e9dio.<\/p>\n<p>A Obmep busca estimular e promover o estudo da Matem\u00e1tica entre os alunos das escolas p\u00fablicas, al\u00e9m de contribuir para a melhoria da qualidade da educa\u00e7\u00e3o b\u00e1sica. A competi\u00e7\u00e3o \u00e9 promovida pelos minist\u00e9rios da Educa\u00e7\u00e3o e da Ci\u00eancia e Tecnologia e \u00e9 realizada pelo Instituto Nacional de Matem\u00e1tica Aplicada (Impa) e pela Sociedade Brasileira de Matem\u00e1tica (SBM).<\/p>\n","protected":false},"excerpt":{"rendered":"<p>Resultado dos premiados estava previsto para o dia 1\u00ba de dezembro. Estudantes das microrregi\u00f5es de Itabira e Concei\u00e7\u00e3o do Mato Dentro foram premiados. O resultado da 10\u00aa edi\u00e7\u00e3o da Olimp\u00edada Brasileira de Matem\u00e1tica das Escolas P\u00fablicas (Obmep) seria divulgado no dia 1\u00ba de dezembro, mas foi antecipado e os nomes conhecidos na tarde desta sexta-feira [&hellip;]<\/p>\n","protected":false},"author":1,"featured_media":46696,"comment_status":"open","ping_status":"closed","sticky":false,"template":"","format":"standard","meta":{"amp_status":"","footnotes":""},"categories":[123],"tags":[24778,1725,1525,1726,628,25022,202,1102,25030,25028,25029,25026,25027,1103,3964,25023,24777,24967,25024,25025,9332,445,14911,1739,1729,154],"class_list":["post-46806","post","type-post","status-publish","format-standard","has-post-thumbnail","hentry","category-gerais","tag-10a-edicao-da-olimpiada-brasileira-de-matematica-das-escolas-publicas","tag-alvinopolis","tag-barao-de-cocais","tag-bela-vista-de-minas","tag-conceicao-do-mato-dentro","tag-conheca-os-premiados-da-obmep-2014-nas-microrregioes-de-itabira-e-conceicao-do-mato-dentro","tag-itabira","tag-joao-monlevade","tag-medalha-de-bronze-na-obmep","tag-medalha-de-ouro-na-obmep","tag-medalha-de-prata-na-obmep","tag-medalhistas-na-obmep","tag-medalhistas-na-obmep-2014","tag-nova-era","tag-nova-uniao","tag-obmep","tag-obmep-2014","tag-olimpiada-brasileira-de-matematica-das-escolas-publicas","tag-premiados-na-obmep","tag-premiados-na-obmep-2014","tag-rio-piracicaba","tag-rio-vermelho","tag-sao-domingos-do-prata","tag-sao-goncalo-do-rio-abaixo","tag-sao-jose-do-goiabal","tag-serro"],"_links":{"self":[{"href":"https:\/\/aconteceunovale.com.br\/portal\/index.php?rest_route=\/wp\/v2\/posts\/46806","targetHints":{"allow":["GET"]}}],"collection":[{"href":"https:\/\/aconteceunovale.com.br\/portal\/index.php?rest_route=\/wp\/v2\/posts"}],"about":[{"href":"https:\/\/aconteceunovale.com.br\/portal\/index.php?rest_route=\/wp\/v2\/types\/post"}],"author":[{"embeddable":true,"href":"https:\/\/aconteceunovale.com.br\/portal\/index.php?rest_route=\/wp\/v2\/users\/1"}],"replies":[{"embeddable":true,"href":"https:\/\/aconteceunovale.com.br\/portal\/index.php?rest_route=%2Fwp%2Fv2%2Fcomments&post=46806"}],"version-history":[{"count":0,"href":"https:\/\/aconteceunovale.com.br\/portal\/index.php?rest_route=\/wp\/v2\/posts\/46806\/revisions"}],"wp:featuredmedia":[{"embeddable":true,"href":"https:\/\/aconteceunovale.com.br\/portal\/index.php?rest_route=\/wp\/v2\/media\/46696"}],"wp:attachment":[{"href":"https:\/\/aconteceunovale.com.br\/portal\/index.php?rest_route=%2Fwp%2Fv2%2Fmedia&parent=46806"}],"wp:term":[{"taxonomy":"category","embeddable":true,"href":"https:\/\/aconteceunovale.com.br\/portal\/index.php?rest_route=%2Fwp%2Fv2%2Fcategories&post=46806"},{"taxonomy":"post_tag","embeddable":true,"href":"https:\/\/aconteceunovale.com.br\/portal\/index.php?rest_route=%2Fwp%2Fv2%2Ftags&post=46806"}],"curies":[{"name":"wp","href":"https:\/\/api.w.org\/{rel}","templated":true}]}}