{"id":46796,"date":"2014-11-30T10:15:38","date_gmt":"2014-11-30T13:15:38","guid":{"rendered":"http:\/\/aconteceunovale.com.br\/portal\/?p=46796"},"modified":"2014-11-30T10:15:38","modified_gmt":"2014-11-30T13:15:38","slug":"policia-prende-tres-pessoas-por-trafico-de-drogas-em-governador-valadares-e-conselheiro-pena","status":"publish","type":"post","link":"https:\/\/aconteceunovale.com.br\/portal\/?p=46796","title":{"rendered":"Pol\u00edcia prende tr\u00eas pessoas por tr\u00e1fico de drogas em Governador Valadares e Conselheiro Pena"},"content":{"rendered":"<h4><strong><em>Em Governador Valadares uma mulher foi presa com quase meio quilo de coca\u00edna. J\u00e1 em Conselheiro Pena, um rapaz e uma mulher s\u00e3o suspeitos de tr\u00e1fico.<\/em><\/strong><\/h4>\n<p>Tr\u00eas pessoas foram presas na tarde deste s\u00e1bado (29) em Governador Valadares e Conselheiro Pena, no Leste de Minas Gerais, por suspeita de tr\u00e1fico de drogas. A primeira pris\u00e3o foi de uma mulher de 25 anos que se preparava para embarcar em um \u00f4nibus no terminal rodovi\u00e1rio no Centro de Valadares.<\/p>\n<p><img decoding=\"async\" src=\"http:\/\/aconteceunovale.com.br\/portal\/wp-content\/uploads\/2014\/11\/apreensao_gv30.jpg\" alt=\"\" \/><em>Aproximadamente meio quilo de coca\u00edna foi apreendido na rodovi\u00e1ria de GV (Foto: Divulga\u00e7\u00e3o\/6\u00ba BPM)<\/em><br \/>\n<\/br><\/p>\n<p>Por meio de uma den\u00fancia an\u00f4nima, a Pol\u00edcia Militar (PM) foi informada de que a suspeita pretendia embarcar para a cidade de Mantena, no Vale do Rio Doce. No local, a PM encontrou uma mulher com as mesmas caracter\u00edsticas da qual havia recebido a informa\u00e7\u00e3o e realizou uma abordagem.<\/p>\n<p>Na bolsa da suspeita os militares encontraram aproximadamente meio quilo de coca\u00edna. Ainda durante a a\u00e7\u00e3o policial foi apreendido R$ 76 reais em dinheiro e um aparelho de telefone celular. A suspeita que j\u00e1 tem passagem pela pol\u00edcia pelo mesmo crime de tr\u00e1fico de drogas, foi presa em flagrante e junto com todos os materiais apreendidos, encaminhada \u00e0 delegacia de Valadares.<\/p>\n<h4>Dois detidos em Conselheiro Pena<\/h4>\n<p>Ainda na tarde de s\u00e1bado (29), duas pessoas foram presas, em Barra do Cuit\u00e9, distrito de Conselheiro Pena. O suspeito de um furto em um estabelecimento comercial que j\u00e1 estava preso em uma viatura da PM disse aos militares que uma mulher de 24 anos mantinha guardado em sua resid\u00eancia certa quantidade de drogas.<\/p>\n<p>Ao abordar a suspeita, ela negou que tivesse drogas em sua casa e autorizou a entrada dos policiais no local. Por\u00e9m, a mulher disse que um rapaz de 18 anos a havia entregue uma sacola, mas que ela n\u00e3o sabia o que havia dentro.<\/p>\n<p>A sacola foi aberta pelos PM&#8217;s que encontraram 11 inv\u00f3lucros de crack e 16 inv\u00f3lucros de coca\u00edna, todos prontos para serem comercializadas.<\/p>\n<p>Foi dada voz de pris\u00e3o aos autores em flagrante pelo crime de tr\u00e1fico il\u00edcito de drogas e ambos encaminhados para a delegacia de Valadares.<\/p>\n<p><strong><em>(Inter TV dos Vales)<\/em><\/strong><\/p>\n","protected":false},"excerpt":{"rendered":"<p>Em Governador Valadares uma mulher foi presa com quase meio quilo de coca\u00edna. J\u00e1 em Conselheiro Pena, um rapaz e uma mulher s\u00e3o suspeitos de tr\u00e1fico. Tr\u00eas pessoas foram presas na tarde deste s\u00e1bado (29) em Governador Valadares e Conselheiro Pena, no Leste de Minas Gerais, por suspeita de tr\u00e1fico de drogas. A primeira pris\u00e3o [&hellip;]<\/p>\n","protected":false},"author":1,"featured_media":46797,"comment_status":"open","ping_status":"closed","sticky":false,"template":"","format":"standard","meta":{"amp_status":"","footnotes":""},"categories":[121],"tags":[282,247,25010],"class_list":["post-46796","post","type-post","status-publish","format-standard","has-post-thumbnail","hentry","category-leste","tag-conselheiro-pena","tag-governador-valadares","tag-policia-prende-tres-pessoas-por-trafico-de-drogas-em-governador-valadares-e-conselheiro-pena"],"_links":{"self":[{"href":"https:\/\/aconteceunovale.com.br\/portal\/index.php?rest_route=\/wp\/v2\/posts\/46796","targetHints":{"allow":["GET"]}}],"collection":[{"href":"https:\/\/aconteceunovale.com.br\/portal\/index.php?rest_route=\/wp\/v2\/posts"}],"about":[{"href":"https:\/\/aconteceunovale.com.br\/portal\/index.php?rest_route=\/wp\/v2\/types\/post"}],"author":[{"embeddable":true,"href":"https:\/\/aconteceunovale.com.br\/portal\/index.php?rest_route=\/wp\/v2\/users\/1"}],"replies":[{"embeddable":true,"href":"https:\/\/aconteceunovale.com.br\/portal\/index.php?rest_route=%2Fwp%2Fv2%2Fcomments&post=46796"}],"version-history":[{"count":0,"href":"https:\/\/aconteceunovale.com.br\/portal\/index.php?rest_route=\/wp\/v2\/posts\/46796\/revisions"}],"wp:featuredmedia":[{"embeddable":true,"href":"https:\/\/aconteceunovale.com.br\/portal\/index.php?rest_route=\/wp\/v2\/media\/46797"}],"wp:attachment":[{"href":"https:\/\/aconteceunovale.com.br\/portal\/index.php?rest_route=%2Fwp%2Fv2%2Fmedia&parent=46796"}],"wp:term":[{"taxonomy":"category","embeddable":true,"href":"https:\/\/aconteceunovale.com.br\/portal\/index.php?rest_route=%2Fwp%2Fv2%2Fcategories&post=46796"},{"taxonomy":"post_tag","embeddable":true,"href":"https:\/\/aconteceunovale.com.br\/portal\/index.php?rest_route=%2Fwp%2Fv2%2Ftags&post=46796"}],"curies":[{"name":"wp","href":"https:\/\/api.w.org\/{rel}","templated":true}]}}