{"id":46792,"date":"2014-11-29T22:53:56","date_gmt":"2014-11-30T01:53:56","guid":{"rendered":"http:\/\/aconteceunovale.com.br\/portal\/?p=46792"},"modified":"2014-11-30T18:04:12","modified_gmt":"2014-11-30T21:04:12","slug":"regiao-norte-de-minas-conquista-varias-medalhas-de-ouro-prata-e-bronze-na-obmep-2014","status":"publish","type":"post","link":"https:\/\/aconteceunovale.com.br\/portal\/?p=46792","title":{"rendered":"Regi\u00e3o Norte de Minas conquista v\u00e1rias medalhas de ouro, prata e bronze na Obmep 2014"},"content":{"rendered":"<h4><strong><em>Resultado dos premiados estava previsto para o dia 1\u00ba de dezembro. Norte de Minas recebeu v\u00e1rias medalhas de ouro, prata e bronze.<\/em><\/strong><\/h4>\n<p>O resultado da 10\u00aa edi\u00e7\u00e3o da Olimp\u00edada Brasileira de Matem\u00e1tica das Escolas P\u00fablicas (Obmep) seria divulgado no dia 1\u00ba de dezembro, mas foi antecipado e os nomes conhecidos na tarde desta sexta-feira (28).<\/p>\n<p><strong>Medalha de Ouro:<\/strong><br \/>\n&#8211; Gabriel Brito Alkmim da E.E Eloy Pereira, em Montes Claros<br \/>\n&#8211; Vanessa da Silva Franca Alves da E.E Goncalves Chaves, em Montes Claros<br \/>\n&#8211; Ruth Emanuele Da Silva Andrade da E.E. Coronel Francisco Ribeiro, em Cora\u00e7\u00e3o de Jesus<br \/>\n&#8211; Paula Juliana Pereira Cordeiro da E.E Zoe Machado, em Ja\u00edba<br \/>\n&#8211; Pedro Henrique de P\u00e1dua Freitas da E.E. Professor Jos\u00e9 Am\u00e9rico Barbosa, em Mato Verde<br \/>\n&#8211; Samuel de Oliveira Pinto da E.M. do Bom Menino, em S\u00e3o Francisco<br \/>\n&#8211; Henrique Nogueira Bastos da E.E Maur\u00edcio Augusto De Azevedo, em Jana\u00faba<\/p>\n<p><strong>Medalha de Prata:<\/strong><br \/>\n&#8211; Emanuel Mendes Queiroz da E.E. Joao Dias De Amorim, em Vargem Grande do Rio Pardo<br \/>\n&#8211; Iuri Pablo Oliveira Mendes da E.E. Alcides Mendes Da Silva, em Porteirinha<br \/>\n&#8211; Sthefany Luany Rodrigues da E.E. Eduardo Frieiro, em Mato Verde<br \/>\n&#8211; Ronald Antunes Da Silva Sa da E.E. Eduardo Frieiro, em Mato Verde<br \/>\n&#8211; Henrique Cesar Alves de Souza\tda E.E. Romulo Sales De Azevedo, em Jana\u00faba<br \/>\n&#8211; Vitoria Dias Brito da E.E. Jose Gorutuba, em Jana\u00faba<br \/>\n&#8211; Vitor Ricardo Silva Mendes da E.E. De S\u00e3o Joao Do Paraiso, em S\u00e3o Jo\u00e3o do Para\u00edso<br \/>\n&#8211; Fellipe Rocha Pereira da E.E. Prof Edilson Brandao, em Ponto Chique<br \/>\n&#8211; Tallita Ramos Antunes Caic da E.M. Dominguinhos Pereira, em Montes Claros<br \/>\n&#8211; Matheus Costa Rocha da E.E. Joao De Freitas Neto, em Montes Claros<br \/>\n&#8211; Nadia Stephane Mota Neres Caic da E.M. Dominguinhos Pereira, em Montes Claros<br \/>\n&#8211; Hugo Edmar Dias Santos da E.E. Maria Da Conceicao R Avelar, em Montes Claros<br \/>\n&#8211; Heliel Teogenes Morais Marques da E.E. Prof Alcides De Carvalho, em Montes Claros<br \/>\n&#8211; Lucio Meira David da E.E. Joao De Freitas Neto, em Montes Claros<br \/>\n&#8211; Wagner Junior Ferreira Andrade da E.E. Pe Jose Silveira, em Varzel\u00e2ndia<br \/>\n&#8211; Diogo De Sousa da E.E. De Machado Mineiro, em \u00c1guas Vermelhas<br \/>\n&#8211; Wirkley Santos De Sousa da E.E. Cel Jose Ven\u00e2ncio De Sousa, em \u00c1guas Vermelhas<br \/>\n&#8211; Gibson Santos Bahia da E.E. De Machado Mineiro, em \u00c1guas Vermelhas<br \/>\n&#8211; Heberth Ryan Mendes Marques da E.E. Pres Tancredo Neves, em Taiobeiras<br \/>\n&#8211; Maicon Lopes Ara\u00fajo da E.M. De Grotinha, em Janu\u00e1ria<br \/>\n&#8211; Gabriel David Camargo da E.E. Comendador Viana, em Espinosa<br \/>\n&#8211; Jose Leandro Souza Castro da E.E. Sebastiao Vieira Dias, em Olhos D\u2019\u00c1gua<br \/>\n&#8211; Victor Camargo Melo da E.E. Venceslau Bras, em Ja\u00edba<br \/>\n&#8211; Darlisson Oliveira Silva da E.E. Joaquim Teixeira De Brito, em Catuti<\/p>\n<p><strong>Medalha de Bronze:<\/strong><br \/>\n&#8211; Arlem Leonardo Oliveira Filho da E.E Prof Bicalho, em Gr\u00e3o Mogol<br \/>\n&#8211; Eduardo Carvalho Calheira da E.E Comendador Viana, em Espinosa<br \/>\n&#8211; Michael Andr\u00e9 Cangussu Tolentino da E.E Comendador Viana, em Espinosa<br \/>\n&#8211; Leonardo Gabriel Gomes Correa da E.E Zoe Machado, em Ja\u00edba<br \/>\n&#8211; Matheus Henrique Camargo Dias da E.E Zoe Machado, em Ja\u00edba<br \/>\n&#8211; Lara Fernandes Souza da E.E Jose Gorutuba, em Jana\u00faba<br \/>\n&#8211; Maria Rita Ferreira Nascimento da E.E Joaquim Mauricio De Azevedo, em Jana\u00faba<br \/>\n&#8211; Maria Clara Alves Medeiros da E.E Jose Gorutuba, em Jana\u00faba<br \/>\n&#8211; Adelina Aparecida De Souza da E.E Aristides Jose Tolentino, em Mamonas<br \/>\n&#8211; Caio Fabricio Lima Silva da E.E Prof Jose Am\u00e9rico Barbosa, em Mato Verde<br \/>\n&#8211; Giordano Gardel Dos S Almeida da E.E Prof Jose Am\u00e9rico Barbosa, em Mato Verde<br \/>\n&#8211; Lucas Matheus Rodrigues Costa\tda E.E Prof Jose Am\u00e9rico Barbosa, em Mato Verde<br \/>\n&#8211; Marina Alves Rocha da E.E Eduardo Frieiro, em Mato Verde<br \/>\n&#8211; Jefferson Willian Martins De Souza da E.M Ant\u00f4nio Oliveira Neto, em Monte Azul<br \/>\n&#8211; Mercia Caroline Nogueira Martins da E.E Santos Dumont, em Pai Pedro<br \/>\n&#8211; Isadora Martins Santos da E.E Miguel Jose Da Cunha, em Porteirinha<br \/>\n&#8211; Naubert Mendes Silva da E.E Miguel Jose Da Cunha, em Porteirinha<br \/>\n&#8211; Thiago Emanoel Brito Santos da E.E Alcides Mendes Da Silva, em Porteirinha<br \/>\n&#8211; Ivia Julia Martins Santos da E.E Alcides Mendes Da Silva, em Porteirinha<br \/>\n&#8211; Igor Nahan Martins Souza da E.E Alcides Mendes Da Silva, em Porteirinha<br \/>\n&#8211; Larissa Renata Santos da E.E Alcides Mendes Da Silva, em Porteirinha<br \/>\n&#8211; Anne Beatriz Mendes Ruas da E.M Santos Dumont, em Riacho Dos Machados<br \/>\n&#8211; Eliabe Souza Reis da E.E De Montalv\u00e2nia, em Montalv\u00e2nia<br \/>\n&#8211; Melissa Lima Almeida Goncalves da E.M Do Bom Menino, em S\u00e3o Francisco<br \/>\n&#8211; Miryele Afonso Ferreira\tda E.E Cel Francisco Ribeiro, em Cora\u00e7\u00e3o De Jesus<br \/>\n&#8211; Taylor Duarte Gomes do Col Tiradentes PMMG, em Montes Claros<br \/>\n&#8211; Mariana Goncalves Campanha do Col Tiradentes PMMG, em Montes Claros<br \/>\n&#8211; Paula Geovana Souza Frota do Caic Em Dominguinhos Pereira, em Montes Claros<br \/>\n&#8211; Emanuelly Noemy Rocha Cardoso da E.E Francisco Peres, em Montes Claros<br \/>\n&#8211; Claudio Juliano Santos Alcantara da E.M Dona Vidinha Pires, em Montes Claros<br \/>\n&#8211; Pablo Vitor De Sousa Mendes da E.E Prof Alcides De Carvalho, em Montes Claros<br \/>\n&#8211; Fernando Hansen Soares Borges do Col Tiradentes PMMG, em Montes Claros<br \/>\n&#8211; Jhonas Jose Nascimento Batista\tda E.E Dr Carlos Albuquerque, em Montes Claros<br \/>\n&#8211; Leonardo Junio Oliveira Duarte\tdo Col Tiradentes PMMG, em Montes Claros<br \/>\n&#8211; Saulo Oliveira Araujo da E.E Prof Hamilton Lopes, em Montes Claros<br \/>\n&#8211; Vitor Matheus Santos Batista da E.E Profa Dulce Sarmento, em Montes Claros<br \/>\n&#8211; Samuel Ferreira Menes da E.E Pe Jose Silveira, em Varzel\u00e2ndia<br \/>\n&#8211; Mardy Wilian Souza Da Silva da E.E Pe Jose Silveira, em Varzel\u00e2ndia<br \/>\n&#8211; Giovanna Alvee De Souza da E.E Pe Jose Silveira, em Varzel\u00e2ndia<br \/>\n&#8211; Joao Pedro Campos Nery da E.E Pref Jose Maria Pereira\t, em Buritizeiro<br \/>\n&#8211; Samuel Raimundo Lopes Pinto da E.E Carlos Chagas, em Lassance<br \/>\n&#8211; Luelton Vinicios Pacheco Gomes da E.E Dep Quintino Vargas, em Pirapora<br \/>\n&#8211; Iris Karoline Antunes Ferreira da E.E Cel Jose Ven\u00e2ncio De Sousa, em \u00c1guas Vermelhas<br \/>\n&#8211; Cleivton Santos Bahia da E.E De Machado Mineiro, em \u00c1guas Vermelhas<br \/>\n&#8211; Luciano Batista Narici da E.E Joao \u00c1lvaro Bahia, em Berizal<br \/>\n&#8211; Alexandre Ferraz Delfino da E.E Divisa Alegre, em Divisa Alegre<br \/>\n&#8211; Jeison Santos Silva da E.E Joaquim Vieira, em Indaiabira<br \/>\n&#8211; Guilherme Fernandes De Oliveira da E.E Profa Marlene Carmo, em Rio Pardo De Minas<br \/>\n&#8211; Joao Victor De Paula Sa da E.E Profa Marlene Carmo, em Rio Pardo De Minas<br \/>\n&#8211; Luis Augusto S Mendes da E.E Cel Idalino Ribeiro, em Salinas<br \/>\n&#8211; Gabriela Gomes De Oliveira da E.E Prof Elidio Duque, em Salinas<br \/>\n&#8211; Aliffer Pereira Chagas da E.E De Sao Joao Do Paraiso, em S\u00e3o Jo\u00e3o Do Para\u00edso<br \/>\n&#8211; Maikon Alexandre Dos Santos Sousa da E.E Pres Tancredo Neves, em Taiobeiras<br \/>\n&#8211; Tiago Gomes Da Silva da E.E Pres Tancredo Neves, em Taiobeiras<\/p>\n<p><strong>Confira a lista de medalhistas em todo o estado de Minas na Obmep 2014:<\/strong><br \/>\n<a href=\"http:\/\/premiacao.obmep.org.br\/2014\/verRelatorioPremiadosOuro-MG.do.htm\" target=\"_blank\">&#8211; MEDALHAS DE OURO (Clique aqui)<\/a><br \/>\n<a href=\"http:\/\/premiacao.obmep.org.br\/2014\/verRelatorioPremiadosPrata-MG.do.htm\" target=\"_blank\">&#8211; MEDALHAS DE PRATA (Clique aqui)<\/a><br \/>\n<a href=\"http:\/\/premiacao.obmep.org.br\/2014\/verRelatorioPremiadosBronze-MG.do.htm\" target=\"_blank\">&#8211; MEDALHAS DE BRONZE(Clique aqui)<\/a><br \/>\n<a href=\"http:\/\/premiacao.obmep.org.br\/2014\/verRelatorioPremiadosMencao-MG.do.htm\" target=\"_blank\">&#8211; MEN\u00c7\u00c3O HONROSA (Clique aqui)<\/a><br \/>\n<a href=\"http:\/\/premiacao.obmep.org.br\/2014\/verRelatorioProfessoresPremiados-MG.do.htm\" target=\"_blank\">&#8211; PROFESSORES PREMIADOS (Clique aqui)<\/a><br \/>\n<a href=\"http:\/\/premiacao.obmep.org.br\/2014\/verRelatorioEscolasPremiadas-MG.do.htm\" target=\"_blank\">&#8211; ESCOLAS PREMIADAS (Clique aqui)<\/a><br \/>\n<a href=\"http:\/\/premiacao.obmep.org.br\/2014\/verRelatorioSecretariasEducacaoPremiados-MG.do.htm\" target=\"_blank\">&#8211; SECRETARIAS DE EDUCA\u00c7\u00c3O PREMIADAS (Clique aqui)<\/a><\/p>\n<h4>Entenda a competi\u00e7\u00e3o<\/h4>\n<p>A Olimp\u00edada Brasileira de Matem\u00e1tica das Escolas P\u00fablicas \u00e9 dividida em tr\u00eas n\u00edveis. O primeiro \u00e9 composto por estudantes do 6\u00ba e 7\u00ba anos do ensino fundamental. No segundo, fazem as avalia\u00e7\u00f5es alunos do 8\u00ba e 9\u00ba anos do ensino fundamental. J\u00e1 o 3\u00ba n\u00edvel \u00e9 composto por estudantes do ensino m\u00e9dio.<\/p>\n<p>A Obmep busca estimular e promover o estudo da Matem\u00e1tica entre os alunos das escolas p\u00fablicas, al\u00e9m de contribuir para a melhoria da qualidade da educa\u00e7\u00e3o b\u00e1sica. A competi\u00e7\u00e3o \u00e9 promovida pelos minist\u00e9rios da Educa\u00e7\u00e3o e da Ci\u00eancia e Tecnologia e \u00e9 realizada pelo Instituto Nacional de Matem\u00e1tica Aplicada (Impa) e pela Sociedade Brasileira de Matem\u00e1tica (SBM).<\/p>\n","protected":false},"excerpt":{"rendered":"<p>Resultado dos premiados estava previsto para o dia 1\u00ba de dezembro. Norte de Minas recebeu v\u00e1rias medalhas de ouro, prata e bronze. O resultado da 10\u00aa edi\u00e7\u00e3o da Olimp\u00edada Brasileira de Matem\u00e1tica das Escolas P\u00fablicas (Obmep) seria divulgado no dia 1\u00ba de dezembro, mas foi antecipado e os nomes conhecidos na tarde desta sexta-feira (28). [&hellip;]<\/p>\n","protected":false},"author":1,"featured_media":46696,"comment_status":"open","ping_status":"closed","sticky":false,"template":"","format":"standard","meta":{"amp_status":"","footnotes":""},"categories":[1236],"tags":[24778,4202,1342,1535,1800,1801,24989,5259,24940,24946,24952,24944,24972,24998,25000,24942,24990,24978,24974,24986,24970,24984,25002,24988,24993,25009,24980,24948,24976,25005,25007,24996,24950,24982,24969,1278,24979,24939,24999,1153,24992,25008,24975,24951,25001,3557,24971,1058,204,205,25004,2941,25003,24995,3673,24985,1195,24964,24965,24966,1709,210,24994,24777,973,24967,3059,24943,24947,254,1711,1194,24968,24776,24962,24963,1807,421,24991,24941,190,24949,1522,1403,24973,419,24981,24945,3046,1713,25006,24977,24983,24987,24997],"class_list":["post-46792","post","type-post","status-publish","format-standard","has-post-thumbnail","hentry","category-norte_de_minas","tag-10a-edicao-da-olimpiada-brasileira-de-matematica-das-escolas-publicas","tag-aguas-vermelhas","tag-berizal","tag-buritizeiro","tag-catuti","tag-coracao-de-jesus","tag-diogo-de-sousa","tag-divisa-alegre","tag-e-e-eloy-pereira","tag-e-e-goncalves-chaves","tag-e-e-mauricio-augusto-de-azevedo","tag-e-e-zoe-machado","tag-e-e-alcides-mendes-da-silva","tag-e-e-cel-jose-venancio-de-sousa","tag-e-e-comendador-viana","tag-e-e-coronel-francisco-ribeiro","tag-e-e-de-machado-mineiro","tag-e-e-de-sao-joao-do-paraiso","tag-e-e-eduardo-frieiro","tag-e-e-joao-de-freitas-neto","tag-e-e-joao-dias-de-amorim","tag-e-e-jose-gorutuba","tag-e-e-maria-da-conceicao-r-avelar","tag-e-e-pe-jose-silveira","tag-e-e-pres-tancredo-neves","tag-e-e-prof-alcides-de-carvalho","tag-e-e-prof-edilson-brandao","tag-e-e-professor-jose-americo-barbosa","tag-e-e-romulo-sales-de-azevedo","tag-e-e-sebastiao-vieira-dias","tag-e-e-venceslau-bras","tag-e-m-de-grotinha","tag-e-m-do-bom-menino","tag-e-m-dominguinhos-pereira","tag-emanuel-mendes-queiroz","tag-espinosa","tag-fellipe-rocha-pereira","tag-gabriel-brito-alkmim","tag-gabriel-david-camargo","tag-grao-mogol","tag-heberth-ryan-mendes-marques","tag-heliel-teogenes-morais-marques","tag-henrique-cesar-alves-de-souza","tag-henrique-nogueira-bastos","tag-hugo-edmar-dias-santos","tag-indaiabira","tag-iuri-pablo-oliveira-mendes","tag-jaiba","tag-janauba","tag-januaria","tag-jose-leandro-souza-castro","tag-lassance","tag-lucio-meira-david","tag-maicon-lopes-araujo","tag-mamonas","tag-matheus-costa-rocha","tag-mato-verde","tag-medalhistas-da-obmep-2014-no-norte-de-minas","tag-medalhistas-na-10a-edicao-da-olimpiada-brasileira-de-matematica-das-escolas-publicas-no-norte-de-minas","tag-medalhistas-na-olimpiada-brasileira-de-matematica-das-escolas-publicas","tag-montalvania","tag-montes-claros","tag-nadia-stephane-mota-neres-caic","tag-obmep-2014","tag-olhos-dagua","tag-olimpiada-brasileira-de-matematica-das-escolas-publicas","tag-pai-pedro","tag-paula-juliana-pereira-cordeiro","tag-pedro-henrique-de-padua-freitas","tag-pirapora","tag-ponto-chique","tag-porteirinha","tag-premiados-da-obmep","tag-premiados-da-obmep-2014","tag-regiao-norte-de-minas-conquista-varias-medalhas-de-ouro-prata-e-bronze-na-obmep-2014","tag-regiao-norte-de-minas-conquista-varias-medalhas-na-obmep-2014","tag-riacho-dos-machados","tag-rio-pardo-de-minas","tag-ronald-antunes-da-silva-sa","tag-ruth-emanuele-da-silva-andrade","tag-salinas","tag-samuel-de-oliveira-pinto","tag-sao-francisco","tag-sao-joao-do-paraiso","tag-sthefany-luany-rodrigues","tag-taiobeiras","tag-tallita-ramos-antunes-caic","tag-vanessa-da-silva-franca-alves","tag-vargem-grande-do-rio-pardo","tag-varzelandia","tag-victor-camargo-melo","tag-vitor-ricardo-silva-mendes","tag-vitoria-dias-brito","tag-wagner-junior-ferreira-andrade","tag-wirkley-santos-de-sousa"],"_links":{"self":[{"href":"https:\/\/aconteceunovale.com.br\/portal\/index.php?rest_route=\/wp\/v2\/posts\/46792","targetHints":{"allow":["GET"]}}],"collection":[{"href":"https:\/\/aconteceunovale.com.br\/portal\/index.php?rest_route=\/wp\/v2\/posts"}],"about":[{"href":"https:\/\/aconteceunovale.com.br\/portal\/index.php?rest_route=\/wp\/v2\/types\/post"}],"author":[{"embeddable":true,"href":"https:\/\/aconteceunovale.com.br\/portal\/index.php?rest_route=\/wp\/v2\/users\/1"}],"replies":[{"embeddable":true,"href":"https:\/\/aconteceunovale.com.br\/portal\/index.php?rest_route=%2Fwp%2Fv2%2Fcomments&post=46792"}],"version-history":[{"count":0,"href":"https:\/\/aconteceunovale.com.br\/portal\/index.php?rest_route=\/wp\/v2\/posts\/46792\/revisions"}],"wp:featuredmedia":[{"embeddable":true,"href":"https:\/\/aconteceunovale.com.br\/portal\/index.php?rest_route=\/wp\/v2\/media\/46696"}],"wp:attachment":[{"href":"https:\/\/aconteceunovale.com.br\/portal\/index.php?rest_route=%2Fwp%2Fv2%2Fmedia&parent=46792"}],"wp:term":[{"taxonomy":"category","embeddable":true,"href":"https:\/\/aconteceunovale.com.br\/portal\/index.php?rest_route=%2Fwp%2Fv2%2Fcategories&post=46792"},{"taxonomy":"post_tag","embeddable":true,"href":"https:\/\/aconteceunovale.com.br\/portal\/index.php?rest_route=%2Fwp%2Fv2%2Ftags&post=46792"}],"curies":[{"name":"wp","href":"https:\/\/api.w.org\/{rel}","templated":true}]}}