{"id":46780,"date":"2014-11-29T21:43:39","date_gmt":"2014-11-30T00:43:39","guid":{"rendered":"http:\/\/aconteceunovale.com.br\/portal\/?p=46780"},"modified":"2014-11-29T21:43:39","modified_gmt":"2014-11-30T00:43:39","slug":"homem-que-matou-jovem-de-16-anos-em-governador-valadares-e-condenado-a-25-anos-de-prisao","status":"publish","type":"post","link":"https:\/\/aconteceunovale.com.br\/portal\/?p=46780","title":{"rendered":"Homem que matou jovem de 16 anos em Governador Valadares \u00e9 condenado a 25 anos de pris\u00e3o"},"content":{"rendered":"<h4><strong><em>Gian Lu\u00eds Alves foi condenado pelo Tribunal do J\u00fari e sentenciado pelo juiz a 25 anos e 10 meses de reclus\u00e3o. O julgamento durou aproximadamente 14 horas.<\/em><\/strong><\/h4>\n<p>O acusado do assassinato da adolescente Ana Gabrielly Nascimento Santos, em janeiro de 2013, Gian Lu\u00eds Alves, foi condenado a 25 anos e 10 meses de pris\u00e3o, no julgamento que aconteceu na sexta-feira (28). Delvane Ferreira Alves, acusado de ocultar o corpo da v\u00edtima, foi absolvido. O julgamento come\u00e7ou \u00e0s 8h terminou por volta das 22h.<\/p>\n<p>De acordo com os assistentes de acusa\u00e7\u00e3o, advogados Marco Siqueira e Marcos Oliveira, que trabalham na comarca de Belo Horizonte e Curvelo, o acusado Gian Lu\u00eds Alves foi condenado por homic\u00eddio triplamente qualificado \u2014 motivo f\u00fatil, meio cruel e recurso que dificultou a defesa da v\u00edtima. Pelo homic\u00eddio ele foi condenado a 23 anos e 4 meses em regime fechado. E por subtra\u00e7\u00e3o e oculta\u00e7\u00e3o de cad\u00e1ver, recebeu pena de 2 anos e 6 meses de reclus\u00e3o, totalizando uma pena de 25 anos e 10 meses. J\u00e1 o acusado Delvane Ferreira Alves foi inocentado do crime de oculta\u00e7\u00e3o de cad\u00e1ver, mas permanece preso, j\u00e1 que responde por tr\u00e1fico de drogas.<\/p>\n<p>Segundo Marco Siqueira, o resultado foi satisfat\u00f3rio. \u201cHaja vista que n\u00e3o viemos a Valadares em busca de vit\u00f3ria ou derrota, viemos buscar justi\u00e7a e isso foi feito no tribunal do j\u00fari. Foi um debate quente, mas muito proveitoso e alcan\u00e7amos o resultado que desej\u00e1vamos. O crime revoltou a sociedade e principalmente a dignidade da mulher, porque quem ama n\u00e3o pode \u2018desamar\u2019 e fazer o que [ele] fez com aquela mo\u00e7a\u201d, disse, complementando que a defesa pode recorrer. \u201cEles podem recorrer, mas acredito que se fizerem far\u00e3o da melhor forma poss\u00edvel, porque s\u00e3o grandes advogados aqui da comarca. Mas acredito que o tribunal n\u00e3o ir\u00e1 reformar em nada a decis\u00e3o, porque o juiz ao aplicar a pena fez uma avalia\u00e7\u00e3o muito importante com rela\u00e7\u00e3o ao r\u00e9u. E o pr\u00f3prio juiz percebeu a surpreendente frieza.\u201d<\/p>\n<p>Para o advogado Marcos Oliveira, a pena de 25 anos e 10 meses foi justa. \u201c\u00c9 o que o C\u00f3digo manda aplicar, e o juiz foi muito bem na sua senten\u00e7a; ficamos satisfeitos. O Delvane, que foi absolvido, ficou muito bem apurado pelas provas que ele deveria ser absolvido e n\u00f3s ficamos satisfeitos. Estamos mostrando para Governador Valadares que a justi\u00e7a foi bem empregada\u201d, concluiu. <\/p>\n<p><img decoding=\"async\" src=\"http:\/\/aconteceunovale.com.br\/portal\/wp-content\/uploads\/2014\/11\/condenado_gv.jpg\" alt=\"\" \/><em>Autor foi condenado a 25 anos e 10 meses de pris\u00e3o (Foto: reprodu\u00e7\u00e3o\/Humberto Lemos)<\/em><br \/>\n<\/br><\/p>\n<p><strong><em>(Di\u00e1rio do Rio Doce)<\/em><\/strong><\/p>\n","protected":false},"excerpt":{"rendered":"<p>Gian Lu\u00eds Alves foi condenado pelo Tribunal do J\u00fari e sentenciado pelo juiz a 25 anos e 10 meses de reclus\u00e3o. O julgamento durou aproximadamente 14 horas. O acusado do assassinato da adolescente Ana Gabrielly Nascimento Santos, em janeiro de 2013, Gian Lu\u00eds Alves, foi condenado a 25 anos e 10 meses de pris\u00e3o, no [&hellip;]<\/p>\n","protected":false},"author":1,"featured_media":46781,"comment_status":"open","ping_status":"closed","sticky":false,"template":"","format":"standard","meta":{"amp_status":"","footnotes":""},"categories":[121],"tags":[24954,194,197,24955,17276,247,24953,24956,24957],"class_list":["post-46780","post","type-post","status-publish","format-standard","has-post-thumbnail","hentry","category-leste","tag-ana-gabrielly-nascimento-santos","tag-belo-horizonte","tag-curvelo","tag-delvane-ferreira-alves","tag-gian-luis-alves","tag-governador-valadares","tag-homem-que-matou-jovem-de-16-anos-em-governador-valadares-e-condenado-a-25-anos-de-prisao","tag-marco-siqueira","tag-marcos-oliveira"],"_links":{"self":[{"href":"https:\/\/aconteceunovale.com.br\/portal\/index.php?rest_route=\/wp\/v2\/posts\/46780","targetHints":{"allow":["GET"]}}],"collection":[{"href":"https:\/\/aconteceunovale.com.br\/portal\/index.php?rest_route=\/wp\/v2\/posts"}],"about":[{"href":"https:\/\/aconteceunovale.com.br\/portal\/index.php?rest_route=\/wp\/v2\/types\/post"}],"author":[{"embeddable":true,"href":"https:\/\/aconteceunovale.com.br\/portal\/index.php?rest_route=\/wp\/v2\/users\/1"}],"replies":[{"embeddable":true,"href":"https:\/\/aconteceunovale.com.br\/portal\/index.php?rest_route=%2Fwp%2Fv2%2Fcomments&post=46780"}],"version-history":[{"count":0,"href":"https:\/\/aconteceunovale.com.br\/portal\/index.php?rest_route=\/wp\/v2\/posts\/46780\/revisions"}],"wp:featuredmedia":[{"embeddable":true,"href":"https:\/\/aconteceunovale.com.br\/portal\/index.php?rest_route=\/wp\/v2\/media\/46781"}],"wp:attachment":[{"href":"https:\/\/aconteceunovale.com.br\/portal\/index.php?rest_route=%2Fwp%2Fv2%2Fmedia&parent=46780"}],"wp:term":[{"taxonomy":"category","embeddable":true,"href":"https:\/\/aconteceunovale.com.br\/portal\/index.php?rest_route=%2Fwp%2Fv2%2Fcategories&post=46780"},{"taxonomy":"post_tag","embeddable":true,"href":"https:\/\/aconteceunovale.com.br\/portal\/index.php?rest_route=%2Fwp%2Fv2%2Ftags&post=46780"}],"curies":[{"name":"wp","href":"https:\/\/api.w.org\/{rel}","templated":true}]}}