{"id":46767,"date":"2014-11-29T18:51:22","date_gmt":"2014-11-29T21:51:22","guid":{"rendered":"http:\/\/aconteceunovale.com.br\/portal\/?p=46767"},"modified":"2014-11-29T18:51:22","modified_gmt":"2014-11-29T21:51:22","slug":"jovem-e-espancado-e-morto-com-tiro-na-cabeca-em-novo-cruzeiro","status":"publish","type":"post","link":"https:\/\/aconteceunovale.com.br\/portal\/?p=46767","title":{"rendered":"Jovem \u00e9 espancado e morto com tiro na cabe\u00e7a em Novo Cruzeiro"},"content":{"rendered":"<h4><strong><em>Parentes contaram que a v\u00edtima j\u00e1 havia sido presa e tinha inimigos na regi\u00e3o<\/em><\/strong><\/h4>\n<p>Um jovem de 23 anos foi espancado e morto com um tiro na cabe\u00e7a em Novo Cruzeiro, no Vale do Jequitinhonha. O corpo da v\u00edtima foi achado na zona rural da cidade na manh\u00e3 dessa sexta-feira (28).<\/p>\n<p>De acordo com a Pol\u00edcia Militar, Jurandir Francisco Dias foi encontrado ca\u00eddo, na estrada que d\u00e1 acesso ao C\u00f3rrego Consulta, j\u00e1 sem vida. No corpo havia marcas de mordidas no peito e pauladas na nuca.<\/p>\n<p>A causa da morte, segundo a per\u00edcia, foi um tiro na cabe\u00e7a. Um peda\u00e7o de madeira sujo de sangue e uma p\u00e1 com o cabo partido ao meio, que teriam sido usadas na agress\u00e3o, foram apreendidas.<\/p>\n<p>A fam\u00edlia da v\u00edtima contou que ela j\u00e1 tinha sido presa e possu\u00eda inimigos na regi\u00e3o. A pol\u00edcia fez buscas pelo local, mas nenhum suspeito foi encontrado. (R7)<\/p>\n","protected":false},"excerpt":{"rendered":"<p>Parentes contaram que a v\u00edtima j\u00e1 havia sido presa e tinha inimigos na regi\u00e3o Um jovem de 23 anos foi espancado e morto com um tiro na cabe\u00e7a em Novo Cruzeiro, no Vale do Jequitinhonha. O corpo da v\u00edtima foi achado na zona rural da cidade na manh\u00e3 dessa sexta-feira (28). De acordo com a [&hellip;]<\/p>\n","protected":false},"author":1,"featured_media":42404,"comment_status":"open","ping_status":"closed","sticky":false,"template":"","format":"standard","meta":{"amp_status":"","footnotes":""},"categories":[120],"tags":[24891,24892,175],"class_list":{"0":"post-46767","1":"post","2":"type-post","3":"status-publish","4":"format-standard","5":"has-post-thumbnail","6":"hentry","7":"category-jequi","9":"tag-jurandir-francisco-dias","10":"tag-novo-cruzeiro"},"_links":{"self":[{"href":"https:\/\/aconteceunovale.com.br\/portal\/index.php?rest_route=\/wp\/v2\/posts\/46767","targetHints":{"allow":["GET"]}}],"collection":[{"href":"https:\/\/aconteceunovale.com.br\/portal\/index.php?rest_route=\/wp\/v2\/posts"}],"about":[{"href":"https:\/\/aconteceunovale.com.br\/portal\/index.php?rest_route=\/wp\/v2\/types\/post"}],"author":[{"embeddable":true,"href":"https:\/\/aconteceunovale.com.br\/portal\/index.php?rest_route=\/wp\/v2\/users\/1"}],"replies":[{"embeddable":true,"href":"https:\/\/aconteceunovale.com.br\/portal\/index.php?rest_route=%2Fwp%2Fv2%2Fcomments&post=46767"}],"version-history":[{"count":0,"href":"https:\/\/aconteceunovale.com.br\/portal\/index.php?rest_route=\/wp\/v2\/posts\/46767\/revisions"}],"wp:featuredmedia":[{"embeddable":true,"href":"https:\/\/aconteceunovale.com.br\/portal\/index.php?rest_route=\/wp\/v2\/media\/42404"}],"wp:attachment":[{"href":"https:\/\/aconteceunovale.com.br\/portal\/index.php?rest_route=%2Fwp%2Fv2%2Fmedia&parent=46767"}],"wp:term":[{"taxonomy":"category","embeddable":true,"href":"https:\/\/aconteceunovale.com.br\/portal\/index.php?rest_route=%2Fwp%2Fv2%2Fcategories&post=46767"},{"taxonomy":"post_tag","embeddable":true,"href":"https:\/\/aconteceunovale.com.br\/portal\/index.php?rest_route=%2Fwp%2Fv2%2Ftags&post=46767"}],"curies":[{"name":"wp","href":"https:\/\/api.w.org\/{rel}","templated":true}]}}