{"id":46755,"date":"2014-11-29T14:41:03","date_gmt":"2014-11-29T17:41:03","guid":{"rendered":"http:\/\/aconteceunovale.com.br\/portal\/?p=46755"},"modified":"2014-11-29T14:41:03","modified_gmt":"2014-11-29T17:41:03","slug":"campanha-de-vacinacao-contra-polio-e-sarampo-continua-ate-12-de-dezembro","status":"publish","type":"post","link":"https:\/\/aconteceunovale.com.br\/portal\/?p=46755","title":{"rendered":"Campanha de vacina\u00e7\u00e3o contra p\u00f3lio e sarampo continua at\u00e9 12 de dezembro"},"content":{"rendered":"<p>A campanha de vacina\u00e7\u00e3o contra sarampo e poliomielite, que terminaria hoje (28), n\u00e3o atingiu a meta de imuniza\u00e7\u00e3o. Por isso, o Minist\u00e9rio da Sa\u00fade decidiu prorrog\u00e1-la at\u00e9 12 de dezembro em todo pa\u00eds, na tentativa de alcan\u00e7ar o objetivo de imunizar pelo menos 95% do p\u00fablico-alvo.<\/p>\n<p>Iniciada no dia 8 deste m\u00eas, a campanha vacinou 9,3 milh\u00f5es de crian\u00e7as contra poliomielite, o que representa 73,2% da meta estabelecida, e 7,1 milh\u00f5es contra o sarampo, aproximadamente 65,4% do p\u00fablico-alvo.<\/p>\n<p>Coordenadora do Programa de Imuniza\u00e7\u00f5es do Minist\u00e9rio da Sa\u00fade, Carla Domingues ressaltou que, mesmo crian\u00e7as com vacina\u00e7\u00e3o em dia, devem se imunizar na campanha, lan\u00e7ada para refor\u00e7ar a prote\u00e7\u00e3o.<\/p>\n<p>A campanha contra a poliomielite \u00e9 voltada para 12,7 milh\u00f5es de crian\u00e7as entre 6 meses e 5 anos incompletos. Segundo Carla, ainda h\u00e1 no mundo dez pa\u00edses end\u00eamicos para a poliomielite. &#8220;Ent\u00e3o, o refor\u00e7o da imuniza\u00e7\u00e3o \u00e9 a forma que o Brasil tem para continuar livre de uma doen\u00e7a infectocontagiosa grave, que pode causar paralisia irrevers\u00edvel&#8221;, salientou.<\/p>\n<p>A VIP (Vacina Inativada Poliomielite) tamb\u00e9m est\u00e1 dispon\u00edvel para crian\u00e7as que n\u00e3o come\u00e7aram a ser imunizadas com as duas primeiras doses injet\u00e1veis, aos 2 e 4 meses de idade.<\/p>\n<p>A vacina\u00e7\u00e3o contra sarampo alcan\u00e7ar\u00e1 crian\u00e7as de 1 ano at\u00e9 as que ainda n\u00e3o completaram 5 anos. Aproximadamente 10 ,6 milh\u00f5es de crian\u00e7as devem ser vacinadas com a tr\u00edplice viral. Al\u00e9m de imunizar contra sarampo, a vacina protege contra a rub\u00e9ola e a caxumba.<\/p>\n<p>Para Carla Domingues, as crian\u00e7as com alergia a leite devem aguardar o chamado do Minist\u00e9rio da Sa\u00fade para tomar a vacina contra sarampo em outra ocasi\u00e3o, j\u00e1 que podem ter rea\u00e7\u00f5es al\u00e9rgicas a componentes do insumo.<\/p>\n<p>O sarampo \u00e9 uma doen\u00e7a viral aguda grave e altamente contagiosa. Os sintomas mais comuns s\u00e3o febre alta, tosse, manchas avermelhadas, coriza e conjuntivite. A transmiss\u00e3o ocorre de pessoa para pessoa, por meio de secre\u00e7\u00f5es expelidas ao tossir, falar ou respirar. As complica\u00e7\u00f5es infecciosas contribuem para a gravidade do sarampo, particularmente em crian\u00e7as desnutridas e menores de 1 ano. A \u00fanica forma de preven\u00e7\u00e3o \u00e9 a vacina.<\/p>\n<p>&#8220;Os pais t\u00eam de entender a import\u00e2ncia de levar os filhos para vacinar, mesmo os que est\u00e3o com a caderneta em dia. Somente dessa forma eles podem garantir que os filhos estar\u00e3o protegidos das doen\u00e7as, prevenindo interna\u00e7\u00f5es e at\u00e9 \u00f3bitos&#8221;, acrescentou Carla.<\/p>\n<p><strong><em>(Ag\u00eancia Brasil)<\/em><\/strong><\/p>\n","protected":false},"excerpt":{"rendered":"<p>A campanha de vacina\u00e7\u00e3o contra sarampo e poliomielite, que terminaria hoje (28), n\u00e3o atingiu a meta de imuniza\u00e7\u00e3o. Por isso, o Minist\u00e9rio da Sa\u00fade decidiu prorrog\u00e1-la at\u00e9 12 de dezembro em todo pa\u00eds, na tentativa de alcan\u00e7ar o objetivo de imunizar pelo menos 95% do p\u00fablico-alvo. Iniciada no dia 8 deste m\u00eas, a campanha vacinou [&hellip;]<\/p>\n","protected":false},"author":1,"featured_media":44649,"comment_status":"open","ping_status":"closed","sticky":false,"template":"","format":"standard","meta":{"amp_status":"","footnotes":""},"categories":[6],"tags":[15623,24870,24869,21731,22285,24872,24871,22077,22284],"class_list":["post-46755","post","type-post","status-publish","format-standard","has-post-thumbnail","hentry","category-br","tag-campanha","tag-campanha-de-vacinacao-contra-polio-e-sarampo","tag-campanha-de-vacinacao-contra-polio-e-sarampo-continua-ate-12-de-dezembro","tag-imunizacao","tag-poliomielite","tag-prorrogacao","tag-prorrogada-campanha-de-vacinacao-contra-polio-e-sarampo","tag-sarampo","tag-vacinacao"],"_links":{"self":[{"href":"https:\/\/aconteceunovale.com.br\/portal\/index.php?rest_route=\/wp\/v2\/posts\/46755","targetHints":{"allow":["GET"]}}],"collection":[{"href":"https:\/\/aconteceunovale.com.br\/portal\/index.php?rest_route=\/wp\/v2\/posts"}],"about":[{"href":"https:\/\/aconteceunovale.com.br\/portal\/index.php?rest_route=\/wp\/v2\/types\/post"}],"author":[{"embeddable":true,"href":"https:\/\/aconteceunovale.com.br\/portal\/index.php?rest_route=\/wp\/v2\/users\/1"}],"replies":[{"embeddable":true,"href":"https:\/\/aconteceunovale.com.br\/portal\/index.php?rest_route=%2Fwp%2Fv2%2Fcomments&post=46755"}],"version-history":[{"count":0,"href":"https:\/\/aconteceunovale.com.br\/portal\/index.php?rest_route=\/wp\/v2\/posts\/46755\/revisions"}],"wp:featuredmedia":[{"embeddable":true,"href":"https:\/\/aconteceunovale.com.br\/portal\/index.php?rest_route=\/wp\/v2\/media\/44649"}],"wp:attachment":[{"href":"https:\/\/aconteceunovale.com.br\/portal\/index.php?rest_route=%2Fwp%2Fv2%2Fmedia&parent=46755"}],"wp:term":[{"taxonomy":"category","embeddable":true,"href":"https:\/\/aconteceunovale.com.br\/portal\/index.php?rest_route=%2Fwp%2Fv2%2Fcategories&post=46755"},{"taxonomy":"post_tag","embeddable":true,"href":"https:\/\/aconteceunovale.com.br\/portal\/index.php?rest_route=%2Fwp%2Fv2%2Ftags&post=46755"}],"curies":[{"name":"wp","href":"https:\/\/api.w.org\/{rel}","templated":true}]}}