{"id":46733,"date":"2014-11-29T11:43:25","date_gmt":"2014-11-29T14:43:25","guid":{"rendered":"http:\/\/aconteceunovale.com.br\/portal\/?p=46733"},"modified":"2014-11-29T11:55:43","modified_gmt":"2014-11-29T14:55:43","slug":"aviao-cai-sobre-residencia-e-duas-pessoas-ficam-feridas-em-belo-horizonte","status":"publish","type":"post","link":"https:\/\/aconteceunovale.com.br\/portal\/?p=46733","title":{"rendered":"Avi\u00e3o cai sobre resid\u00eancia e duas pessoas ficam feridas em Belo Horizonte"},"content":{"rendered":"<h4><strong><em>Local da queda fica pr\u00f3ximo do aeroporto Carlos Prates. Piloto e aluno foram resgatados conscientes<\/em><\/strong><\/h4>\n<p>Um avi\u00e3o monomotor caiu e deixou duas pessoas feridas na manh\u00e3 deste s\u00e1bado, no Bairro Jardim Montanh\u00eas, na Regi\u00e3o Noroeste de Belo Horizonte. De acordo com informa\u00e7\u00f5es do Corpo de Bombeiros, a aeronave atingiu o telhado de uma resid\u00eancia na Rua Lorena, esquina com a Rua Belo Vale, pr\u00f3ximo \u00e0 Avenida Pedro II.<\/p>\n<p><img decoding=\"async\" src=\"http:\/\/aconteceunovale.com.br\/portal\/wp-content\/uploads\/2014\/11\/aviao_cai_em_bh_1.jpg\" alt=\"\" \/><em>Avi\u00e3o caiu sobre telhado de resid\u00eancia do bairro Jardim Montanh\u00eas &#8211; Foto: Divulga\u00e7\u00e3o\/PMMG<\/em><br \/>\n<\/br><\/p>\n<p>Os militares informaram ainda que o piloto, Carlos Almeida Cunha Filgueras, e o passageiro, Guilherme Campos Vieira, de 48, sofreram ferimentos leves e foram socorridos por vizinhos do local do acidente. Ambos deram entrada no Hospital Jo\u00e3o XXIII. N\u00e3o havia moradores na resid\u00eancia atingida pelo avi\u00e3o. Depois do acidente, houve princ\u00edpio de inc\u00eandio na aeronave, por\u00e9m as chamas foram controladas pelo Corpo de Bombeiros.<\/p>\n<p>O caminhoneiro Igor Savino chegou ao local do acidente pouco depois da queda e ajudou a socorrer os ocupantes. Ele contou que os motores do avi\u00e3o pararam de funcionar logo ap\u00f3s a decolagem e piloto tentou retornar ao Aeroporto Carlos Prates, de onde o equipamento levantou voo, mas acabou colidindo no telhado da resid\u00eancia. Savino mora na Rua Artur Haas, pr\u00f3ximo \u00e0 regi\u00e3o do acidente.<\/p>\n<p>O microempres\u00e1rio F\u00e1bio Pereira Gomes Lopes contou que ouviu o barulho da impacto do bimotor. Ele tamb\u00e9m estava na Rua Artur Haas no momento do acidente e tamb\u00e9m atuou no resgate das v\u00edtimas. &#8220;N\u00f3s entramos na casa e subimos no telhado com uma escada. Depois eu deixei uma mangueira ligada em cima do avi\u00e3o para n\u00e3o pegar fogo porque o combust\u00edvel estava vazando&#8221;, disse.<\/p>\n<p><img decoding=\"async\" src=\"http:\/\/aconteceunovale.com.br\/portal\/wp-content\/uploads\/2014\/11\/aviao_cai_em_bh_2.jpg\" alt=\"\" \/><em>Parte do telhado ficou destru\u00edda, mas n\u00e3o h\u00e1 registro de v\u00edtimas no im\u00f3vel &#8211; Foto: Divulga\u00e7\u00e3o\/PMMG<\/em><br \/>\n<\/br><\/p>\n<p><strong><em>(Estado de Minas)<\/em><\/strong><\/p>\n","protected":false},"excerpt":{"rendered":"<p>Local da queda fica pr\u00f3ximo do aeroporto Carlos Prates. Piloto e aluno foram resgatados conscientes Um avi\u00e3o monomotor caiu e deixou duas pessoas feridas na manh\u00e3 deste s\u00e1bado, no Bairro Jardim Montanh\u00eas, na Regi\u00e3o Noroeste de Belo Horizonte. De acordo com informa\u00e7\u00f5es do Corpo de Bombeiros, a aeronave atingiu o telhado de uma resid\u00eancia na [&hellip;]<\/p>\n","protected":false},"author":1,"featured_media":46735,"comment_status":"open","ping_status":"closed","sticky":false,"template":"","format":"standard","meta":{"amp_status":"","footnotes":""},"categories":[123],"tags":[24837,24829,24832,24833,24831,24830,24834,1018,24838,24835,24836],"class_list":["post-46733","post","type-post","status-publish","format-standard","has-post-thumbnail","hentry","category-gerais","tag-aeroporto-carlos-prates","tag-aviao-cai-em-belo-horizonte","tag-aviao-cai-em-bh","tag-aviao-cai-na-capital-mineira","tag-aviao-cai-na-regiao-noroeste-de-belo-horizonte","tag-aviao-cai-no-bairro-jardim-montanhes-em-belo-horizonte","tag-carlos-almeida-cunha-filgueras","tag-destaque","tag-fabio-pereira-gomes-lopes","tag-guilherme-campos-vieira","tag-igor-savino"],"_links":{"self":[{"href":"https:\/\/aconteceunovale.com.br\/portal\/index.php?rest_route=\/wp\/v2\/posts\/46733","targetHints":{"allow":["GET"]}}],"collection":[{"href":"https:\/\/aconteceunovale.com.br\/portal\/index.php?rest_route=\/wp\/v2\/posts"}],"about":[{"href":"https:\/\/aconteceunovale.com.br\/portal\/index.php?rest_route=\/wp\/v2\/types\/post"}],"author":[{"embeddable":true,"href":"https:\/\/aconteceunovale.com.br\/portal\/index.php?rest_route=\/wp\/v2\/users\/1"}],"replies":[{"embeddable":true,"href":"https:\/\/aconteceunovale.com.br\/portal\/index.php?rest_route=%2Fwp%2Fv2%2Fcomments&post=46733"}],"version-history":[{"count":0,"href":"https:\/\/aconteceunovale.com.br\/portal\/index.php?rest_route=\/wp\/v2\/posts\/46733\/revisions"}],"wp:featuredmedia":[{"embeddable":true,"href":"https:\/\/aconteceunovale.com.br\/portal\/index.php?rest_route=\/wp\/v2\/media\/46735"}],"wp:attachment":[{"href":"https:\/\/aconteceunovale.com.br\/portal\/index.php?rest_route=%2Fwp%2Fv2%2Fmedia&parent=46733"}],"wp:term":[{"taxonomy":"category","embeddable":true,"href":"https:\/\/aconteceunovale.com.br\/portal\/index.php?rest_route=%2Fwp%2Fv2%2Fcategories&post=46733"},{"taxonomy":"post_tag","embeddable":true,"href":"https:\/\/aconteceunovale.com.br\/portal\/index.php?rest_route=%2Fwp%2Fv2%2Ftags&post=46733"}],"curies":[{"name":"wp","href":"https:\/\/api.w.org\/{rel}","templated":true}]}}