{"id":46730,"date":"2014-11-29T10:58:13","date_gmt":"2014-11-29T13:58:13","guid":{"rendered":"http:\/\/aconteceunovale.com.br\/portal\/?p=46730"},"modified":"2014-11-29T10:58:13","modified_gmt":"2014-11-29T13:58:13","slug":"temporal-abre-cratera-e-interdita-rodovia-que-liga-minas-gerais-ao-espirito-santo","status":"publish","type":"post","link":"https:\/\/aconteceunovale.com.br\/portal\/?p=46730","title":{"rendered":"Temporal abre cratera e interdita rodovia que liga Minas Gerais ao Esp\u00edrito Santo"},"content":{"rendered":"<h4><strong><em>Rodovia MGC-381 foi completamente interditada. De acordo com a Pol\u00edcia Rodovi\u00e1ria, um trecho de estrada de terra pode ser utilizado como desvio.<\/em><\/strong><\/h4>\n<p>Um temporal que caiu na regi\u00e3o de Central de Minas na tarde dessa sexta-feira, 28 de novembro, abriu uma cratera de aproximadamente dez metros de largura e oito metros de profundidade entre S\u00e3o Jo\u00e3o do Manteninha e Central de Minas, na altura do quil\u00f4metro 43 da MGC-381, rodovia que liga a regi\u00e3o Leste de Minas e o Esp\u00edrito Santo.<\/p>\n<p><img decoding=\"async\" src=\"http:\/\/aconteceunovale.com.br\/portal\/wp-content\/uploads\/2014\/11\/mgc_381_interditada.jpg\" alt=\"\" \/><em>Cratera interditou completamente a MGC-381 &#8211; Foto: Mantena Online\/Divulga\u00e7\u00e3o<\/em><br \/>\n<\/br><\/p>\n<p>Na manh\u00e3 deste s\u00e1bado, a Pol\u00edcia Militar Rodovi\u00e1ria em Mantena divulgou um comunicado informando a interdi\u00e7\u00e3o do trecho. De acordo com a PMRv, devido \u00e0 interrup\u00e7\u00e3o, o trecho que poder\u00e1 ser usado como desvio \u00e9 uma estrada vicinal que corta o distrito de Vargem Grande, de aproximadamente 12 km de terra que liga \u00e0 rodovia MG-417, no trevo pr\u00f3ximo a cidade de Itabirinha. <\/p>\n<p>Ainda segundo o comunicado, o DER j\u00e1 foi acionado para tomar as provid\u00eancias necess\u00e1rias. Outras informa\u00e7\u00f5es podem ser obtidas atrav\u00e9s dos telefones (33) 3241-1465 (Pol\u00edcia Militar de Mantena) ou (33) 3279-4250 (Pol\u00edcia Militar de Meio Ambiente e Tr\u00e2nsito de Governador Valadares).<\/p>\n","protected":false},"excerpt":{"rendered":"<p>Rodovia MGC-381 foi completamente interditada. De acordo com a Pol\u00edcia Rodovi\u00e1ria, um trecho de estrada de terra pode ser utilizado como desvio. Um temporal que caiu na regi\u00e3o de Central de Minas na tarde dessa sexta-feira, 28 de novembro, abriu uma cratera de aproximadamente dez metros de largura e oito metros de profundidade entre S\u00e3o [&hellip;]<\/p>\n","protected":false},"author":1,"featured_media":46731,"comment_status":"open","ping_status":"closed","sticky":false,"template":"","format":"standard","meta":{"amp_status":"","footnotes":""},"categories":[121],"tags":[1671,1018,247,24827,24828,2146,1516,24826,1675,24825],"class_list":["post-46730","post","type-post","status-publish","format-standard","has-post-thumbnail","hentry","category-leste","tag-central-de-minas","tag-destaque","tag-governador-valadares","tag-interdicao-da-mgc-381","tag-interdicao-da-rodovia-entre-central-de-minas-e-sao-joao-do-manteninha","tag-itabirinha","tag-mantena","tag-rodovia-que-liga-minas-gerais-ao-espirito-santo","tag-sao-joao-do-manteninha","tag-temporal-abre-cratera-e-interdita-rodovia-que-liga-minas-gerais-ao-espirito-santo"],"_links":{"self":[{"href":"https:\/\/aconteceunovale.com.br\/portal\/index.php?rest_route=\/wp\/v2\/posts\/46730","targetHints":{"allow":["GET"]}}],"collection":[{"href":"https:\/\/aconteceunovale.com.br\/portal\/index.php?rest_route=\/wp\/v2\/posts"}],"about":[{"href":"https:\/\/aconteceunovale.com.br\/portal\/index.php?rest_route=\/wp\/v2\/types\/post"}],"author":[{"embeddable":true,"href":"https:\/\/aconteceunovale.com.br\/portal\/index.php?rest_route=\/wp\/v2\/users\/1"}],"replies":[{"embeddable":true,"href":"https:\/\/aconteceunovale.com.br\/portal\/index.php?rest_route=%2Fwp%2Fv2%2Fcomments&post=46730"}],"version-history":[{"count":0,"href":"https:\/\/aconteceunovale.com.br\/portal\/index.php?rest_route=\/wp\/v2\/posts\/46730\/revisions"}],"wp:featuredmedia":[{"embeddable":true,"href":"https:\/\/aconteceunovale.com.br\/portal\/index.php?rest_route=\/wp\/v2\/media\/46731"}],"wp:attachment":[{"href":"https:\/\/aconteceunovale.com.br\/portal\/index.php?rest_route=%2Fwp%2Fv2%2Fmedia&parent=46730"}],"wp:term":[{"taxonomy":"category","embeddable":true,"href":"https:\/\/aconteceunovale.com.br\/portal\/index.php?rest_route=%2Fwp%2Fv2%2Fcategories&post=46730"},{"taxonomy":"post_tag","embeddable":true,"href":"https:\/\/aconteceunovale.com.br\/portal\/index.php?rest_route=%2Fwp%2Fv2%2Ftags&post=46730"}],"curies":[{"name":"wp","href":"https:\/\/api.w.org\/{rel}","templated":true}]}}