{"id":46718,"date":"2014-11-28T22:56:19","date_gmt":"2014-11-29T01:56:19","guid":{"rendered":"http:\/\/aconteceunovale.com.br\/portal\/?p=46718"},"modified":"2014-11-28T22:57:04","modified_gmt":"2014-11-29T01:57:04","slug":"46718","status":"publish","type":"post","link":"https:\/\/aconteceunovale.com.br\/portal\/?p=46718","title":{"rendered":"D\u00e1tolo dedica t\u00edtulo da Copa do Brasil a torcedora especial"},"content":{"rendered":"<h4><strong><em>Argentino do Atl\u00e9tico-MG se emociona com hist\u00f3ria de atleticana que morreu de leucemia dois dias antes do jogo decisivo com o Cruzeiro: &#8220;Foi um incentivo para mim&#8221;. Fam\u00edlia agradece dedicat\u00f3ria de D\u00e1tolo.<\/em><\/strong><\/h4>\n<p>O meia D\u00e1tolo est\u00e1 com a cara renovada. Ele cumpriu uma promessa feita durante a Copa do Brasil e apareceu sem barba logo ap\u00f3s levantar a ta\u00e7a de campe\u00e3o no Mineir\u00e3o, na noite de quarta para quinta-feira. O vaidoso argentino, sempre com os cabelos impecavelmente arrumados com gel, fez quest\u00e3o de pagar o prometido ainda no vesti\u00e1rio do est\u00e1dio. Na verdade, o barbeiro em quest\u00e3o foi Luan. Tudo foi registrado pelos companheiros. Mas as cenas pr\u00f3prias de um vesti\u00e1rio ap\u00f3s jogo, com atletas sem roupa, impedem a divulga\u00e7\u00e3o do v\u00eddeo.<\/p>\n<p><img decoding=\"async\" src=\"http:\/\/aconteceunovale.com.br\/portal\/wp-content\/uploads\/2014\/11\/fabriny_alves_4.jpg\" alt=\"\" \/><em>Fabriny Alves foi homenageada pelo argentino D\u00e1tolo &#8211; Foto: Reprodu\u00e7\u00e3o<\/em><br \/>\n<\/br><\/p>\n<p>Mas n\u00e3o s\u00f3 a promessa serviu de incentivo para o meia atleticano. D\u00e1tolo contou ter ficado sensibilizado com a hist\u00f3ria de uma torcedora apaixonada pelo Galo, falecida dois dias antes da final. O argentino foi marcado em um perfil gerenciado por torcedores do Atl\u00e9tico-MG feito para contar a hist\u00f3ria de Fabriny Alves, que sofria de leucemia.<\/p>\n<p>Segundo D\u00e1tolo, ele sequer chegou a conhec\u00ea-la pessoalmente. Mas se motivou com a hist\u00f3ria e  dedicou o t\u00edtulo a ela e a todas as pessoas que sofrem da doen\u00e7a.<\/p>\n<p>&#8211; Essa menina morreu de leucemia, h\u00e1 dois dias, eu queria dedicar para ela e para muitas pessoas que tem esse problema. Eu n\u00e3o a conhe\u00e7o, me mandaram pelo Instagram e foi um incentivo para mim. Ela assistiu ao primeiro jogo da final, mas n\u00e3o conseguiu ver o \u00faltimo jogo. Isso foi um grande incentivo para mim. Pensei que seria bom mostrar essas coisas para as pessoas.<\/p>\n<p><img decoding=\"async\" src=\"http:\/\/aconteceunovale.com.br\/portal\/wp-content\/uploads\/2014\/11\/fabriny_alves_3.jpg\" alt=\"\" \/><em>A m\u00e3e da estudante ficou feliz e emocionada com a dedicat\u00f3ria de D\u00e1tolo (Foto: Arquivo Pessoal)<\/em><br \/>\n<\/br><\/p>\n<h4>Fam\u00edlia agradece dedicat\u00f3ria de D\u00e1tolo<\/h4>\n<p>Mais de 320 quil\u00f4metros separam as cidades de Belo Horizonte e Governador Valadares. A grande dist\u00e2ncia n\u00e3o foi empecilho para unir duas pessoas que nunca se viram, mas que desde a \u00faltima quarta-feira t\u00eam uma hist\u00f3ria em comum. O meia D\u00e1tolo, do Atl\u00e9tico-MG, dedicou o t\u00edtulo da Copa do Brasil \u00e0 estudante Fabriny Alves Pereira de Oliveira, torcedora que faleceu na v\u00e9spera do jogo. Uma homenagem que emocionou a fam\u00edlia da jovem.<\/p>\n<p><img decoding=\"async\" src=\"http:\/\/aconteceunovale.com.br\/portal\/wp-content\/uploads\/2014\/11\/fabriny_alves_1.jpg\" alt=\"\" \/><em>Fabriny ao lado do pai, Fabiano, que morreu em abril deste ano (Foto: Arquivo Pessoal)<\/em><br \/>\n<\/br><\/p>\n<p>&#8211; Minh\u00e3 m\u00e3e ficou muito feliz e eu fiquei bastante emocionado. Eu sabia que a galera das redes sociais estava se mobilizando para que a not\u00edcia chegasse at\u00e9 ao grupo de jogadores, mas nunca passou pela nossa cabe\u00e7a que isso pudesse acontecer. Quando soubemos sequer acreditamos, mas nos confortou nesse momento de extrema dor &#8211; disse Fabr\u00edcio, irm\u00e3o de Fabriny.<\/p>\n<p>A estudante, de 21 anos, esteve presente no primeiro jogo da decis\u00e3o da Copa do Brasil, acompanhada do namorado, S\u00e9rgio Pacheco Filho, na noite de 12 de novembro no Est\u00e1dio Independ\u00eancia, em Belo Horizonte. Naquela noite, a jovem atleticana acompanhou a vit\u00f3ria do time do cora\u00e7\u00e3o por 2 a 0 sobre o Cruzeiro.<\/p>\n<p>&#8211; Ela estava muito bem, chegou feliz da vida e cantando \u201ceu sei que voc\u00ea treme\u201d &#8211; disse Fabr\u00edcio Pereira, irm\u00e3o de Fabriny.<\/p>\n<p>Por\u00e9m, uma infec\u00e7\u00e3o pulmonar, ocasionada por uma leucemia, da qual a jovem valadarense  tratava h\u00e1 cerca de quatro meses, a impediu de comemorar mais um t\u00edtulo do clube de cora\u00e7\u00e3o. Depois de passar mal no s\u00e1bado, 22, Fabriny foi levada para Muria\u00e9, na Zona da Mata, onde morreu na ter\u00e7a-feira, 25.<\/p>\n<p>&#8211; Foi de repente. Ela estava muito bem at\u00e9 o s\u00e1bado, mas no domingo ela come\u00e7ou a ter febre e na segunda piorou. A levamos para Muria\u00e9 onde ela melhorou um pouco, mas \u00e0s 15h30 de ter\u00e7a-feira, ela passou mal novamente e morreu. Ela estava tinha leucemia e faltavam mais dois meses para o t\u00e9rmino do tratamento, depois ela ia fazer um transplante de medula &#8211; contou Fabr\u00edcio.<\/p>\n<p>A dor da fam\u00edlia atleticana foi maior, porque sete meses antes da morte de Fabriny, Fabiano Alves de Oliveira, 47 anos, pai de Fabriny e Fabr\u00edcio tamb\u00e9m morreu de c\u00e2ncer em 25 de abril. Apesar do sofrimento, Fabr\u00edcio fez quest\u00e3o de agradecer ao atleticano D\u00e1tolo. <\/p>\n<p>&#8211; Agrade\u00e7o a ele por ter feito essa homenagem em um momento t\u00e3o dif\u00edcil da minha fam\u00edlia. Tenho certeza que minha irm\u00e3 est\u00e1 l\u00e1 cima feliz com a homenagem. E tamb\u00e9m fiquei feliz dele ter feito minha m\u00e3e sorrir por alguns instantes. Ela acabou dormindo e nem viu o jogo todo, mas meu irm\u00e3o e eu ficamos felizes com a vit\u00f3ria e lembramos de como a Fabriny ia ficar feliz com o t\u00edtulo do Galo &#8211; imagina Fabr\u00edcio.<\/p>\n<p><img decoding=\"async\" src=\"http:\/\/aconteceunovale.com.br\/portal\/wp-content\/uploads\/2014\/11\/fabriny_alves_2.jpg\" alt=\"\" \/><em>Torcedora esteve no 1\u00ba jogo da final da Copa do Brasil com o namorado (Foto: Arquivo Pessoal)<\/em><br \/>\n<\/br><\/p>\n<p><strong><em>(Globo Esporte)<\/em><\/strong><\/p>\n","protected":false},"excerpt":{"rendered":"<p>Argentino do Atl\u00e9tico-MG se emociona com hist\u00f3ria de atleticana que morreu de leucemia dois dias antes do jogo decisivo com o Cruzeiro: &#8220;Foi um incentivo para mim&#8221;. Fam\u00edlia agradece dedicat\u00f3ria de D\u00e1tolo. O meia D\u00e1tolo est\u00e1 com a cara renovada. Ele cumpriu uma promessa feita durante a Copa do Brasil e apareceu sem barba logo [&hellip;]<\/p>\n","protected":false},"author":1,"featured_media":46722,"comment_status":"open","ping_status":"closed","sticky":false,"template":"","format":"standard","meta":{"amp_status":"","footnotes":""},"categories":[59],"tags":[22723,24820,1018,24812,24819,24813,24816,24814,24817,24818,24815],"class_list":["post-46718","post","type-post","status-publish","format-standard","has-post-thumbnail","hentry","category-sports","tag-datolo","tag-datolo-dedica-titulo-da-copa-do-brasil-a-torcedora-especial","tag-destaque","tag-fabriny-alves","tag-fabriny-alves-foi-homenageada-pelo-argentino-datolo","tag-fabriny-alves-pereira-de-oliveira","tag-homenagem-do-meia-datolo","tag-sergio-pacheco-filho","tag-torcedora-de-governador-valadares-homenageada-por-datolo","tag-torcedora-especial-homenageada-por-datolo","tag-torcedora-homenageada-por-datolo"],"_links":{"self":[{"href":"https:\/\/aconteceunovale.com.br\/portal\/index.php?rest_route=\/wp\/v2\/posts\/46718","targetHints":{"allow":["GET"]}}],"collection":[{"href":"https:\/\/aconteceunovale.com.br\/portal\/index.php?rest_route=\/wp\/v2\/posts"}],"about":[{"href":"https:\/\/aconteceunovale.com.br\/portal\/index.php?rest_route=\/wp\/v2\/types\/post"}],"author":[{"embeddable":true,"href":"https:\/\/aconteceunovale.com.br\/portal\/index.php?rest_route=\/wp\/v2\/users\/1"}],"replies":[{"embeddable":true,"href":"https:\/\/aconteceunovale.com.br\/portal\/index.php?rest_route=%2Fwp%2Fv2%2Fcomments&post=46718"}],"version-history":[{"count":0,"href":"https:\/\/aconteceunovale.com.br\/portal\/index.php?rest_route=\/wp\/v2\/posts\/46718\/revisions"}],"wp:featuredmedia":[{"embeddable":true,"href":"https:\/\/aconteceunovale.com.br\/portal\/index.php?rest_route=\/wp\/v2\/media\/46722"}],"wp:attachment":[{"href":"https:\/\/aconteceunovale.com.br\/portal\/index.php?rest_route=%2Fwp%2Fv2%2Fmedia&parent=46718"}],"wp:term":[{"taxonomy":"category","embeddable":true,"href":"https:\/\/aconteceunovale.com.br\/portal\/index.php?rest_route=%2Fwp%2Fv2%2Fcategories&post=46718"},{"taxonomy":"post_tag","embeddable":true,"href":"https:\/\/aconteceunovale.com.br\/portal\/index.php?rest_route=%2Fwp%2Fv2%2Ftags&post=46718"}],"curies":[{"name":"wp","href":"https:\/\/api.w.org\/{rel}","templated":true}]}}