{"id":46715,"date":"2014-11-28T22:30:11","date_gmt":"2014-11-29T01:30:11","guid":{"rendered":"http:\/\/aconteceunovale.com.br\/portal\/?p=46715"},"modified":"2014-11-28T22:30:11","modified_gmt":"2014-11-29T01:30:11","slug":"principal-nascente-do-velho-chico-volta-a-jorrar-agua","status":"publish","type":"post","link":"https:\/\/aconteceunovale.com.br\/portal\/?p=46715","title":{"rendered":"Principal nascente do Velho Chico volta a jorrar \u00e1gua"},"content":{"rendered":"<h4><strong><em>Com a volta das chuvas, a principal nascente do Velho Chico que havia secado, voltou a &#8220;funcionar&#8221; no Parque Nacional da Serra da Canastra<\/em><\/strong><\/h4>\n<p>Depois de quase tr\u00eas meses de estiagem, o rio S\u00e3o Francisco voltou a dar sinais de vida. \u00c9 que sua principal nascente, que havia secado em setembro deste ano, colocando ambientalistas e sociedade em alerta, voltou a jorrar \u00e1gua em um volume expressivo, conforme anunciado pelo Instituto Chico Mendes de Conserva\u00e7\u00e3o da Biodiversidade (ICMBio). A informa\u00e7\u00e3o foi constatada nessa quinta-feira (27) por equipes do Parque Nacional Serra da Canastra, em Minas Gerais, onde &#8220;come\u00e7a&#8221; o Velho Chico.<\/p>\n<p>&#8220;Gra\u00e7as a Deus. A gente j\u00e1 sabia que a nascente ia voltar, mas realmente \u00e9 uma \u00f3tima not\u00edcia. Tem pelo menos quatro dias que chove violentamente aqui, e o parque est\u00e1 a coisa mais linda. A vegeta\u00e7\u00e3o est\u00e1 regenerando que \u00e9 uma beleza, j\u00e1 temos alimento e abrigo para a fauna, est\u00e1 tudo verde&#8221;, contou, animado, o analista ambiental e chefe da Unidade de Conserva\u00e7\u00e3o do Parque Nacional da Serra da Canastra, Vicente Faria.<\/p>\n<p><img decoding=\"async\" src=\"http:\/\/aconteceunovale.com.br\/portal\/wp-content\/uploads\/2014\/11\/nascente_sao_francisco.jpg\" alt=\"\" \/><em>N\u00e3o h\u00e1 registros de outra ocasi\u00e3o em que a nascente houvesse secado &#8211; Foto: Vicente de Paula\/Jornal Pronto<\/em><br \/>\n<\/br><\/p>\n<p>Ainda conforme Faria, n\u00e3o h\u00e1 registros de outra ocasi\u00e3o em que a nascente do rio S\u00e3o Francisco houvesse secado, a n\u00e3o ser este ano. &#8220;Mas mesmo assim, j\u00e1 sab\u00edamos que a nascente n\u00e3o ia \u00b4morrer\u00b4por causa disso. Tivemos uma estiagem bruta e a falta de chuvas fez com que isso acontecesse. Mas era quest\u00e3o de tempo para que o per\u00edodo chuvoso viesse e a nascente voltasse a dar sinal de vida&#8221;, conta.<\/p>\n<p>N\u00e3o foi poss\u00edvel medir o impacto das chuvas no volume do rio ainda, mas segundo Faria, &#8220;em conversa com um fazendeiro de S\u00e3o Roque, ele  contou que houve um aumento de 250 mil\u00edmetros no volume da \u00e1gua entre domingo (23) e esta sexta-feira (28)&#8221;.<\/p>\n<p>A informa\u00e7\u00e3o da volta da nascente foi levantada na \u00faltima ter\u00e7a-feira (25) quando t\u00e9cnicos do Parque perceberam que outras nascentes menores na regi\u00e3o que tamb\u00e9m estavam secas j\u00e1 haviam voltado ao seu &#8220;funcionamento&#8221; normal. Foi por isso que na \u00faltima quinta-feira, os gestores do local enviaram t\u00e9cnicos para verificar a nascente principal e confirmaram a boa not\u00edcia.<\/p>\n<p><strong><em>(O Tempo)<\/em><\/strong><\/p>\n","protected":false},"excerpt":{"rendered":"<p>Com a volta das chuvas, a principal nascente do Velho Chico que havia secado, voltou a &#8220;funcionar&#8221; no Parque Nacional da Serra da Canastra Depois de quase tr\u00eas meses de estiagem, o rio S\u00e3o Francisco voltou a dar sinais de vida. \u00c9 que sua principal nascente, que havia secado em setembro deste ano, colocando ambientalistas [&hellip;]<\/p>\n","protected":false},"author":1,"featured_media":46716,"comment_status":"open","ping_status":"closed","sticky":false,"template":"","format":"standard","meta":{"amp_status":"","footnotes":""},"categories":[123],"tags":[1018,24810,24811,24808,24809,6330,16646],"class_list":["post-46715","post","type-post","status-publish","format-standard","has-post-thumbnail","hentry","category-gerais","tag-destaque","tag-nascente-do-rio-sao-francisco","tag-nascente-do-velho-chico","tag-nascente-principal-do-rio-sao-francisco-volta-a-jorrar-agua","tag-principal-nascente-do-velho-chico-volta-a-jorrar-agua","tag-rio-sao-francisco","tag-velho-chico"],"_links":{"self":[{"href":"https:\/\/aconteceunovale.com.br\/portal\/index.php?rest_route=\/wp\/v2\/posts\/46715","targetHints":{"allow":["GET"]}}],"collection":[{"href":"https:\/\/aconteceunovale.com.br\/portal\/index.php?rest_route=\/wp\/v2\/posts"}],"about":[{"href":"https:\/\/aconteceunovale.com.br\/portal\/index.php?rest_route=\/wp\/v2\/types\/post"}],"author":[{"embeddable":true,"href":"https:\/\/aconteceunovale.com.br\/portal\/index.php?rest_route=\/wp\/v2\/users\/1"}],"replies":[{"embeddable":true,"href":"https:\/\/aconteceunovale.com.br\/portal\/index.php?rest_route=%2Fwp%2Fv2%2Fcomments&post=46715"}],"version-history":[{"count":0,"href":"https:\/\/aconteceunovale.com.br\/portal\/index.php?rest_route=\/wp\/v2\/posts\/46715\/revisions"}],"wp:featuredmedia":[{"embeddable":true,"href":"https:\/\/aconteceunovale.com.br\/portal\/index.php?rest_route=\/wp\/v2\/media\/46716"}],"wp:attachment":[{"href":"https:\/\/aconteceunovale.com.br\/portal\/index.php?rest_route=%2Fwp%2Fv2%2Fmedia&parent=46715"}],"wp:term":[{"taxonomy":"category","embeddable":true,"href":"https:\/\/aconteceunovale.com.br\/portal\/index.php?rest_route=%2Fwp%2Fv2%2Fcategories&post=46715"},{"taxonomy":"post_tag","embeddable":true,"href":"https:\/\/aconteceunovale.com.br\/portal\/index.php?rest_route=%2Fwp%2Fv2%2Ftags&post=46715"}],"curies":[{"name":"wp","href":"https:\/\/api.w.org\/{rel}","templated":true}]}}