{"id":46710,"date":"2014-11-28T21:40:44","date_gmt":"2014-11-29T00:40:44","guid":{"rendered":"http:\/\/aconteceunovale.com.br\/portal\/?p=46710"},"modified":"2014-11-28T21:40:44","modified_gmt":"2014-11-29T00:40:44","slug":"mst-liberta-funcionaria-do-incra-que-era-mantida-refem-em-felisburgo","status":"publish","type":"post","link":"https:\/\/aconteceunovale.com.br\/portal\/?p=46710","title":{"rendered":"MST liberta funcion\u00e1ria do Incra que era mantida ref\u00e9m em Felisburgo"},"content":{"rendered":"<h4><strong><em>Os ocupantes de um acampamento, desconfiaram que um levantamento feito pela funcion\u00e1ria tinha como objetivo, despejar as fam\u00edlias.<\/em><\/strong><\/h4>\n<p>Uma funcion\u00e1ria do Instituto Nacional de Coloniza\u00e7\u00e3o e Reforma Agr\u00e1ria (Incra) foi libertada no in\u00edcio da noite de quinta-feira (27) ap\u00f3s ser mantida por mais de 24 horas como ref\u00e9m de um grupo de agricultores, integrantes do Movimento dos Sem Terra (MST) que vivem em um acampamento no munic\u00edpio de Felisburgo, no Vale do Jequitinhonha.<\/p>\n<p>Um supervisor do \u00f3rg\u00e3o se deslocou de Belo Horizonte para acompanhar as negocia\u00e7\u00f5es, juntamente com a Pol\u00edcia Militar do munic\u00edpio.<\/p>\n<p>A funcion\u00e1ria foi feita ref\u00e9m, quando fazia o levantamento das pessoas alojadas em um acampanamento do MST. Os acampados desconfiaram que a medida era uma iniciativa para que o grupo fosse despejado da fazenda ocupada.<\/p>\n<p><img decoding=\"async\" src=\"http:\/\/aconteceunovale.com.br\/portal\/wp-content\/uploads\/2014\/11\/terra_prometida.jpg\" alt=\"\" \/><em>Cinco trabalhadores foram mortos no acampamento Terra Prometida em 2004 &#8211; Foto: Arquivo<\/em><br \/>\n<\/br><\/p>\n<h4>Massacre<\/h4>\n<p>Felisburgo ficou nacionalmente conhecido depois do \u201cMassacre de Felisburgo\u201d que  aconteceu naquele munic\u00edpio em 20 de novembro de 2004 no acampamento Terra Prometida, na fazenda Nova Alegria.<\/p>\n<p>Na ocasi\u00e3o, cinco trabalhadores rurais foram assassinados e outras 12 pessoas, entre elas uma crian\u00e7a de 12 anos, ficaram feridas. Al\u00e9m disso, 27 casas e uma escola foram incendiadas.<\/p>\n<p>As fam\u00edlias Sem Terra, v\u00edtimas do massacre, montaram acampamento na fazenda Nova Alegria em 2002 e j\u00e1 haviam denunciado \u00e0 Pol\u00edcia Civil v\u00e1rias amea\u00e7as realizadas pelo fazendeiro Adriano Chafik contra as fam\u00edlias acampadas.<\/p>\n<p>No mesmo ano, 567 dos 1.700 hectares da fazenda foram decretados pelo Instituto de Terras de Minas Gerais (ITER) como terras devolutas, ou seja, \u00e1rea do Estado que deveria ser devolvida para as fam\u00edlias acampadas e transformada em assentamento de Reforma Agr\u00e1ria.<\/p>\n<p>Os cinco trabalhadores foram executados com tiros \u00e0 queima-roupa. O fazendeiro Adriano Chafik, principal r\u00e9u no caso, confessou ter participado do crime, mas poucos dias depois, conseguiu, por meio de um habeas corpus, o direito de responder ao processo em liberdade.<\/p>\n<p>A partir de manobras jur\u00eddicas, ele  conseguiu adiar o julgamento por v\u00e1rias vezes e chegou a ser preso em 2013 , mas foi solto poucos dias depois.<\/p>\n<p>Em outubro passado, o fazendeiro foi condenado a 115 anos de pris\u00e3o como mandante do crime e o comparsa dele a 97 anos e seis meses. Eles foram beneficiados por uma liminar do Superior Tribunal de Justi\u00e7a (STJ) e aguardam recurso em liberdade.<\/p>\n<p><strong><em>(Gazeta de Ara\u00e7ua\u00ed)<\/em><\/strong><\/p>\n","protected":false},"excerpt":{"rendered":"<p>Os ocupantes de um acampamento, desconfiaram que um levantamento feito pela funcion\u00e1ria tinha como objetivo, despejar as fam\u00edlias. Uma funcion\u00e1ria do Instituto Nacional de Coloniza\u00e7\u00e3o e Reforma Agr\u00e1ria (Incra) foi libertada no in\u00edcio da noite de quinta-feira (27) ap\u00f3s ser mantida por mais de 24 horas como ref\u00e9m de um grupo de agricultores, integrantes do [&hellip;]<\/p>\n","protected":false},"author":1,"featured_media":46711,"comment_status":"open","ping_status":"closed","sticky":false,"template":"","format":"standard","meta":{"amp_status":"","footnotes":""},"categories":[120],"tags":[24804,358,136,24802,24801,24800,24803,16686,24799],"class_list":["post-46710","post","type-post","status-publish","format-standard","has-post-thumbnail","hentry","category-jequi","tag-acampamento-terra-prometida","tag-adriano-chafik","tag-felisburgo","tag-funcionaria-do-incra","tag-funcionaria-do-incra-mantida-refem-em-felisburgo","tag-funcionaria-do-incra-que-era-mantida-refem-em-felisburgo","tag-massacre-de-felisburgo","tag-mst","tag-mst-liberta-funcionaria-do-incra-que-era-mantida-refem-em-felisburgo"],"_links":{"self":[{"href":"https:\/\/aconteceunovale.com.br\/portal\/index.php?rest_route=\/wp\/v2\/posts\/46710","targetHints":{"allow":["GET"]}}],"collection":[{"href":"https:\/\/aconteceunovale.com.br\/portal\/index.php?rest_route=\/wp\/v2\/posts"}],"about":[{"href":"https:\/\/aconteceunovale.com.br\/portal\/index.php?rest_route=\/wp\/v2\/types\/post"}],"author":[{"embeddable":true,"href":"https:\/\/aconteceunovale.com.br\/portal\/index.php?rest_route=\/wp\/v2\/users\/1"}],"replies":[{"embeddable":true,"href":"https:\/\/aconteceunovale.com.br\/portal\/index.php?rest_route=%2Fwp%2Fv2%2Fcomments&post=46710"}],"version-history":[{"count":0,"href":"https:\/\/aconteceunovale.com.br\/portal\/index.php?rest_route=\/wp\/v2\/posts\/46710\/revisions"}],"wp:featuredmedia":[{"embeddable":true,"href":"https:\/\/aconteceunovale.com.br\/portal\/index.php?rest_route=\/wp\/v2\/media\/46711"}],"wp:attachment":[{"href":"https:\/\/aconteceunovale.com.br\/portal\/index.php?rest_route=%2Fwp%2Fv2%2Fmedia&parent=46710"}],"wp:term":[{"taxonomy":"category","embeddable":true,"href":"https:\/\/aconteceunovale.com.br\/portal\/index.php?rest_route=%2Fwp%2Fv2%2Fcategories&post=46710"},{"taxonomy":"post_tag","embeddable":true,"href":"https:\/\/aconteceunovale.com.br\/portal\/index.php?rest_route=%2Fwp%2Fv2%2Ftags&post=46710"}],"curies":[{"name":"wp","href":"https:\/\/api.w.org\/{rel}","templated":true}]}}