{"id":46708,"date":"2014-11-28T21:15:05","date_gmt":"2014-11-29T00:15:05","guid":{"rendered":"http:\/\/aconteceunovale.com.br\/portal\/?p=46708"},"modified":"2014-11-30T18:04:20","modified_gmt":"2014-11-30T21:04:20","slug":"conheca-os-premiados-da-obmep-2014-nos-vales-do-jequitinhonha-rio-doce-e-mucuri","status":"publish","type":"post","link":"https:\/\/aconteceunovale.com.br\/portal\/?p=46708","title":{"rendered":"Conhe\u00e7a os premiados da Obmep 2014 nos Vales do Jequitinhonha, Rio Doce e Mucuri"},"content":{"rendered":"<h4><strong><em>Resultado dos premiados estava previsto para o dia 1\u00ba de dezembro. Vales do Jequitinhonha, Mucuri e Rio Doce, foram premiados.<\/em><\/strong><\/h4>\n<p>O resultado da 10\u00aa edi\u00e7\u00e3o da Olimp\u00edada Brasileira de Matem\u00e1tica das Escolas P\u00fablicas (Obmep) seria divulgado no dia 1\u00ba de dezembro, mas foi antecipado e os nomes conhecidos na tarde desta sexta-feira (28).<\/p>\n<p>Confira a lista dos medalhistas por regi\u00e3o:<\/p>\n<h4>VALE DO JEQUITINHONHA<\/h4>\n<p><strong>Medalha de Ouro:<\/strong><br \/>\n&#8211; Gustavo Ramalho da Escola Estadual Professor Jason de Morais, em Berilo<br \/>\n&#8211; Ana Paula Ferreira Lisboa da E.E. Nossa Senhora de F\u00e1tima, em Jenipapo de Minas<br \/>\n&#8211; Sidnei Alves Barbosa da E.M. Crian\u00e7a Feliz, em Itamarandiba<\/p>\n<p><strong>Medalha de Prata:<\/strong><br \/>\n&#8211; Geazi Gomes Teixeira da E.E. Coronel Jo\u00e3o Andr\u00e9, em Minas Novas<br \/>\n&#8211; Geisibel Alves Silva da E.E. Presidente Costa e Silva, em Minas Novas<br \/>\n&#8211; Pedro Lucas Marquez de Souza da E.E. de Itaobim, em Itaobim<br \/>\n&#8211; Nathan Cordeiro Santos da E.E. Fidelcino Viana, em Veredinha<br \/>\n&#8211; Thales Leonardo Santos da E.E. Coronel Jonas C\u00e2mara, em Itamarandiba<br \/>\n&#8211; Bruno Fernandes Cardoso da E.M. Crian\u00e7a Feliz, em Itamarandiba<br \/>\n&#8211; Stenio Gomes Pereira da E.E. Professora Edite Gomes, em Turmalina<br \/>\n&#8211; Joanne Rodrigues Amaral da E.E Nossa Senhora de F\u00e1tima, em Jenipapo De Minas<br \/>\n&#8211; Camila De Paula Barreiro Alves da E.E Professora Ayna Torres, em Diamantina<br \/>\n&#8211; Anna Luiza Alves Andrade da E.E Professor Antonio Lago, em Capelinha<\/p>\n<p><strong>Medalha de Bronze:<\/strong><br \/>\n&#8211; Alan Souza Silva da E.E. Joviano Naves, em Almenara<br \/>\n&#8211; Josiete Morais Santos Silva da E.E. Joao Dos Santos Amaral, em Bandeira<br \/>\n&#8211; Jaine Morais Santos Silva da E.E. Joao Dos Santos Amaral, em Bandeira<br \/>\n&#8211; Edivan Dyeimes Figueira De Souza da E.E. De Giru, em Joa\u00edma<br \/>\n&#8211; Loren De Souza Goncalves da E.E. Frei Henrique De Coimbra, em Jord\u00e2nia<br \/>\n&#8211; Athos Miranda Lima da E.E. De Cara\u00ed, em Cara\u00ed<br \/>\n&#8211; Gabriel Soares Araujo da E.E. Inacio Murta, em Novo Cruzeiro<br \/>\n&#8211; Kairo Esteves Pinheiro Chacara da E.E. In\u00e1cio Murta, em Novo Cruzeiro<br \/>\n&#8211; Gregory Kaique Figueir\u00f3 De Carvalho da E.E. Eduardo Milton Da Silva, em Novo Cruzeiro<br \/>\n&#8211; Bianka Esteves Pinheiro Ch\u00e1cara da E.E. In\u00e1cio Murta, em Novo Cruzeiro<br \/>\n&#8211; Gregorio Matuzalem B Pinheiro da E.E. N Sra Da Lapa, em Virgem Da Lapa<br \/>\n&#8211; Marco Tulio Magalhaes Alves da E.E. Prof. Ant\u00f4nio Lago, em Capelinha<br \/>\n&#8211; Isabella Azevedo Martins da E.E. Dr Juscelino Barbosa, em Capelinha<br \/>\n&#8211; Karine Da Silva Paranhos da E.E. Prof. Ant\u00f4nio Lago, em Capelinha<br \/>\n&#8211; Weslei Rodrigues Oliveira da E.E. Profa. Geralda Otoni Barbosa, em Capelinha<br \/>\n&#8211; Leidimara Silva da E.E. Profa. Rosarinha Pimentinha, em Capelinha<br \/>\n&#8211; Fabricio Aureliano De Almeida da E.E. Profa Rosarinha Pimentinha, em Capelinha<br \/>\n&#8211; Marcelle Fernanda Rocha Xavier da E.E. Prof. Ant\u00f4nio Lago, em Capelinha<br \/>\n&#8211; Thiago Luan De Sousa da E.E. Ze De Calu, em Chapada Do Norte<br \/>\n&#8211; Maiara Jesus Da Silva Costa da E.E. Cel. Jonas C\u00e2mara, em Itamarandiba<br \/>\n&#8211; Marlon Felipe Dos Passos da E.E. Cel. Jonas C\u00e2mara, em Itamarandiba<br \/>\n&#8211; Carlos Humberto Carneiro Abreu da E.E. S\u00e3o Joao Batista, em Itamarandiba<br \/>\n&#8211; Isabelly Morais Fernandes da E.E. S\u00e3o Joao Batista, em Itamarandiba<br \/>\n&#8211; Antonio Carlos Alves Soares da E.E. Cel. Joao Andr\u00e9, em Minas Novas<br \/>\n&#8211; Italo Pereira De Assis da E.E. Pres. Costa E Silva, em Minas Novas<br \/>\n&#8211; Willian Pinheiro da E.E. Profa. Edite Gomes, em Turmalina<br \/>\n&#8211; Renan Almeida E Silva do Col. Tiradentes PMMG, em Diamantina<br \/>\n&#8211; Lucas Kelvin Santos da E.E. Maria Augusta Caldeira Brant, em Diamantina<br \/>\n&#8211; Ludmila Tibaes Pires da E.E. Artur Tibaes, em Diamantina<br \/>\n&#8211; Luis Otavio Rocha Porto da E.E. Artur Tibaes, em Diamantina<br \/>\n&#8211; Nathan Carvalhais Siqueira do Col. Tiradentes PMMG, em Diamantina<br \/>\n&#8211; Tulio De Moura Silva da E.E. Joviano De Aguiar, em Gouveia<br \/>\n&#8211; Joaquim Victor Miranda Dias da E.E. Bar\u00e3o Do Rio Branco, em Cachoeira De Paje\u00fa<br \/>\n&#8211; Gustavo Ramalho Yokota da E.E. De Itaobim, em Itaobim<br \/>\n&#8211; Enzo Figueiredo Oliveira da E.E. Anibal Melo, em Medina<\/p>\n<h4>VALE DO MUCURI<\/h4>\n<p><strong>Medalha de Ouro:<\/strong><br \/>\n&#8211; Vanessa Lemos Amorim da Escola Municipal Irm\u00e3 Maria Am\u00e1lia, em Te\u00f3filo Otoni<\/p>\n<p><strong>Medalha de Prata:<\/strong><br \/>\n&#8211; Mariana Lorentz de S\u00e1 da E.M. Irm\u00e3 Maria Am\u00e1lia, em Te\u00f3filo Otoni<br \/>\n&#8211; Isadora Lemos Gomes da E.M. Irm\u00e3 Maria Am\u00e1lia, em Te\u00f3filo Otoni<\/p>\n<p><strong>Medalha de Bronze:<\/strong><br \/>\n&#8211; Kelly Soares Correia da E.E. Cap In\u00e1cio Soares, em \u00c1guas Formosas<br \/>\n&#8211; Silvaneo Vieira dos Santos Junior da E.E. Jos\u00e9 Quaresma da Costa, em \u00c1guas Formosas<br \/>\n&#8211; Gerson Santos Azevedo da E.E. Profa. Herm\u00ednia P De Almeida, em Atal\u00e9ia<br \/>\n&#8211; Thauany Prates De Macedo da E.E. Mestra Zulmira, em Malacacheta<br \/>\n&#8211; Thaiany Prates De Macedo da E.E. Mestra Zulmira, em Malacacheta<br \/>\n&#8211; Gabriel Pereira Bispo da E.M. Irm\u00e3 Maria Am\u00e1lia, em Te\u00f3filo Otoni<br \/>\n&#8211; Cassio Luigi Rodrigues Araujo da E.M. Irm\u00e3 Maria Am\u00e1lia, em Te\u00f3filo Otoni<br \/>\n&#8211; Gabriel Roberto Nicacio Horta da E.M. Irm\u00e3 Maria Am\u00e1lia, em Te\u00f3filo Otoni<\/p>\n<h4>VALE DO RIO DOCE<\/h4>\n<p><strong>Medalha de Ouro:<\/strong><br \/>\n&#8211; Melissa Andreia Barbosa Silva da E.E. Joaquim Pedro Nascimento, em Governador Valadares<br \/>\n&#8211; Hevelyn Nunes da Rocha da E.E. Hauy Petruceli Mayrink, em Santa Maria do Sua\u00e7u\u00ed<br \/>\n&#8211; Maicon Douglas Faria Costa da Escola Estadual Dr. Ov\u00eddio de Andrade, em Ipatinga<br \/>\n&#8211; Lucas Souza Assis da Escola Estadual Engenheiro M\u00e1rcio Aguiar da Cunha, em Ipatinga<br \/>\n&#8211; Jhenifer Viana de Freitas da Escola Municipal de Tim\u00f3teo, em Tim\u00f3teo<br \/>\n&#8211; Matheus Pir\u00e2mides Teixeira Soares da E.E. Dr. Guilhermino de Oliveira, em Inhapim<br \/>\n&#8211; Maur\u00edcio Pir\u00e2mides Teixeira Soares da E.E. Dr. Guilhermino de Oliveira, em Inhapim<br \/>\n&#8211; Ingrid Gabrielle Lopes da Escola Estadual Dr. Jos\u00e9 Augusto, em Entre Folhas<br \/>\n&#8211; T\u00falio Campos Menezes da Escola Estadual Jo\u00e3o Hemetrio de Menezes, em Belo Oriente<\/p>\n<p><strong>Medalha de Prata:<\/strong><br \/>\n&#8211; Marcos Fernandes Silveira Mendes da E.E. Altivo Coelho, em Guanh\u00e3es<br \/>\n&#8211; Lucas Gon\u00e7alves de Almeida da E.E. Altivo Coelho, em Guanh\u00e3es<br \/>\n&#8211; Gustavo Gon\u00e7alves Brand\u00e3o da E.E. Juventino Alves Ferreira, em Virgol\u00e2ndia<br \/>\n&#8211; Maxiel Alves de Oliveira da E.E. John Kennedy, em S\u00e3o Jos\u00e9 do Jacuri<br \/>\n&#8211; Davi Augusto Moreira da Silva da E.E. Jose Pinto Neto, em Central de Minas<br \/>\n&#8211; Vicente Cesar Batista Lima da E.E. Almirante Toyoda, em Ipatinga<br \/>\n&#8211; Felipe Freitas Moraes da E.E. Dom Helv\u00e9cio, em Ipatinga<br \/>\n&#8211; Raissa Silveira de Oliveira Lima da E.E. Joao Walmick, em Ipatinga<br \/>\n&#8211; Fernanda Carreiro Silva Vicente da E.E. Dr Guilhermino De Oliveira, em Inhapim<br \/>\n&#8211; Marcos Antonio Amorim Santos da E.E. Dr Guilhermino De Oliveira, em Inhapim<br \/>\n&#8211; Maria Fernanda Neves e Silva da E.E. Dr Jose Augusto, em Entre Folhas<br \/>\n&#8211; Matheus Alexandre Da Silva da E.E. Dr Jose Augusto, em Entre Folhas<br \/>\n&#8211; Carine Martins Alves da E.E. Dr Jose Augusto, em Entre Folhas<br \/>\n&#8211; Patricia Oliveira Hudson Silva da Escola Estadual De Ensino Fundamental, em Caratinga<br \/>\n&#8211; Artur Soares Dos Santos Neto da E.E.Hauy Petruceli Mayrink, em Santa Maria do Sua\u00e7u\u00ed<br \/>\n&#8211; Filipe Jose Barreiros Soares da E.E. Hauy Petruceli Mayrink, em Santa Maria Do Sua\u00e7u\u00ed<br \/>\n&#8211; Kellen Eduarda De Souza da E.E.Professora Levinda Alves Da Silva, em Mutum<br \/>\n&#8211; Lucas Nunes Silva da E.E.Professora Levinda Alves Da Silva, em Mutum<br \/>\n&#8211; Ivan De Paula Silva Bertholdo da E.M. S\u00e3o Sebasti\u00e3o, em Tarumirim<br \/>\n&#8211; Julia Lopes Teixeira da E.E. Pe Dion\u00edsio Homem de Faria, em Bom Jesus do Galho<br \/>\n&#8211; Wellington Nascimento Martins da E.E. Dr Querubino, em Coronel Fabriciano<br \/>\n&#8211; Vitor Rodrigues Cezario da Escola Estadual de Linopolis, em Divino das Laranjeiras<br \/>\n&#8211; Luiz Gabriel R. Morais do Instituto Municipal de Educa\u00e7\u00e3o T\u00e9cnica de Tim\u00f3teo, em Tim\u00f3teo<br \/>\n&#8211; Mayk Alves de Andrade do CEFET\/MG, em Tim\u00f3teo<br \/>\n&#8211; Deivison da Silva Rosa do CEFET\/MG, em Tim\u00f3teo<br \/>\n&#8211; Raquel Gama Lima Costa do IFMG, em Governador Valadares<br \/>\n&#8211; Allef Jander Gomes da Cunha da E.E. Jose Severino, em Sobr\u00e1lia<br \/>\n&#8211; L\u00edvia Mayra Andrade da E.E. Prof. Ant\u00f4nio Marciano, em Joan\u00e9sia<\/p>\n<p><strong>Medalha de Bronze:<\/strong><br \/>\n&#8211; Ludymilla Nunes Carvalho De Paula da E.E. Maria De Castro Paiva, em Aimor\u00e9s<br \/>\n&#8211; Lucas Gabriel Cordeiro Santana da E.E. Maria Guilhermina Pena\t, em Conselheiro Pena<br \/>\n&#8211; Aldir Ant\u00f4nio De Vasconcellos Neto da E.E. Maria Guilhermina Pena, em Conselheiro Pena<br \/>\n&#8211; Paulo Victor Teodorio Da Silva da E.E. De Conselheiro Pena, em Conselheiro Pena<br \/>\n&#8211; Victor Henrique De F Pessotti da E.E. De Conselheiro Pena, em Conselheiro Pena<br \/>\n&#8211; Enayle Soares Vieira da E.E. Nilo Morais Pinheiro, em Ipanema<br \/>\n&#8211; Ester Gaede Astori da E.E. Am\u00e9rico Vesp\u00facio, em Itueta<br \/>\n&#8211; Jo\u00e3o Vitor Da Fraga Anacleto da E.E. Min Francisco Campos, em Mutum<br \/>\n&#8211; Vinicius De Amorim Rosa da E.E. Dionysio Costa\t, em Mutum<br \/>\n&#8211; Sara Mariano Pinheiro da E.E. Profa. Levinda Alves Da Silva, em Mutum<br \/>\n&#8211; Rafael Luiz Alves Vieira da E.E. Maria Luiza Alves Vieira, em Mutum<br \/>\n&#8211; Christian Rodrigues Da Silva da E.E. Profa. Levinda Alves Da Silva, em Mutum<br \/>\n&#8211; Paulo Jose Alves Vieira da E.E. Maria Luiza Alves Vieira, em Mutum<br \/>\n&#8211; Jose Pedro Toledo Janu\u00e1rio da E.E. Min Francisco Campos, em Mutum<br \/>\n&#8211; Luis Gustavo Da Costa Lopes da E.E. Min Francisco Campos, em Mutum<br \/>\n&#8211; Ver\u00f4nica Dutra De Souza da E.E. Profa. Levinda Alves Da Silva, em Mutum<br \/>\n&#8211; Jo\u00e3o Flavio De Freitas Cruz da E.E. Comendador Nascimento N Leal, em Resplendor<br \/>\n&#8211; Victoria Mary Bello Dos Santos da E.E. Jose Augusto Ferreira, em Caratinga<br \/>\n&#8211; Let\u00edcia Oliveira Hudson Silva da Escola Estadual De Ensino Fundamental, em Caratinga<br \/>\n&#8211; Marcos Henrique Pontes Assis da E.E. Jose Augusto Ferreira, em Caratinga<br \/>\n&#8211; Karolinne Barcelos Alves De Lima da E.E. Moacyr De Mattos, em Caratinga<br \/>\n&#8211; Natanael Gomes De Assis da E.E. Pres. Tancredo De Almeida Neves, em C\u00f3rrego Novo<br \/>\n&#8211; Loraine Santos Souza da E.E. Pres. Tancredo De Almeida Neves, em C\u00f3rrego Novo<br \/>\n&#8211; Euler Gomes Sim\u00f5es da E.E. Dr Jose Augusto, em Entre Folhas<br \/>\n&#8211; Silas Esthevao De Campos Cunha da E.E. Dr Jose Augusto, em Entre Folhas<br \/>\n&#8211; Amanda Anita Santos Freitas da E.E. Dr Jose Augusto, em Entre Folhas<br \/>\n&#8211; Maria Eduarda Neves E Silva da E.E. Dr Jose Augusto, em Entre Folhas<br \/>\n&#8211; Gabriel Ant\u00f4nio Da Silva Rodrigues da E.E. Dr Jose Augusto, em Entre Folhas<br \/>\n&#8211; Ulisses Davi Azevedo Valcari da E.E. Frei Marcelino De Mil\u00e3o, em Iapu<br \/>\n&#8211; Cicero Gabriel Alves Santos da E.E. Dr Guilhermino De Oliveira, em Inhapim<br \/>\n&#8211; Pedro Germano Rodrigues Carneiro da E.E. Jose Francisco De Paiva Campos, em Inhapim<br \/>\n&#8211; Gleisiane Dias Lopes da E.E. Dr Guilhermino De Oliveira, em Inhapim<br \/>\n&#8211; Murilo Papalini Dos Reis Neves da E.E. Dr Guilhermino De Oliveira, em Inhapim<br \/>\n&#8211; Diniz Jose De Oliveira Filho da E.E. Dr Guilhermino De Oliveira, em Inhapim<br \/>\n&#8211; Maira Merces Costa Ara\u00fajo da E.E. Dr Guilhermino De Oliveira, em Inhapim<br \/>\n&#8211; Alana Ivani Costa Ara\u00fajo da E.E. Alberto Azevedo, em Inhapim<br \/>\n&#8211; Lucas Otaviano De Oliveira Paiva da E.E. Alberto Azevedo, em Inhapim<br \/>\n&#8211; Jhunielly Crisnanda Viana da E.E. Frei Carlos, em Piedade De Caratinga<br \/>\n&#8211; Rhuan Damasceno Negri Ferreira da E.E. Josefina Vieira, em Santa Rita De Minas<br \/>\n&#8211; Lu\u00eds Felipe Guerra Costa da E.E. Vitalino De Oliveira Ruela, em S\u00e3o Joao Do Oriente<br \/>\n&#8211; Vinicius Gabriel Lacerda Nobre da E.E. Profa. Maria T Da Fonseca, em Tarumirin<br \/>\n&#8211; Victor Hugo Ribeiro De Almeida da E.E. Francisca Rodrigues Valente, em Ubaporanga<br \/>\n&#8211; Sofia Dias Campos Machado da E.E. Rev. Boanerges De A Leit\u00e3o , em Vargem Alegre<br \/>\n&#8211; Ismael Carlos Santos Da Silva da E.E. Rev. Boanerges De A Leit\u00e3o, em Vargem Alegre<br \/>\n&#8211; Elton John Soares Neto da E.E. Levindo Dias, em Capit\u00e3o Andrade<br \/>\n&#8211; Angelina Aparecida Lopes Silva da E.E. De Linopolis, em Divino Das Laranjeiras<br \/>\n&#8211; Alexsandro Miranda Guerrero da E.E. Profa Ondina Pinto De Almeida, em Engenheiro Caldas<br \/>\n&#8211; Dion\u00edsio Ribeiro Siqueira do Cie Dr Raimundo Soares De A Filho, em Governador Valadares<br \/>\n&#8211; Abner Pereira Malcate do Cie Dr Raimundo Soares De A Filho, em Governador Valadares<br \/>\n&#8211; Giovanna Barbosa Mendes do Col Tiradentes PMMG, em Governador Valadares<br \/>\n&#8211; Abra\u00e3o Augusto Silva Melandes\t da E.E. Pedro Ribeiro Cavalcante Filho, em Governador Valadares<br \/>\n&#8211; Igor Jorge Silva da E.E.  Dona Arabela De Almeida Costa, em Governador Valadares<br \/>\n&#8211; Andr\u00e9 Vitor Rocha Queiroz da E.M. Pio XII, em Governador Valadares<br \/>\n&#8211; Felipe Furtado De Sousa da E.E. Pedro Ribeiro Cavalcante Filho, em Governador Valadares<br \/>\n&#8211; Paulo Rosa Nascimento Marzano do Col Tiradentes PMMG, em Governador Valadares<br \/>\n&#8211; Sara Silverio do Col Tiradentes PMMG, em Governador Valadares<br \/>\n&#8211; Mariana Jorge Medeiros B Da Silva da E.E. Prof Paulo Freire, em Governador Valadares<br \/>\n&#8211; Joao Vitor Santana Da Silva do IFMG, em Governador Valadares<br \/>\n&#8211; Jose Gustavo Coelho do IFMG, em Governador Valadares<br \/>\n&#8211; Davi Oliveira Pena do IFMG, em Governador Valadares<br \/>\n&#8211; Aryel Antony De Oliveira da E.E. Pref Joaquim Pedro Nascimento, em Governador Valadares<br \/>\n&#8211; Gabriel Goncalves Da Silva da E.E. Const\u00e2ncio C De Alvarenga, em Nacip Raydan<br \/>\n&#8211; Maria Paula Gomes Mendes da E.E. Jose Severino, em Sobr\u00e1lia<br \/>\n&#8211; Marcos Paulo Ferreira Da Cruz da E.E. Jose Severino, em Sobr\u00e1lia<br \/>\n&#8211; Salomao Gelson Pires Lacerda da E.E. Jose Severino, em Sobr\u00e1lia<br \/>\n&#8211; Mariane Nunes Mendes da E.E. Jose Severino, em Sobr\u00e1lia<br \/>\n&#8211; Lucas Monteiro Sales da E.E. Luiz De Cam\u00f5es, em Tumiritinga<br \/>\n&#8211; Lucas Josafa Alves Assuncao da E.E. Profa Heroina Torres, em Coluna<br \/>\n&#8211; Ricardo Sebastiao R De Oliveira da E.E. Prof Carvalhais, em Divinol\u00e2ndia De Minas<br \/>\n&#8211; Wivian Alves Dos Reis Correa da E.E. Prof Carvalhais, em Divinol\u00e2ndia De Minas<br \/>\n&#8211; Amanda Andrade Moreira Dias da E.E. Nadim Noman, em Dores De Guanh\u00e3es<br \/>\n&#8211; Carolina Santana Tomaz da E.E. Altivo Coelho, em Guanh\u00e3es<br \/>\n&#8211; Amanda Andrade Moreira Dias da E.E. Nadim Noman, em Dores De Guanh\u00e3es<br \/>\n&#8211; Thiago Felipe De Souza Rodrigues da E.E. Pe Joao Clarimundo, em Paulistas<br \/>\n&#8211; Luiza Maria De Carvalho Carneiro Costa\tda E.E. Pe Joao Clarimundo, em Paulistas<br \/>\n&#8211; Geovana Anicio Da Costa Santana da E.M. Francisco G Britto, em Belo Oriente<br \/>\n&#8211; Joao Vitor Assis da E.E. Profa Celina Machado, em Coronel Fabriciano<br \/>\n&#8211; Ryan Ralphsajane Dos Santos Silva da E.E. Dr Querubino, em Coronel Fabriciano<br \/>\n&#8211; Rafael Ferreira Silva da E.M. Carlos Drumond De Andrade, em Ipatinga<br \/>\n&#8211; Andre Luiz Freitas Silva da E.M. Carlos Drumond De Andrade, em Ipatinga<br \/>\n&#8211; Savio Souza Oliveira da E.E. Dr Ov\u00eddio De Andrade, em Ipatinga<br \/>\n&#8211; Arthur Carvalho Mol do Col Tiradentes PMMG, em Ipatinga<br \/>\n&#8211; Pedro Henrique De Aquino Rangel da E.E. Eng Marcio Aguiar Da Cunha, em Ipatinga<br \/>\n&#8211; Lav\u00ednia Nishimura Fialho da E.M. Prof Evaldo Fontes, em Ipatinga<br \/>\n&#8211; Jose Henrique Ferreira De Souza da E.E. Do Bairro Ideal, em Ipatinga<br \/>\n&#8211; Daniel Pegoretti Moreira De Castro da E.E. Col Tiradentes PMMG, em Ipatinga<br \/>\n&#8211; Matheus Henrique Santiago Hauer do Col Tiradentes PMMG, em Ipatinga<br \/>\n&#8211; Matheus Henrique Goncalves De Souza\tdo Col Tiradentes PMMG, em Ipatinga<br \/>\n&#8211; Joao Vitor Venancio De Paula da E.E. Dr Ov\u00eddio De Andrade, em Ipatinga<br \/>\n&#8211; Tallyta Duarte da E.E. Pe Bertollo, em Ipatinga<br \/>\n&#8211; Lucas Aguiar Barbosa da E.E. Dom Helv\u00e9cio, em Ipatinga<br \/>\n&#8211; Nicole Guimaraes Jorge Silva da E.E. Almirante Toyoda, em Ipatinga<br \/>\n&#8211; Vinicius Augusto Quintao Miranda da E.M. Cel Felicio Miranda, em Jaguara\u00e7u<br \/>\n&#8211; Emily Quintao De Morais da E.E. Liberato De Castro, em Marlieria<br \/>\n&#8211; Fillipe De Oliveira Almeida do Inst Mun De Educ Tec De Timoteo, em Tim\u00f3teo<br \/>\n&#8211; Gabrielle Bergamini Severgnini da E.E. Profa Ana Letro Staacks, em Tim\u00f3teo<br \/>\n&#8211; Andrey Soares Reis da E.E. Antonio Silva, em Tim\u00f3teo<br \/>\n&#8211; Joao Victor Rodrigues Da Fonseca da E.E. Profa Zilda Pinheiro Da Silva, em Mantena<br \/>\n&#8211; Ana Clara Azevedo Fernandes da E.E. Hauy Petruceli Mayrink, em Santa Maria Do Sua\u00e7u\u00ed<br \/>\n&#8211; Luisa Barreiros Soares da E.E. Hauy Petruceli Mayrink, em Santa Maria Do Sua\u00e7u\u00ed<br \/>\n&#8211; Maria Luiza Azevedo Fernandes\t da E.E. Hauy Petruceli Mayrink\t, em Santa Maria Do Sua\u00e7u\u00ed<\/p>\n<p><strong>Confira a lista de medalhistas em todo o estado de Minas na Obmep 2014:<\/strong><br \/>\n<a href=\"http:\/\/premiacao.obmep.org.br\/2014\/verRelatorioPremiadosOuro-MG.do.htm\" target=\"_blank\">&#8211; MEDALHAS DE OURO (Clique aqui)<\/a><br \/>\n<a href=\"http:\/\/premiacao.obmep.org.br\/2014\/verRelatorioPremiadosPrata-MG.do.htm\" target=\"_blank\">&#8211; MEDALHAS DE PRATA (Clique aqui)<\/a><br \/>\n<a href=\"http:\/\/premiacao.obmep.org.br\/2014\/verRelatorioPremiadosBronze-MG.do.htm\" target=\"_blank\">&#8211; MEDALHAS DE BRONZE(Clique aqui)<\/a><br \/>\n<a href=\"http:\/\/premiacao.obmep.org.br\/2014\/verRelatorioPremiadosMencao-MG.do.htm\" target=\"_blank\">&#8211; MEN\u00c7\u00c3O HONROSA (Clique aqui)<\/a><br \/>\n<a href=\"http:\/\/premiacao.obmep.org.br\/2014\/verRelatorioProfessoresPremiados-MG.do.htm\" target=\"_blank\">&#8211; PROFESSORES PREMIADOS (Clique aqui)<\/a><br \/>\n<a href=\"http:\/\/premiacao.obmep.org.br\/2014\/verRelatorioEscolasPremiadas-MG.do.htm\" target=\"_blank\">&#8211; ESCOLAS PREMIADAS (Clique aqui)<\/a><br \/>\n<a href=\"http:\/\/premiacao.obmep.org.br\/2014\/verRelatorioSecretariasEducacaoPremiados-MG.do.htm\" target=\"_blank\">&#8211; SECRETARIAS DE EDUCA\u00c7\u00c3O PREMIADAS (Clique aqui)<\/a><\/p>\n<h4>Entenda a competi\u00e7\u00e3o<\/h4>\n<p>A Olimp\u00edada Brasileira de Matem\u00e1tica das Escolas P\u00fablicas \u00e9 dividida em tr\u00eas n\u00edveis. O primeiro \u00e9 composto por estudantes do 6\u00ba e 7\u00ba anos do ensino fundamental. No segundo, fazem as avalia\u00e7\u00f5es alunos do 8\u00ba e 9\u00ba anos do ensino fundamental. J\u00e1 o 3\u00ba n\u00edvel \u00e9 composto por estudantes do ensino m\u00e9dio.<\/p>\n<p>A Obmep busca estimular e promover o estudo da Matem\u00e1tica entre os alunos das escolas p\u00fablicas, al\u00e9m de contribuir para a melhoria da qualidade da educa\u00e7\u00e3o b\u00e1sica. A competi\u00e7\u00e3o \u00e9 promovida pelos minist\u00e9rios da Educa\u00e7\u00e3o e da Ci\u00eancia e Tecnologia e \u00e9 realizada pelo Instituto Nacional de Matem\u00e1tica Aplicada (Impa) e pela Sociedade Brasileira de Matem\u00e1tica (SBM).<\/p>\n","protected":false},"excerpt":{"rendered":"<p>Resultado dos premiados estava previsto para o dia 1\u00ba de dezembro. Vales do Jequitinhonha, Mucuri e Rio Doce, foram premiados. O resultado da 10\u00aa edi\u00e7\u00e3o da Olimp\u00edada Brasileira de Matem\u00e1tica das Escolas P\u00fablicas (Obmep) seria divulgado no dia 1\u00ba de dezembro, mas foi antecipado e os nomes conhecidos na tarde desta sexta-feira (28). Confira a [&hellip;]<\/p>\n","protected":false},"author":1,"featured_media":46696,"comment_status":"open","ping_status":"closed","sticky":false,"template":"","format":"standard","meta":{"amp_status":"","footnotes":""},"categories":[121],"tags":[24778,24782,24929,350,841,1101,24925,24927,132,237,1671,1801,1524,198,285,24940,24946,24952,24928,24944,24911,24909,24942,24914,24922,24916,24795,24920,24905,24788,24913,24783,24918,24424,24948,24924,24907,24950,24931,1731,24798,24790,24792,24786,24781,9344,9333,24939,24908,24917,247,155,24912,24780,24951,24904,24797,296,201,24932,149,391,1058,204,1218,24793,24926,24821,24822,24791,24789,24910,24930,24794,1195,24796,24935,24938,24933,24936,24934,24937,24787,137,210,1717,25021,24919,24777,24943,24947,24915,24776,24775,24773,24771,24774,24772,24779,24941,24949,240,1522,321,24906,328,24923,329,164,24921,1105,24785,178,24945,24784,916,333],"class_list":["post-46708","post","type-post","status-publish","format-standard","has-post-thumbnail","hentry","category-leste","tag-10a-edicao-da-olimpiada-brasileira-de-matematica-das-escolas-publicas","tag-ana-paula-ferreira-lisboa","tag-anna-luiza-alves-andrade","tag-belo-oriente","tag-berilo","tag-bom-jesus-do-galho","tag-bruno-fernandes-cardoso","tag-camila-de-paula-barreiro-alves","tag-capelinha","tag-caratinga","tag-central-de-minas","tag-coracao-de-jesus","tag-coronel-fabriciano","tag-diamantina","tag-divino-das-laranjeiras","tag-e-e-eloy-pereira","tag-e-e-goncalves-chaves","tag-e-e-mauricio-augusto-de-azevedo","tag-e-e-professora-ayna-torres","tag-e-e-zoe-machado","tag-e-e-altivo-coelho","tag-e-e-cel-joao-andre","tag-e-e-coronel-francisco-ribeiro","tag-e-e-coronel-joao-andre","tag-e-e-coronel-jonas-camara","tag-e-e-de-itaobim","tag-e-e-dr-guilhermino-de-oliveira","tag-e-e-fidelcino-viana","tag-e-e-hauy-petruceli-mayrink","tag-e-e-joaquim-pedro-nascimento","tag-e-e-juventino-alves-ferreira","tag-e-e-nossa-senhora-de-fatima","tag-e-e-presidente-costa-e-silva","tag-e-e-professor-antonio-lago","tag-e-e-professor-jose-americo-barbosa","tag-e-e-professora-edite-gomes","tag-e-m-crianca-feliz","tag-e-m-do-bom-menino","tag-e-m-irma-maria-amalia","tag-entre-folhas","tag-escola-estadual-dr-jose-augusto","tag-escola-estadual-dr-ovidio-de-andrade","tag-escola-estadual-engenheiro-marcio-aguiar-da-cunha","tag-escola-estadual-joao-hemetrio-de-menezes","tag-escola-estadual-professor-jason-de-morais","tag-escola-municipal-de-timoteo","tag-escola-municipal-irma-maria-amalia","tag-gabriel-brito-alkmim","tag-geazi-gomes-teixeira","tag-geisibel-alves-silva","tag-governador-valadares","tag-guanhaes","tag-gustavo-goncalves-brandao","tag-gustavo-ramalho","tag-henrique-nogueira-bastos","tag-hevelyn-nunes-da-rocha","tag-ingrid-gabrielle-lopes","tag-inhapim","tag-ipatinga","tag-isadora-lemos-gomes","tag-itamarandiba","tag-itaobim","tag-jaiba","tag-janauba","tag-jenipapo-de-minas","tag-jhenifer-viana-de-freitas","tag-joanne-rodrigues-amaral","tag-lista-de-premiados-na-obmep-2014","tag-lista-de-premiados-na-olimpiada-de-matematica-2014","tag-lucas-souza-assis","tag-maicon-douglas-faria-costa","tag-marcos-fernandes-silveira-mendes","tag-mariana-lorentz-de-sa","tag-matheus-piramides-teixeira-soares","tag-mato-verde","tag-mauricio-piramides-teixeira-soares","tag-medalhistas-de-bronze-na-obmep-2014","tag-medalhistas-de-bronze-na-olimpiada-brasileira-de-matematica-das-escolas-publicas-2014","tag-medalhistas-de-ouro-na-obmep-2014","tag-medalhistas-de-ouro-na-olimpiada-brasileira-de-matematica-das-escolas-publicas-2014","tag-medalhistas-de-prata-na-obmep-2014","tag-medalhistas-de-prata-na-olimpiada-brasileira-de-matematica-das-escolas-publicas-2014","tag-melissa-andreia-barbosa-silva","tag-minas-novas","tag-montes-claros","tag-mutum","tag-nathan-cordeiro-santos","tag-nathano-cordeiro-santos","tag-obmep-2014","tag-paula-juliana-pereira-cordeiro","tag-pedro-henrique-de-padua-freitas","tag-pedro-lucas-marquez-de-souza","tag-premiados-da-obmep-2014","tag-premiados-da-obmep-2014-no-leste-de-minas","tag-premiados-da-obmep-2014-no-vale-do-aco","tag-premiados-da-obmep-2014-no-vale-do-jequitinhonha","tag-premiados-da-obmep-2014-no-vale-do-mucuri","tag-premiados-da-obmep-2014-no-vale-do-rio-doce","tag-premiados-na-10a-edicao-da-olimpiada-brasileira-de-matematica-das-escolas-publicas","tag-ruth-emanuele-da-silva-andrade","tag-samuel-de-oliveira-pinto","tag-santa-maria-do-suacui","tag-sao-francisco","tag-sao-jose-do-jacuri","tag-sidnei-alves-barbosa","tag-sobralia","tag-stenio-gomes-pereira","tag-tarumirim","tag-teofilo-otoni","tag-thales-leonardo-santos","tag-timoteo","tag-tulio-campos-menezes","tag-turmalina","tag-vanessa-da-silva-franca-alves","tag-vanessa-lemos-amorim","tag-veredinha","tag-virgolandia"],"_links":{"self":[{"href":"https:\/\/aconteceunovale.com.br\/portal\/index.php?rest_route=\/wp\/v2\/posts\/46708","targetHints":{"allow":["GET"]}}],"collection":[{"href":"https:\/\/aconteceunovale.com.br\/portal\/index.php?rest_route=\/wp\/v2\/posts"}],"about":[{"href":"https:\/\/aconteceunovale.com.br\/portal\/index.php?rest_route=\/wp\/v2\/types\/post"}],"author":[{"embeddable":true,"href":"https:\/\/aconteceunovale.com.br\/portal\/index.php?rest_route=\/wp\/v2\/users\/1"}],"replies":[{"embeddable":true,"href":"https:\/\/aconteceunovale.com.br\/portal\/index.php?rest_route=%2Fwp%2Fv2%2Fcomments&post=46708"}],"version-history":[{"count":0,"href":"https:\/\/aconteceunovale.com.br\/portal\/index.php?rest_route=\/wp\/v2\/posts\/46708\/revisions"}],"wp:featuredmedia":[{"embeddable":true,"href":"https:\/\/aconteceunovale.com.br\/portal\/index.php?rest_route=\/wp\/v2\/media\/46696"}],"wp:attachment":[{"href":"https:\/\/aconteceunovale.com.br\/portal\/index.php?rest_route=%2Fwp%2Fv2%2Fmedia&parent=46708"}],"wp:term":[{"taxonomy":"category","embeddable":true,"href":"https:\/\/aconteceunovale.com.br\/portal\/index.php?rest_route=%2Fwp%2Fv2%2Fcategories&post=46708"},{"taxonomy":"post_tag","embeddable":true,"href":"https:\/\/aconteceunovale.com.br\/portal\/index.php?rest_route=%2Fwp%2Fv2%2Ftags&post=46708"}],"curies":[{"name":"wp","href":"https:\/\/api.w.org\/{rel}","templated":true}]}}