{"id":46700,"date":"2014-11-28T20:49:52","date_gmt":"2014-11-28T23:49:52","guid":{"rendered":"http:\/\/aconteceunovale.com.br\/portal\/?p=46700"},"modified":"2014-11-28T20:50:38","modified_gmt":"2014-11-28T23:50:38","slug":"11o-concurso-estadual-de-qualidade-dos-cafes-de-minas-gerais-anuncia-vencedores","status":"publish","type":"post","link":"https:\/\/aconteceunovale.com.br\/portal\/?p=46700","title":{"rendered":"11\u00ba Concurso Estadual de Qualidade dos Caf\u00e9s de Minas Gerais anuncia vencedores"},"content":{"rendered":"<h4><strong><em>Al\u00e9m dos vencedores, a disputa tamb\u00e9m escolheu os tr\u00eas melhores caf\u00e9s em cada uma das quatro regi\u00f5es produtoras<\/em><\/strong><\/h4>\n<p>Os produtores Greciano Lacerda Moura e Roberto Carlos de Miranda s\u00e3o os campe\u00f5es estaduais do 11\u00ba Concurso Estadual de Qualidade dos Caf\u00e9s de Minas Gerais. O an\u00fancio foi feito durante cerim\u00f4nia de encerramento do concurso realizada em Patos de Minas, regi\u00e3o do Alto Parana\u00edba. A disputa tamb\u00e9m escolheu os tr\u00eas melhores caf\u00e9s em cada uma das quatro regi\u00f5es produtoras nas categorias Caf\u00e9 Natural e Caf\u00e9 Cereja Descascado. A solenidade foi marcada por homenagens e pela realiza\u00e7\u00e3o de um leil\u00e3o com microlotes do caf\u00e9s campe\u00f5es estaduais.<\/p>\n<p><img decoding=\"async\" src=\"http:\/\/aconteceunovale.com.br\/portal\/wp-content\/uploads\/2014\/11\/11o-concurso-estadual-de-qualidade-dos-cafes-de-minas-gerais-anuncia-vencedores.jpg\" alt=\"\" \/><em>Minas \u00e9 um dos maiores produtores de caf\u00e9 do pa\u00eds &#8211; Foto: Divulga\u00e7\u00e3o<\/em><br \/>\n<\/br><\/p>\n<p>O produtor Greciano Lacerda Moura \u00e9 do munic\u00edpio de Espera Feliz, Sul de Minas. Ele ficou em primeiro lugar na categoria Cereja Descascado em sua regi\u00e3o. Roberto Carlos de Miranda \u00e9 de Araponga, munic\u00edpio da Zona da Mata mineira. O produtor venceu a categoria Caf\u00e9 Natural. Como os dois cafeicultores tiveram as maiores pontua\u00e7\u00f5es no geral, eles foram eleitos campe\u00f5es estaduais em suas categorias e receberam o Trof\u00e9u Melhor Caf\u00e9 de Minas Gerais. Greciano Moura tamb\u00e9m recebeu a medalha Sustentabilidade. Uma homenagem ao cafeicultor com o melhor caf\u00e9 produzido com sustentabilidade, de acordo com a certifica\u00e7\u00e3o oficial do Estado, o programa Certifica Minas Caf\u00e9.<\/p>\n<p>O chefe de gabinete da Secretaria de Agricultura, Pecu\u00e1ria e Abastecimento, Renato Sousa, participou do evento. Ele ressaltou a import\u00e2ncia do concurso e a parceria com institui\u00e7\u00f5es p\u00fablicas de ensino e pesquisa, cooperativas e empresas privadas. \u201c\u00c9 um concurso de grande abrang\u00eancia, que busca incentivar a constante melhoria da qualidade dos caf\u00e9s de Minas Gerais, como meio mais eficaz na conquista de maiores mercados e, ainda, agrega valor ao produto, atendendo a crescente demanda por produtos diferenciados\u201d.<\/p>\n<p>Durante a cerim\u00f4nia de encerramento do concurso foram premiados os tr\u00eas melhores caf\u00e9s de cada regi\u00e3o em cada categoria. Tamb\u00e9m houve a entrega de diploma aos primeiros colocados em cada categoria e de certificado aos cafeicultores finalistas. As empresas patrocinadoras do concurso: Du Pond, Syngenta, Caf\u00e9 Brasil e Assopatos, e os compradores dos caf\u00e9s campe\u00f5es do concurso tamb\u00e9m receberam homenagens. Outro destaque da solenidade foi a realiza\u00e7\u00e3o de um leil\u00e3o com microlotes de caf\u00e9 (uma saca de 60Kg) dos campe\u00f5es estaduais de cada categoria.<\/p>\n<h4>Leil\u00e3o Virtual<\/h4>\n<p>Entre os dias 8 e 21 de novembro aconteceu um leil\u00e3o virtual, no site da FAEPE, com seis lotes dos vencedores das duas categorias de tr\u00eas regi\u00f5es produtoras de caf\u00e9. Cada lote \u00e9 formado por 10 sacas de 60Kg. O lance inicial foi de R$ 1.100,00. Os caf\u00e9s leiloados receberam nota acima de 84 pontos, de acordo com a tabela de classifica\u00e7\u00e3o da Associa\u00e7\u00e3o Brasileira de Caf\u00e9s Especiais (BSCA).<\/p>\n<p>O Concurso Estadual de Qualidade dos Caf\u00e9s de Minas Gerais \u00e9 realizado pelo Governo do Estado, por meio da Emater-MG, empresa vinculada \u00e0 Secretaria de Estado de Agricultura, Pecu\u00e1ria e Abastecimento, Universidade Federal de Lavras, Organiza\u00e7\u00e3o das Cooperativas de Minas Gerais (OCEMG), Federa\u00e7\u00e3o de Agricultura (FAEMG), Instituto Federal de Ensino e Tecnologia de Machado (IEF\/Sul de Minas), Instituto Nacional de Ci\u00eancia e Tecnologia do Caf\u00e9 (INCT CAF\u00c9), Funda\u00e7\u00e3o de Apoio ao Ensino, Pesquisa e Extens\u00e3o (FAEPE). O evento conta ainda com o apoio do Instituto Mineiro de Agropecu\u00e1ria (IMA).<\/p>\n<p>Para a edi\u00e7\u00e3o deste ano foram inscritas 1.025 amostras das quatro regi\u00f5es cafeeiras do Estado: Cerrado Mineiro, Chapadas de Minas, Matas de Minas e Sul de Minas. Os lotes foram entregues pelos cafeicultores nos escrit\u00f3rios da Emater-MG, sendo aceitos somente caf\u00e9s da esp\u00e9cie Ar\u00e1bica, safra 2014, tipo 2 para melhor.<\/p>\n<p>\u201cNosso principal objetivo n\u00e3o \u00e9 estimular a competi\u00e7\u00e3o. O car\u00e1ter \u00e9 mais educativo. Os resultados das amostras analisadas ser\u00e3o detalhados em laudos e entregues aos extensionistas da Emater-MG respons\u00e1veis pelas inscri\u00e7\u00f5es. Produtor e t\u00e9cnico ter\u00e3o condi\u00e7\u00f5es de discutir quais as possibilidades existentes dentro das tecnologias preconizadas para a produ\u00e7\u00e3o de bons caf\u00e9s. Ou seja, o concurso \u00e9 um trabalho de melhoria cont\u00ednua dos caf\u00e9s de Minas Gerais\u201d, ressalta Marcos Fabri Junior.<\/p>\n<h4>Confira abaixo a lista com os vencedores:<\/h4>\n<p><strong>Campe\u00f5es Estaduais<\/strong><\/p>\n<p>Categoria Cereja Descascado: Greciano Lacerda Moura<br \/>\nMunic\u00edpio: Espera Feliz<\/p>\n<p>Categoria Natural: Roberto Carlos de Miranda<br \/>\nMunic\u00edpio: Araponga<\/p>\n<p><strong>Medalha de Sustentabilidade<\/strong><\/p>\n<p>Greciano Lacerda Moura<\/p>\n<p><strong>Categoria Natural<\/strong><\/p>\n<p>Sul de Minas<\/p>\n<p>1\u00ba LUGAR: Giovanni Leto Barone<br \/>\nMunic\u00edpio: Guaxup\u00e9<\/p>\n<p>Cerrado Mineiro<\/p>\n<p>1\u00ba LUGAR: Versi Crivelenti Ferrero<br \/>\nMunic\u00edpio: Patos de Minas<\/p>\n<p>Matas de Minas<\/p>\n<p>1\u00ba LUGAR: Roberto Carlos de Miranda<br \/>\nMunic\u00edpio: Araponga<\/p>\n<p>Chapadas<\/p>\n<p>1\u00ba LUGAR: Cl\u00e1udio Fujio Nakamura<br \/>\nMunic\u00edpio: Jos\u00e9 Gon\u00e7alves de Minas<\/p>\n<h4>Categoria Cereja Descascado<\/h4>\n<p>Sul de Minas<\/p>\n<p>1\u00ba LUGAR: Sebasti\u00e3o M\u00e1rcio R. Nogueira<br \/>\nMunic\u00edpio: Carmo de Minas<\/p>\n<p>Cerrado Mineiro<\/p>\n<p>1\u00ba LUGAR: D\u00e9cio Bruxel<br \/>\nMunic\u00edpio: Varj\u00e3o de Minas<\/p>\n<p>Matas de Minas<\/p>\n<p>1\u00ba LUGAR: Greciano Lacerda Moura<br \/>\nMunic\u00edpio: Espera Feliz<\/p>\n<p>Chapadas<\/p>\n<p>1\u00ba LUGAR: Primavera Agroneg\u00f3cios LTDA<br \/>\nMunic\u00edpio: Angel\u00e2ndia<\/p>\n<p><strong><em>(Ag\u00eancia Minas)<\/em><\/strong><\/p>\n","protected":false},"excerpt":{"rendered":"<p>Al\u00e9m dos vencedores, a disputa tamb\u00e9m escolheu os tr\u00eas melhores caf\u00e9s em cada uma das quatro regi\u00f5es produtoras Os produtores Greciano Lacerda Moura e Roberto Carlos de Miranda s\u00e3o os campe\u00f5es estaduais do 11\u00ba Concurso Estadual de Qualidade dos Caf\u00e9s de Minas Gerais. O an\u00fancio foi feito durante cerim\u00f4nia de encerramento do concurso realizada em [&hellip;]<\/p>\n","protected":false},"author":1,"featured_media":46701,"comment_status":"open","ping_status":"closed","sticky":false,"template":"","format":"standard","meta":{"amp_status":"","footnotes":""},"categories":[123],"tags":[22082,24740,657,1558,12266,22085,24749,1782,24751,24752,24742,24746,24744,959,917,214,24750,24743,24745,24748,1686,24741,24747],"class_list":["post-46700","post","type-post","status-publish","format-standard","has-post-thumbnail","hentry","category-gerais","tag-11o-concurso-estadual-de-qualidade-dos-cafes-de-minas-gerais","tag-11o-concurso-estadual-de-qualidade-dos-cafes-de-minas-gerais-anuncia-vencedores","tag-angelandia","tag-araponga","tag-carmo-de-minas","tag-claudio-fujio-nakamura","tag-decio-bruxel","tag-espera-feliz","tag-fazenda-primavera","tag-fazenda-primavera-de-angelandia","tag-ganhadores-do-11o-concurso-estadual-de-qualidade-dos-cafes-de-minas-gerais","tag-giovanni-leto-barone","tag-greciano-lacerda-moura","tag-guaxupe","tag-jose-goncalves-de-minas","tag-patos-de-minas","tag-primavera-agronegocios-ltda","tag-quem-ganhou-o-11o-concurso-estadual-de-qualidade-dos-cafes-de-minas-gerais","tag-roberto-carlos-de-miranda","tag-sebastiao-marcio-r-nogueira","tag-varjao-de-minas","tag-vencedores-do-11o-concurso-estadual-de-qualidade-dos-cafes-de-minas-gerais","tag-versi-crivelenti-ferrero"],"_links":{"self":[{"href":"https:\/\/aconteceunovale.com.br\/portal\/index.php?rest_route=\/wp\/v2\/posts\/46700","targetHints":{"allow":["GET"]}}],"collection":[{"href":"https:\/\/aconteceunovale.com.br\/portal\/index.php?rest_route=\/wp\/v2\/posts"}],"about":[{"href":"https:\/\/aconteceunovale.com.br\/portal\/index.php?rest_route=\/wp\/v2\/types\/post"}],"author":[{"embeddable":true,"href":"https:\/\/aconteceunovale.com.br\/portal\/index.php?rest_route=\/wp\/v2\/users\/1"}],"replies":[{"embeddable":true,"href":"https:\/\/aconteceunovale.com.br\/portal\/index.php?rest_route=%2Fwp%2Fv2%2Fcomments&post=46700"}],"version-history":[{"count":0,"href":"https:\/\/aconteceunovale.com.br\/portal\/index.php?rest_route=\/wp\/v2\/posts\/46700\/revisions"}],"wp:featuredmedia":[{"embeddable":true,"href":"https:\/\/aconteceunovale.com.br\/portal\/index.php?rest_route=\/wp\/v2\/media\/46701"}],"wp:attachment":[{"href":"https:\/\/aconteceunovale.com.br\/portal\/index.php?rest_route=%2Fwp%2Fv2%2Fmedia&parent=46700"}],"wp:term":[{"taxonomy":"category","embeddable":true,"href":"https:\/\/aconteceunovale.com.br\/portal\/index.php?rest_route=%2Fwp%2Fv2%2Fcategories&post=46700"},{"taxonomy":"post_tag","embeddable":true,"href":"https:\/\/aconteceunovale.com.br\/portal\/index.php?rest_route=%2Fwp%2Fv2%2Ftags&post=46700"}],"curies":[{"name":"wp","href":"https:\/\/api.w.org\/{rel}","templated":true}]}}