{"id":46681,"date":"2014-11-28T14:29:51","date_gmt":"2014-11-28T17:29:51","guid":{"rendered":"http:\/\/aconteceunovale.com.br\/portal\/?p=46681"},"modified":"2014-11-28T14:29:51","modified_gmt":"2014-11-28T17:29:51","slug":"samu-do-norte-de-minas-recebe-reforco-do-ministerio-da-saude","status":"publish","type":"post","link":"https:\/\/aconteceunovale.com.br\/portal\/?p=46681","title":{"rendered":"Samu do Norte de Minas recebe refor\u00e7o do Minist\u00e9rio da Sa\u00fade"},"content":{"rendered":"<h4><strong><em>A unidade do Norte de Minas, respons\u00e1vel pelo treinamento e atualiza\u00e7\u00e3o dos socorristas, recebeu kits de manequins e aparelho multim\u00eddia que ser\u00e3o utilizados nas oficinas pr\u00e1ticas de urg\u00eancia e emerg\u00eancia.<\/em><\/strong><\/h4>\n<p>O Servi\u00e7o de Atendimento M\u00f3vel de Urg\u00eancia do Norte de Minas (SAMU Macro Norte) ganhou um refor\u00e7o no material t\u00e9cnico para realiza\u00e7\u00e3o de treinamento dos profissionais que atuam no servi\u00e7o. Nesta sexta-feira, 28\/11, o N\u00facleo de Educa\u00e7\u00e3o Permanente (NEP), respons\u00e1vel pelo treinamento e atualiza\u00e7\u00e3o dos socorristas, recebeu kits de manequins e aparelho multim\u00eddia que ser\u00e3o utilizados nas oficinas pr\u00e1ticas de urg\u00eancia e emerg\u00eancia.  <\/p>\n<p>O equipamento foi doado pelo Minist\u00e9rio da Sa\u00fade, dentro do programa de qualifica\u00e7\u00e3o dos n\u00facleos de educa\u00e7\u00e3o dos Samu\u2019s de todo pa\u00eds, realizado em parceria com o hospital Oswaldo Cruz. <\/p>\n<p><img decoding=\"async\" src=\"http:\/\/aconteceunovale.com.br\/portal\/wp-content\/uploads\/2014\/11\/reforco_samu_norte_de_minas.jpg\" alt=\"\" \/><em>Samu recebe refor\u00e7o do Minist\u00e9rio da Sa\u00fade &#8211; Foto: Jerusia Arruda<\/em><br \/>\n<\/br><\/p>\n<p>De acordo com o presidente do Cons\u00f3rcio Intermunicipal de Sa\u00fade da Rede de Urg\u00eancia do Norte de Minas (Cisrun) e prefeito de Bocaiuva, Ricardo Afonso Veloso, o trabalho realizado pelo NEP \u00e9 fundamental para manuten\u00e7\u00e3o da qualidade do atendimento pr\u00e9-hospitalar. \u201cO Samu Macro Norte foi primeiro do pa\u00eds a ser organizado de forma regionalizada, e os socorristas trabalham em cidades diferentes sob um \u00fanico comando. Para manter a linguagem \u00fanica e a padroniza\u00e7\u00e3o do atendimento s\u00e3o necess\u00e1rios treinamento e atualiza\u00e7\u00e3o constante de forma que, independentemente de onde se d\u00ea o atendimento, ele aconte\u00e7a com o mesmo padr\u00e3o de qualidade\u201d, avalia o presidente. <\/p>\n<p>Ricardo ressalta que o alto padr\u00e3o do servi\u00e7o prestado no Norte de Minas se tornou refer\u00eancia para todo o Estado. \u201cA experi\u00eancia e a qualifica\u00e7\u00e3o dos profissionais do Samu Macro Norte, al\u00e9m da manuten\u00e7\u00e3o do padr\u00e3o do servi\u00e7o no Norte de Minas, tamb\u00e9m se tornou modelo para organiza\u00e7\u00e3o das outras redes de urg\u00eancia e emerg\u00eancia em Minas Gerais. Nas outras regi\u00f5es onde o servi\u00e7o j\u00e1 foi implantando, no Vale do Jequitinhonha, na regi\u00e3o de Juiz de Fora, Barbacena e Varginha, a equipe de instrutores do Norte de Minas participou do treinamento e qualifica\u00e7\u00e3o dos profissionais concursados, possibilitando que os novos servi\u00e7os fossem implantados com profissionais capacitados. Essa troca de experi\u00eancia \u00e9 motivo de orgulho, mas tamb\u00e9m de muita responsabilidade para o Samu Macro Norte\u201d, observa. <\/p>\n<p>O coordenador do Nep, Ubiratan Lopes Correia, diz que os novos equipamentos v\u00e3o facilitar a realiza\u00e7\u00e3o dos treinamentos. \u201cO Norte de Minas \u00e9 uma regi\u00e3o com grandes dist\u00e2ncias entre os munic\u00edpios e com o novo material ser\u00e1 poss\u00edvel realizar o treinamento em at\u00e9 duas cidades ao mesmo tempo, ampliando o acesso dos socorristas aos cursos, o que representa mais qualidade para o servi\u00e7o\u201d, avalia o enfermeiro.<\/p>\n<p>O Samu Macro Norte \u00e9 um dos 33 Samu\u2019s do pa\u00eds contemplados para receber o equipamento. Em 2011, o programa tamb\u00e9m realizou um curso de especializa\u00e7\u00e3o para 430 socorristas, entre t\u00e9cnicos de enfermagem e condutores-socorristas que atuam nas 37 bases do Samu no Norte de Minas.<\/p>\n","protected":false},"excerpt":{"rendered":"<p>A unidade do Norte de Minas, respons\u00e1vel pelo treinamento e atualiza\u00e7\u00e3o dos socorristas, recebeu kits de manequins e aparelho multim\u00eddia que ser\u00e3o utilizados nas oficinas pr\u00e1ticas de urg\u00eancia e emerg\u00eancia. O Servi\u00e7o de Atendimento M\u00f3vel de Urg\u00eancia do Norte de Minas (SAMU Macro Norte) ganhou um refor\u00e7o no material t\u00e9cnico para realiza\u00e7\u00e3o de treinamento dos [&hellip;]<\/p>\n","protected":false},"author":1,"featured_media":46682,"comment_status":"open","ping_status":"closed","sticky":false,"template":"","format":"standard","meta":{"amp_status":"","footnotes":""},"categories":[1236],"tags":[21139,24710,4040],"class_list":["post-46681","post","type-post","status-publish","format-standard","has-post-thumbnail","hentry","category-norte_de_minas","tag-samu-do-norte-de-minas","tag-samu-do-norte-de-minas-recebe-reforco-do-ministerio-da-saude","tag-samu-macro-norte"],"_links":{"self":[{"href":"https:\/\/aconteceunovale.com.br\/portal\/index.php?rest_route=\/wp\/v2\/posts\/46681","targetHints":{"allow":["GET"]}}],"collection":[{"href":"https:\/\/aconteceunovale.com.br\/portal\/index.php?rest_route=\/wp\/v2\/posts"}],"about":[{"href":"https:\/\/aconteceunovale.com.br\/portal\/index.php?rest_route=\/wp\/v2\/types\/post"}],"author":[{"embeddable":true,"href":"https:\/\/aconteceunovale.com.br\/portal\/index.php?rest_route=\/wp\/v2\/users\/1"}],"replies":[{"embeddable":true,"href":"https:\/\/aconteceunovale.com.br\/portal\/index.php?rest_route=%2Fwp%2Fv2%2Fcomments&post=46681"}],"version-history":[{"count":0,"href":"https:\/\/aconteceunovale.com.br\/portal\/index.php?rest_route=\/wp\/v2\/posts\/46681\/revisions"}],"wp:featuredmedia":[{"embeddable":true,"href":"https:\/\/aconteceunovale.com.br\/portal\/index.php?rest_route=\/wp\/v2\/media\/46682"}],"wp:attachment":[{"href":"https:\/\/aconteceunovale.com.br\/portal\/index.php?rest_route=%2Fwp%2Fv2%2Fmedia&parent=46681"}],"wp:term":[{"taxonomy":"category","embeddable":true,"href":"https:\/\/aconteceunovale.com.br\/portal\/index.php?rest_route=%2Fwp%2Fv2%2Fcategories&post=46681"},{"taxonomy":"post_tag","embeddable":true,"href":"https:\/\/aconteceunovale.com.br\/portal\/index.php?rest_route=%2Fwp%2Fv2%2Ftags&post=46681"}],"curies":[{"name":"wp","href":"https:\/\/api.w.org\/{rel}","templated":true}]}}