{"id":46652,"date":"2014-11-28T10:03:46","date_gmt":"2014-11-28T13:03:46","guid":{"rendered":"http:\/\/aconteceunovale.com.br\/portal\/?p=46652"},"modified":"2014-11-28T10:03:46","modified_gmt":"2014-11-28T13:03:46","slug":"minas-gerais-tem-mais-de-24-mil-pontos-com-alto-risco-de-inundacao","status":"publish","type":"post","link":"https:\/\/aconteceunovale.com.br\/portal\/?p=46652","title":{"rendered":"Minas Gerais tem mais de 24 mil pontos com alto risco de inunda\u00e7\u00e3o"},"content":{"rendered":"<p>Estudo desenvolvido pela Secretaria de Estado de Meio Ambiente e Desenvolvimento Sustent\u00e1vel (Semad), em parceria com as defesas civis municipais e a Estadual, mostra que Minas Gerais tem 24.519 pontos com alto risco de inunda\u00e7\u00e3o. Os dados constam do Atlas de Vulnerabilidade a Inunda\u00e7\u00f5es, cujos levantamentos foram feitos entre outubro de 2013 e abril de 2014, analisando enchentes registradas pelas defesas civis e os formul\u00e1rios preenchidos por representantes das cidades atingidas. <\/p>\n<p>Os pontos inund\u00e1veis s\u00e3o determinados por fatores como localiza\u00e7\u00e3o geogr\u00e1fica, relevo e clima, bem como a frequ\u00eancia das ocorr\u00eancias e o impacto que elas causam.<\/p>\n<p>Segundo o engenheiro ambiental da Semad e um dos respons\u00e1veis pela elabora\u00e7\u00e3o do Atlas, Pedro Engler, esses locais correspondem a 2,5% dos 974 mil corpos d\u2019\u00e1gua (veja o significado ao lado) mapeados em Minas. \u201cA inunda\u00e7\u00e3o \u00e9 o extravasamento das \u00e1guas do canal de drenagem para \u00e1reas marginais, quando a enchente atinge uma cota acima do n\u00edvel m\u00e1ximo da calha principal do rio\u201d, descreve. <\/p>\n<p>Outro fator que contribui na constitui\u00e7\u00e3o de pontos inund\u00e1veis \u00e9 a presen\u00e7a de grandes aglomerados urbanos pr\u00f3ximos, que s\u00e3o mais vulner\u00e1veis. \u201cBelo Horizonte e Brumadinho s\u00e3o algumas das cidades que est\u00e3o entre as que apresentam mais riscos em per\u00edodos chuvosos\u201d, completou o engenheiro.<\/p>\n<p><img decoding=\"async\" src=\"http:\/\/aconteceunovale.com.br\/portal\/wp-content\/uploads\/2014\/11\/chuva_muriae_1.jpg\" alt=\"\" \/><em>Chuva provoca inunda\u00e7\u00e3o em Muria\u00e9 &#8211; Foto: Divulga\u00e7\u00e3o\/Corpo de Bombeiros<\/em><br \/>\n<\/br><\/p>\n<h4>Detalhes<\/h4>\n<p>O total de trechos com maior risco de inunda\u00e7\u00e3o cresceu mais de 1.500% entre 2013 e 2014, de acordo com os dados do Atlas divulgados, nessa quinta-feira (27), no primeiro dia do Semin\u00e1rio de Emerg\u00eancia Ambiental, que termina nesta sexta-feira (28), na capital. <\/p>\n<p>O motivo desse aumento exorbitante foi o uso de uma tecnologia de c\u00e1lculo diferente da do ano passado que permitiu um detalhamento maior dos pontos e a identifica\u00e7\u00e3o de corpos d\u2019\u00e1gua menores, que antes n\u00e3o eram percebidos.<\/p>\n<p>A bacia do Rio Doce foi o local com o maior n\u00famero de registros, com 12% de trechos inund\u00e1veis em toda a extens\u00e3o. Os munic\u00edpios com risco iminente de enchente na regi\u00e3o s\u00e3o Governador Valadares e Resplendor. Em n\u00fameros absolutos, a bacia do S\u00e3o Francisco \u2013 a maior de Minas \u2013 \u00e9 a campe\u00e3 em pontos de alagamento. <\/p>\n<h4>A\u00e7\u00f5es<\/h4>\n<p>Com os trechos vulner\u00e1veis \u00e0 inunda\u00e7\u00e3o mapeados, a ideia \u00e9 desenvolver a\u00e7\u00f5es para minimizar os efeitos das ocorr\u00eancias. \u201cQuando identificamos onde est\u00e3o esses pontos e qual a frequ\u00eancia e vulnerabilidade deles, conseguimos direcionar pol\u00edticas p\u00fablicas, como a implanta\u00e7\u00e3o de sistemas de alerta\u201d, explicou a diretora de Preven\u00e7\u00e3o e Emerg\u00eancia Ambiental da Semad, Wanderlene Nacif.<\/p>\n<p>\u201cA defini\u00e7\u00e3o dos locais de instala\u00e7\u00e3o das esta\u00e7\u00f5es hidrol\u00f3gicas para monitoramento, por exemplo, \u00e9 uma das a\u00e7\u00f5es desenvolvidas a partir dos dados do Atlas\u201d, destacou a especialista.<\/p>\n<h4>Primeira v\u00edtima<\/h4>\n<p>A Coordenadoria Estadual de Defesa Civil (Cedec) confirmou, nessa quinta, a primeira morte causada pelas chuvas em Minas no per\u00edodo chuvoso 2014\/2015. <\/p>\n<p>A v\u00edtima \u00e9 William Carvalho, de 44 anos, que morreu ap\u00f3s ter sido atingido por uma descarga atmosf\u00e9rica enquanto trabalhava em uma fazenda no povoado de S\u00e3o Jos\u00e9 das Rosas, no munic\u00edpio de Santo Ant\u00f4nio do Monte, no Centro-Oeste de Minas. (Hoje em Dia)<\/p>\n","protected":false},"excerpt":{"rendered":"<p>Estudo desenvolvido pela Secretaria de Estado de Meio Ambiente e Desenvolvimento Sustent\u00e1vel (Semad), em parceria com as defesas civis municipais e a Estadual, mostra que Minas Gerais tem 24.519 pontos com alto risco de inunda\u00e7\u00e3o. Os dados constam do Atlas de Vulnerabilidade a Inunda\u00e7\u00f5es, cujos levantamentos foram feitos entre outubro de 2013 e abril de [&hellip;]<\/p>\n","protected":false},"author":1,"featured_media":45240,"comment_status":"open","ping_status":"closed","sticky":false,"template":"","format":"standard","meta":{"amp_status":"","footnotes":""},"categories":[123],"tags":[194,3679,24670,24674,24673,24671,24668,24669,964,24667,24666,24672],"class_list":["post-46652","post","type-post","status-publish","format-standard","has-post-thumbnail","hentry","category-gerais","tag-belo-horizonte","tag-brumadinho","tag-inundacao-em-minas-gerais","tag-minas-gerais-tem-mais-de-24-mil-pontos-com-alto-risco-de-inundacao","tag-minas-gerais-tem-mais-de-24-mil-pontos-de-inundacao","tag-pedro-engler","tag-pontos-com-alto-risco-de-inundacao","tag-pontos-com-alto-risco-de-inundacao-em-minas-gerais","tag-santo-antonio-do-monte","tag-secretaria-de-estado-de-meio-ambiente-e-desenvolvimento-sustentavel","tag-semad","tag-william-carvalho"],"_links":{"self":[{"href":"https:\/\/aconteceunovale.com.br\/portal\/index.php?rest_route=\/wp\/v2\/posts\/46652","targetHints":{"allow":["GET"]}}],"collection":[{"href":"https:\/\/aconteceunovale.com.br\/portal\/index.php?rest_route=\/wp\/v2\/posts"}],"about":[{"href":"https:\/\/aconteceunovale.com.br\/portal\/index.php?rest_route=\/wp\/v2\/types\/post"}],"author":[{"embeddable":true,"href":"https:\/\/aconteceunovale.com.br\/portal\/index.php?rest_route=\/wp\/v2\/users\/1"}],"replies":[{"embeddable":true,"href":"https:\/\/aconteceunovale.com.br\/portal\/index.php?rest_route=%2Fwp%2Fv2%2Fcomments&post=46652"}],"version-history":[{"count":0,"href":"https:\/\/aconteceunovale.com.br\/portal\/index.php?rest_route=\/wp\/v2\/posts\/46652\/revisions"}],"wp:featuredmedia":[{"embeddable":true,"href":"https:\/\/aconteceunovale.com.br\/portal\/index.php?rest_route=\/wp\/v2\/media\/45240"}],"wp:attachment":[{"href":"https:\/\/aconteceunovale.com.br\/portal\/index.php?rest_route=%2Fwp%2Fv2%2Fmedia&parent=46652"}],"wp:term":[{"taxonomy":"category","embeddable":true,"href":"https:\/\/aconteceunovale.com.br\/portal\/index.php?rest_route=%2Fwp%2Fv2%2Fcategories&post=46652"},{"taxonomy":"post_tag","embeddable":true,"href":"https:\/\/aconteceunovale.com.br\/portal\/index.php?rest_route=%2Fwp%2Fv2%2Ftags&post=46652"}],"curies":[{"name":"wp","href":"https:\/\/api.w.org\/{rel}","templated":true}]}}