{"id":46650,"date":"2014-11-28T09:52:19","date_gmt":"2014-11-28T12:52:19","guid":{"rendered":"http:\/\/aconteceunovale.com.br\/portal\/?p=46650"},"modified":"2014-11-28T09:53:22","modified_gmt":"2014-11-28T12:53:22","slug":"plantao-do-samu-no-norte-de-minas-gerais-27-de-novembro-de-2014","status":"publish","type":"post","link":"https:\/\/aconteceunovale.com.br\/portal\/?p=46650","title":{"rendered":"Plant\u00e3o do Samu no Norte de Minas Gerais &#8211; 27 de novembro de 2014"},"content":{"rendered":"<h4><em><strong>Quinta-feira, 27 de novembro de 2014<\/strong><\/em><\/h4>\n<p>A unidade do SAMU de Montes Claros realizou nesta quinta-feira, 27\/11, 54 atendimentos, sendo 47 casos cl\u00ednicos; 02 por agress\u00e3o f\u00edsica e 7 em decorr\u00eancia de acidentes de tr\u00e2nsito.<\/p>\n<p>Por volta das 22h, um homem de 21 anos ficou ferido ao colidir de moto contra um carro na Vila Ipiranga, se queixando de dor no tornozelo esquerdo, sem sinais de fratura ou luxa\u00e7\u00e3o.<\/p>\n<p>\u00c0s 20h48, a unidade do Samu foi acionada para atendimento a uma mulher de 31 anos, v\u00edtima de agress\u00e3o f\u00edsica, no bairro Alto S\u00e3o Jo\u00e3o. Ela apresentava hematoma no olho direito e se queixava de dor lombar e na cabe\u00e7a. Ela tamb\u00e9m apresentava h\u00e1lito et\u00edlico.<\/p>\n<p>\u00c0s 17h45, uma mulher de 48 anos foi atropelada por uma moto na Avenida Francisco Gaetani, bairro Major Prates. Ela deambulava pelo local, mas estava consciente e orientada, apresentando escoria\u00e7\u00f5es na clav\u00edcula e nas pernas, sem sinal de fratura.<\/p>\n<p>Por volta das 13h40, um rapaz de 18 anos ficou ferido ao colidir de moto contra um carro na Avenida Ant\u00f4nio de Freitas, bairro Jaragu\u00e1 II, apresentando escoria\u00e7\u00f5es na face e no antebra\u00e7o, na regi\u00e3o lombar e no p\u00e9 direito, corte no joelho esquerdo, se queixando de dor intensa. <\/p>\n<p>Um homem de 49 anos sofreu agress\u00e3o f\u00edsica na comunidade rural de Palmito, sa\u00edda de Montes Claros para Pirapora. A unidade do Samu foi acionada por volta das 10h e, no local, os socorristas o encontraram consciente e orientado. Ele relata ter sido agredido com uma barra de ferro e se queixava de forte dor na regi\u00e3o tor\u00e1cica.<\/p>\n<p>Por volta das 9h, a unidade do Samu foi acionada para atendimento a um homem de 40 anos que teria sofrido agress\u00e3o f\u00edsica. Ele apresentava escoria\u00e7\u00f5es na face, estava inconsciente, cian\u00f3tico. A esposa relatou aos socorristas que ele teria chegado em casa por volta das 3h da madrugada, se queixando de dor e sangrando, mas n\u00e3o soube relatar o teria acontecido. Ele estava em parada cardiorrespirat\u00f3ria a unidade realizou manobras de RCP, sem sucesso, confirmando o \u00f3bito do paciente. <\/p>\n<p>\u00c0s 8h36, a unidade do Samu foi acionada para atendimento a um rapaz de 19 anos que ficou ferido ao colidir de moto contra outra moto na Rua Coronel Luiz Pires, bairro Cintra, se queixando de dor no ombro esquerdo e apresentando escoria\u00e7\u00f5es no local e no cotovelo esquerdo.<\/p>\n<p>Em todas as ocorr\u00eancias os feridos receberam os primeiros atendimentos no local e foram encaminhados ao hospital para avalia\u00e7\u00e3o.<\/p>\n","protected":false},"excerpt":{"rendered":"<p>Quinta-feira, 27 de novembro de 2014 A unidade do SAMU de Montes Claros realizou nesta quinta-feira, 27\/11, 54 atendimentos, sendo 47 casos cl\u00ednicos; 02 por agress\u00e3o f\u00edsica e 7 em decorr\u00eancia de acidentes de tr\u00e2nsito. Por volta das 22h, um homem de 21 anos ficou ferido ao colidir de moto contra um carro na Vila [&hellip;]<\/p>\n","protected":false},"author":1,"featured_media":46383,"comment_status":"open","ping_status":"closed","sticky":false,"template":"","format":"standard","meta":{"amp_status":"","footnotes":""},"categories":[1236],"tags":[24662,24663,24664,24665,24659,24089,18898,24660,18629,21139,4040,24661],"class_list":["post-46650","post","type-post","status-publish","format-standard","has-post-thumbnail","hentry","category-norte_de_minas","tag-acidente-no-vila-ipiranga-em-montes-claros","tag-mulher-agredida-no-bairro-alto-sao-joao","tag-mulher-atropelada-na-avenida-francisco-gaetani","tag-mulher-atropelada-no-major-prates","tag-plantao-do-samu-de-montes-claros","tag-plantao-do-samu-do-norte-de-minas","tag-plantao-do-samu-macro-norte","tag-plantao-do-samu-no-norte-de-minas-gerais-27-de-novembro-de-2014","tag-samu-de-montes-claros","tag-samu-do-norte-de-minas","tag-samu-macro-norte","tag-unidade-do-samu-de-montes-claros"],"_links":{"self":[{"href":"https:\/\/aconteceunovale.com.br\/portal\/index.php?rest_route=\/wp\/v2\/posts\/46650","targetHints":{"allow":["GET"]}}],"collection":[{"href":"https:\/\/aconteceunovale.com.br\/portal\/index.php?rest_route=\/wp\/v2\/posts"}],"about":[{"href":"https:\/\/aconteceunovale.com.br\/portal\/index.php?rest_route=\/wp\/v2\/types\/post"}],"author":[{"embeddable":true,"href":"https:\/\/aconteceunovale.com.br\/portal\/index.php?rest_route=\/wp\/v2\/users\/1"}],"replies":[{"embeddable":true,"href":"https:\/\/aconteceunovale.com.br\/portal\/index.php?rest_route=%2Fwp%2Fv2%2Fcomments&post=46650"}],"version-history":[{"count":0,"href":"https:\/\/aconteceunovale.com.br\/portal\/index.php?rest_route=\/wp\/v2\/posts\/46650\/revisions"}],"wp:featuredmedia":[{"embeddable":true,"href":"https:\/\/aconteceunovale.com.br\/portal\/index.php?rest_route=\/wp\/v2\/media\/46383"}],"wp:attachment":[{"href":"https:\/\/aconteceunovale.com.br\/portal\/index.php?rest_route=%2Fwp%2Fv2%2Fmedia&parent=46650"}],"wp:term":[{"taxonomy":"category","embeddable":true,"href":"https:\/\/aconteceunovale.com.br\/portal\/index.php?rest_route=%2Fwp%2Fv2%2Fcategories&post=46650"},{"taxonomy":"post_tag","embeddable":true,"href":"https:\/\/aconteceunovale.com.br\/portal\/index.php?rest_route=%2Fwp%2Fv2%2Ftags&post=46650"}],"curies":[{"name":"wp","href":"https:\/\/api.w.org\/{rel}","templated":true}]}}