{"id":46646,"date":"2014-11-28T09:45:02","date_gmt":"2014-11-28T12:45:02","guid":{"rendered":"http:\/\/aconteceunovale.com.br\/portal\/?p=46646"},"modified":"2014-11-28T09:46:30","modified_gmt":"2014-11-28T12:46:30","slug":"incompetencia-na-gestao-dos-recursos-publicos","status":"publish","type":"post","link":"https:\/\/aconteceunovale.com.br\/portal\/?p=46646","title":{"rendered":"INCOMPET\u00caNCIA NA GEST\u00c3O DOS RECURSOS P\u00daBLICOS"},"content":{"rendered":"<p>A grande maioria das cidades brasileiras poderia oferecer uma qualidade de vida muito melhor para os seus cidad\u00e3os e n\u00e3o vou entrar na seara da corrup\u00e7\u00e3o e da farra com o dinheiro p\u00fablico, mas apenas na quest\u00e3o da gest\u00e3o p\u00fablica. Infelizmente muitos prefeitos e demais gestores espalhados por este Brasil n\u00e3o cuidam das contas e dos gastos municipais como se fosse em sua casa mas como se fosse na casa do vizinho.  Muitos, ao perderem uma elei\u00e7\u00e3o para um rival pol\u00edtico tratam de \u201cbagun\u00e7ar\u201d o m\u00e1ximo poss\u00edvel \u00e0s contas da prefeitura entregando uma m\u00e1quina administrativa totalmente desmantelada para o seu sucessor e rival pol\u00edtico. Muitas vezes, a atitude mesquinha chega a ponto de ter como motiva\u00e7\u00e3o a raiva da popula\u00e7\u00e3o que n\u00e3o o reelegeu ou n\u00e3o elegeu o seu aliado pol\u00edtico. Por sua vez, muitos prefeitos sucessores n\u00e3o complementam obras em andamento por ter sido iniciada na gest\u00e3o anterior, optando por destru\u00ed-la, iniciando uma nova obra. <\/p>\n<p>Por conta destas e de outras atitudes atitudes, as d\u00edvidas p\u00fablicas aumentam a cada gest\u00e3o com benef\u00edcios m\u00ednimos para a popula\u00e7\u00e3o.  A maioria dos nossos gestores gasta muito, gasta mal, n\u00e3o sabe captar recursos e n\u00e3o se preocupa com as contas p\u00fablicas.  Fazem obras superficiais apenas para agradar aos olhos da popula\u00e7\u00e3o, mas obras sem qualquer qualidade t\u00e9cnica  e que em pouco tempo, ter\u00e1 que ser arrumada ou at\u00e9 mesmo refeita. Em muitos casos, as decis\u00f5es pol\u00edticas s\u00e3o muito mais importantes que as decis\u00f5es t\u00e9cnicas. Rede de esgoto ou show de m\u00fasica sertaneja na pra\u00e7a e de gra\u00e7a? O segundo \u00e9 claro, afinal rende mais votos. <\/p>\n<p>Muitos munic\u00edpios brasileiros precisam de muita coisa: precisam de escolas de qualidade, professores melhor remunerados, seguran\u00e7a alimentar para suas crian\u00e7as e grupos de vulner\u00e1veis, empregos, atra\u00e7\u00e3o de investimentos produtivos nos setores industriais e na agropecu\u00e1ria, com\u00e9rcio forte, parques, jardins e \u00e1reas de lazer de qualidade, servi\u00e7os p\u00fablicos eficientes como coleta de lixo, de esgoto, \u00e1gua tratada nas torneiras, ruas iluminadas, cal\u00e7adas, hospitais e postos de sa\u00fade eficientes com m\u00e9dicos e enfermeiros, seguran\u00e7a p\u00fablica, ciclovias e transporte urbano eficiente. Parece que estou descrevendo o \u201cpa\u00eds das maravilhas\u201d e que esta \u201ccidade perfeita\u201d n\u00e3o existe, mas na realidade existe. Podem n\u00e3o ser 100% perfeitas, mas chegam pr\u00f3ximo a isto. Muitos pa\u00edses cobrando uma fatia muito menor de impostos conseguem oferecer para sua popula\u00e7\u00e3o uma qualidade de vida muito melhor em rela\u00e7\u00e3o a que \u00e9 oferecida aqui. Porque temos que construir nossas casas com muros altos, colocando cercas eletrificadas que parecem campos de concentra\u00e7\u00e3o enquanto em v\u00e1rias cidades da Europa e dos Estados Unidos as casas nem muro tem? Porque em v\u00e1rias cidades europeias os ciclistas podem pedalar tranquilamente nas ciclovias para o trabalho e lazer enquanto aqui temos que dividir  espa\u00e7os com carros e motos com elevado risco de sofrer um acidente?  Porque somos obrigados a conviver com esgotos nos rios enquanto nos pa\u00edses mais desenvolvidos todo o esgoto \u00e9 tratado?<\/p>\n<p>Novamente, podemos afirmar que no Brasil n\u00e3o falta dinheiro, mas falta gest\u00e3o. Enquanto os nossos gestores continuarem a pensar como pol\u00edticos e n\u00e3o como gestores oferecendo apenas migalhas a popula\u00e7\u00e3o, a nossa gest\u00e3o p\u00fablica estar\u00e1 fadada ao fracasso. <\/p>\n<h4><strong>Quem \u00e9 Alexandre Sylvio Vieira da Costa?<\/strong><\/h4>\n<p><img decoding=\"async\" src=\"http:\/\/aconteceunovale.com.br\/portal\/wp-content\/uploads\/2014\/06\/alexandre_coluna_agro.jpg\" alt=\"\" \/><br \/>\n<\/br><\/p>\n<p>&#8211; Nascido na cidade de Niter\u00f3i, RJ;<br \/>\n&#8211; Engenheiro Agr\u00f4nomo Formado pela Universidade Federal Rural do Rio de Janeiro;<br \/>\n&#8211; Mestre em Produ\u00e7\u00e3o Vegetal pela Embrapa-Agrobiologia\/Universidade Federal Rural do<br \/>\nRio de Janeiro;<br \/>\n&#8211; Doutor em Produ\u00e7\u00e3o Vegetal pela Universidade Federal de Vi\u00e7osa;<br \/>\n&#8211; P\u00f3s doutorado em Geoci\u00eancias pela Universidade Federal de Minas Gerais;<br \/>\n&#8211; Foi Coordenador Adjunto da C\u00e2mara Especializada de Agronomia e Coordenador da<br \/>\nComiss\u00e3o T\u00e9cnica de Meio Ambiente do CREA\/Minas;<br \/>\n&#8211; Foi Presidente da C\u00e2mara T\u00e9cnica de eventos Cr\u00edticos do Comit\u00ea da Bacia<br \/>\nHidrogr\u00e1fica do Rio Doce;<br \/>\n&#8211; Atualmente, professor Adjunto dos cursos de Engenharia da Universidade Federal dos<br \/>\nVales do Jequitinhonha e Mucuri, Campus Te\u00f3filo Otoni;<\/p>\n<p>&#8211; Blog: <a href=\"http:\/\/asylvio.blogspot.com.br\" target=\"_blank\">asylvio.blogspot.com.br<\/a><br \/>\n&#8211; E-mail: alexandre.costa@ufvjm.edu.br<\/p>\n","protected":false},"excerpt":{"rendered":"<p>A grande maioria das cidades brasileiras poderia oferecer uma qualidade de vida muito melhor para os seus cidad\u00e3os e n\u00e3o vou entrar na seara da corrup\u00e7\u00e3o e da farra com o dinheiro p\u00fablico, mas apenas na quest\u00e3o da gest\u00e3o p\u00fablica. Infelizmente muitos prefeitos e demais gestores espalhados por este Brasil n\u00e3o cuidam das contas e [&hellip;]<\/p>\n","protected":false},"author":1,"featured_media":32009,"comment_status":"open","ping_status":"closed","sticky":false,"template":"","format":"standard","meta":{"amp_status":"","footnotes":""},"categories":[4927],"tags":[19480,24654,24657,24653,24656,24658,24655],"class_list":["post-46646","post","type-post","status-publish","format-standard","has-post-thumbnail","hentry","category-colunistas","tag-corrupcao","tag-falha-na-gestao-de-recursos-publicos","tag-farra-com-o-dinheiro-publico","tag-gestao-de-recursos-publicos","tag-gestao-publica","tag-incompetencia-na-gestao-dos-recursos-publicos","tag-recursos-publicos"],"_links":{"self":[{"href":"https:\/\/aconteceunovale.com.br\/portal\/index.php?rest_route=\/wp\/v2\/posts\/46646","targetHints":{"allow":["GET"]}}],"collection":[{"href":"https:\/\/aconteceunovale.com.br\/portal\/index.php?rest_route=\/wp\/v2\/posts"}],"about":[{"href":"https:\/\/aconteceunovale.com.br\/portal\/index.php?rest_route=\/wp\/v2\/types\/post"}],"author":[{"embeddable":true,"href":"https:\/\/aconteceunovale.com.br\/portal\/index.php?rest_route=\/wp\/v2\/users\/1"}],"replies":[{"embeddable":true,"href":"https:\/\/aconteceunovale.com.br\/portal\/index.php?rest_route=%2Fwp%2Fv2%2Fcomments&post=46646"}],"version-history":[{"count":0,"href":"https:\/\/aconteceunovale.com.br\/portal\/index.php?rest_route=\/wp\/v2\/posts\/46646\/revisions"}],"wp:featuredmedia":[{"embeddable":true,"href":"https:\/\/aconteceunovale.com.br\/portal\/index.php?rest_route=\/wp\/v2\/media\/32009"}],"wp:attachment":[{"href":"https:\/\/aconteceunovale.com.br\/portal\/index.php?rest_route=%2Fwp%2Fv2%2Fmedia&parent=46646"}],"wp:term":[{"taxonomy":"category","embeddable":true,"href":"https:\/\/aconteceunovale.com.br\/portal\/index.php?rest_route=%2Fwp%2Fv2%2Fcategories&post=46646"},{"taxonomy":"post_tag","embeddable":true,"href":"https:\/\/aconteceunovale.com.br\/portal\/index.php?rest_route=%2Fwp%2Fv2%2Ftags&post=46646"}],"curies":[{"name":"wp","href":"https:\/\/api.w.org\/{rel}","templated":true}]}}