{"id":46639,"date":"2014-11-27T20:06:09","date_gmt":"2014-11-27T23:06:09","guid":{"rendered":"http:\/\/aconteceunovale.com.br\/portal\/?p=46639"},"modified":"2014-11-27T20:06:09","modified_gmt":"2014-11-27T23:06:09","slug":"idosa-de-71-anos-morre-apos-ser-atropelada-por-caminhao-de-coleta-de-lixo-em-montes-claros","status":"publish","type":"post","link":"https:\/\/aconteceunovale.com.br\/portal\/?p=46639","title":{"rendered":"Idosa de 71 anos morre ap\u00f3s ser atropelada por caminh\u00e3o de coleta de lixo em Montes Claros"},"content":{"rendered":"<h4><strong><em>V\u00edtima passou por cirurgia para amputar as pernas esmagadas no acidente. Nesta quinta-feira (27) ela teve uma parada card\u00edaca e n\u00e3o resistiu.<\/em><\/strong><\/h4>\n<p>Morreu na tarde desta quinta-feira (27) a idosa de 71 anos que foi atropelada por um caminh\u00e3o de coleta de lixo em Montes Claros, norte de Minas Gerais. Lourdes Lopes de Melo passou por uma cirurgia ainda nesta quarta-feira (26), e teve as duas pernas amputadas. A morte da idosa ocorreu na manh\u00e3 desta quinta ap\u00f3s uma parada card\u00edaca.<\/p>\n<p>O acidente aconteceu na tarde dessa quarta-feira (26), no trevo entre as avenidas Deputado Pl\u00ednio Ribeiro e Coronel Luiz Maia.<\/p>\n<p>Testemunhas relataram que o caminh\u00e3o da prefeitura estava parado quando Lourdes come\u00e7ou a atravessar a pista. O motorista do caminh\u00e3o n\u00e3o teria visto e ao arrancar com o ve\u00edculo atingiu a idosa ao ponto de esmagar as pernas dela. <\/p>\n<p>A idosa foi socorrida pelo Samu e encaminhada \u00e0 Santa Casa de Montes Claros, onde veio a \u00f3bito ap\u00f3s uma parada card\u00edaca.<\/p>\n<p><img decoding=\"async\" src=\"http:\/\/aconteceunovale.com.br\/portal\/wp-content\/uploads\/2014\/11\/idosa_atropelada_moc_27.jpg\" alt=\"\" \/><em>Caminh\u00e3o estava parado quando a v\u00edtima come\u00e7ou atravessar a rua (Foto: Valdivan Veloso\/G1)<\/em><br \/>\n<\/br><\/p>\n<p><strong><em>(Inter TV Grande Minas)<\/em><\/strong><\/p>\n","protected":false},"excerpt":{"rendered":"<p>V\u00edtima passou por cirurgia para amputar as pernas esmagadas no acidente. Nesta quinta-feira (27) ela teve uma parada card\u00edaca e n\u00e3o resistiu. Morreu na tarde desta quinta-feira (27) a idosa de 71 anos que foi atropelada por um caminh\u00e3o de coleta de lixo em Montes Claros, norte de Minas Gerais. Lourdes Lopes de Melo passou [&hellip;]<\/p>\n","protected":false},"author":1,"featured_media":46640,"comment_status":"open","ping_status":"closed","sticky":false,"template":"","format":"standard","meta":{"amp_status":"","footnotes":""},"categories":[1236],"tags":[24639,24641,24640,210],"class_list":["post-46639","post","type-post","status-publish","format-standard","has-post-thumbnail","hentry","category-norte_de_minas","tag-caminhao-de-coleta-de-lixo-em-montes-claros","tag-idosa-de-71-anos-morre-apos-ser-atropelada-por-caminhao-de-coleta-de-lixo-em-montes-claros","tag-lourdes-lopes-de-melo","tag-montes-claros"],"_links":{"self":[{"href":"https:\/\/aconteceunovale.com.br\/portal\/index.php?rest_route=\/wp\/v2\/posts\/46639","targetHints":{"allow":["GET"]}}],"collection":[{"href":"https:\/\/aconteceunovale.com.br\/portal\/index.php?rest_route=\/wp\/v2\/posts"}],"about":[{"href":"https:\/\/aconteceunovale.com.br\/portal\/index.php?rest_route=\/wp\/v2\/types\/post"}],"author":[{"embeddable":true,"href":"https:\/\/aconteceunovale.com.br\/portal\/index.php?rest_route=\/wp\/v2\/users\/1"}],"replies":[{"embeddable":true,"href":"https:\/\/aconteceunovale.com.br\/portal\/index.php?rest_route=%2Fwp%2Fv2%2Fcomments&post=46639"}],"version-history":[{"count":0,"href":"https:\/\/aconteceunovale.com.br\/portal\/index.php?rest_route=\/wp\/v2\/posts\/46639\/revisions"}],"wp:featuredmedia":[{"embeddable":true,"href":"https:\/\/aconteceunovale.com.br\/portal\/index.php?rest_route=\/wp\/v2\/media\/46640"}],"wp:attachment":[{"href":"https:\/\/aconteceunovale.com.br\/portal\/index.php?rest_route=%2Fwp%2Fv2%2Fmedia&parent=46639"}],"wp:term":[{"taxonomy":"category","embeddable":true,"href":"https:\/\/aconteceunovale.com.br\/portal\/index.php?rest_route=%2Fwp%2Fv2%2Fcategories&post=46639"},{"taxonomy":"post_tag","embeddable":true,"href":"https:\/\/aconteceunovale.com.br\/portal\/index.php?rest_route=%2Fwp%2Fv2%2Ftags&post=46639"}],"curies":[{"name":"wp","href":"https:\/\/api.w.org\/{rel}","templated":true}]}}