{"id":46634,"date":"2014-11-27T19:54:41","date_gmt":"2014-11-27T22:54:41","guid":{"rendered":"http:\/\/aconteceunovale.com.br\/portal\/?p=46634"},"modified":"2014-11-27T20:10:10","modified_gmt":"2014-11-27T23:10:10","slug":"pastor-suspeito-de-vender-diplomas-falsificados-e-preso-em-varzea-da-palma","status":"publish","type":"post","link":"https:\/\/aconteceunovale.com.br\/portal\/?p=46634","title":{"rendered":"Pastor suspeito de vender diplomas falsificados \u00e9 preso em V\u00e1rzea da Palma"},"content":{"rendered":"<h4><strong><em>Pol\u00edcia Civil investiga participa\u00e7\u00e3o dele em quadrilha que atua em todo pa\u00eds. Suspeito tamb\u00e9m trabalhava como conselheiro tutelar na cidade.<\/em><\/strong><\/h4>\n<p>Um pastor foi preso nesta quinta-feira (27) em V\u00e1rzea da Palma, Norte de Minas, suspeito de envolvimento com uma quadrilha especializada em confec\u00e7\u00e3o e venda de diplomas falsificados. De acordo com a Pol\u00edcia Civil, Daniel Gon\u00e7alves dos Santos trabalha ainda como conselheiro tutelar na cidade.<\/p>\n<p><img decoding=\"async\" src=\"http:\/\/aconteceunovale.com.br\/portal\/wp-content\/uploads\/2014\/11\/pastor_preso_varzea_da_palma_1.jpg\" alt=\"\" \/><em>Suspeito \u00e9 pastor e conselheiro tutelar em V\u00e1rzea da Palma (Foto: Fernando Vetorazo\/Pol\u00edcia Civil)<\/em><br \/>\n<\/br><\/p>\n<p>As investiga\u00e7\u00f5es tiveram in\u00edcio atrav\u00e9s do servi\u00e7o de intelig\u00eancia de Pol\u00edcia Civil de C\u00e1ceres (MT). De acordo com a PC, elas revelaram que a quadrilha atua em v\u00e1rias cidades do pa\u00eds. Em Minas Gerais, o \u00fanico representante do grupo \u00e9 pastor preso nesta quinta-feira.<\/p>\n<p>\u201cEle ainda n\u00e3o foi ouvido, mas informalmente ele confessou o envolvimento no crime. Durante o cumprimento do mandado de pris\u00e3o ele nem perguntou por qual motivo estaria sendo preso\u201d, explica o delegado Fernando Vetorazo.<\/p>\n<p>Os documentos, segundo o delegado, eram comercializados com valores de R$ 3 mil a R$ 14 mil. Na casa do suspeito, no Jardim Am\u00e9rica II, foram apreendidos computadores, notebooks, recibos, diversos certificados, diplomas e declara\u00e7\u00f5es.<\/p>\n<p>&#8220;Eles falsificavam e vendiam diplomas para diversas \u00e1reas, inclusive de Medicina. Ele foi preso por um mandado de pris\u00e3o preventiva, mas ap\u00f3s ser ouvido ele pode ser autuado em flagrante por crimes de falsifica\u00e7\u00e3o de documentos&#8221;, afirma o delegado.<\/p>\n<p>De acordo com o advogado do suspeito, C\u00e9lio Lima Sobrinho, seu cliente apenas intermediava a emiss\u00e3o dos documentos junto \u00e0 escolas que funcionam via internet, indicando e-mails e endere\u00e7os eletr\u00f4nicos das empresas. O advogado disse ainda que o suspeito est\u00e1 informando \u00e0 pol\u00edcia todos os endere\u00e7os, em uma tentativa de conseguir uma dela\u00e7\u00e3o premiada junto ao Minist\u00e9rio P\u00fablico.<\/p>\n<p><img decoding=\"async\" src=\"http:\/\/aconteceunovale.com.br\/portal\/wp-content\/uploads\/2014\/11\/pastor_preso_varzea_da_palma_2.jpg\" alt=\"\" \/><em>Suspeito \u00e9 pastor e conselheiro tutelar em V\u00e1rzea da Palma (Foto: Fernando Vetorazo\/Pol\u00edcia Civil)<\/em><br \/>\n<\/br><\/p>\n<p><img decoding=\"async\" src=\"http:\/\/aconteceunovale.com.br\/portal\/wp-content\/uploads\/2014\/11\/pastor_preso_varzea_da_palma_3.jpg\" alt=\"\" \/><em>Diversos documentos foram apreendidos na casa do suspeito (Foto: Fernando Vetorazo\/Pol\u00edcia Civil)<\/em><br \/>\n<\/br><\/p>\n<p><strong><em>(Inter TV Grande Minas)<\/em><\/strong><\/p>\n","protected":false},"excerpt":{"rendered":"<p>Pol\u00edcia Civil investiga participa\u00e7\u00e3o dele em quadrilha que atua em todo pa\u00eds. Suspeito tamb\u00e9m trabalhava como conselheiro tutelar na cidade. Um pastor foi preso nesta quinta-feira (27) em V\u00e1rzea da Palma, Norte de Minas, suspeito de envolvimento com uma quadrilha especializada em confec\u00e7\u00e3o e venda de diplomas falsificados. De acordo com a Pol\u00edcia Civil, Daniel [&hellip;]<\/p>\n","protected":false},"author":1,"featured_media":46635,"comment_status":"open","ping_status":"closed","sticky":false,"template":"","format":"standard","meta":{"amp_status":"","footnotes":""},"categories":[1236],"tags":[24642,9056,24636,24638,21507,24634,24635,24643,24644,131,24645,24650,24637,24633,24646,24647,21573,24648,24649,2382,1340],"class_list":["post-46634","post","type-post","status-publish","format-standard","has-post-thumbnail","hentry","category-norte_de_minas","tag-araputanga","tag-caceres","tag-celio-lima-sobrinho","tag-conselheiro-tutelar-preso-em-varzea-da-palma","tag-cuiaba","tag-daniel-goncalves-dos-santos","tag-fernando-vetorazo","tag-jaciara","tag-lambari-doeste","tag-minas-gerais","tag-mirassol-doeste","tag-operacao-falsario","tag-pastor-preso-em-varzea-da-palma","tag-pastor-suspeito-de-vender-diplomas-falsificados-e-preso-em-varzea-da-palma","tag-porto-esperidiao","tag-primavera-do-leste","tag-rio-branco","tag-rondonopolis","tag-sao-jose-dos-quatro-marcos","tag-sao-paulo","tag-varzea-da-palma"],"yoast_head":"<!-- This site is optimized with the Yoast SEO plugin v28.3 - https:\/\/yoast.com\/product\/yoast-seo-wordpress\/ -->\n<title>Pastor suspeito de vender diplomas falsificados \u00e9 preso em V\u00e1rzea da Palma - Aconteceu no Vale<\/title>\n<meta name=\"robots\" content=\"index, follow, max-snippet:-1, max-image-preview:large, max-video-preview:-1\" \/>\n<link rel=\"canonical\" href=\"https:\/\/aconteceunovale.com.br\/portal\/?p=46634\" \/>\n<meta property=\"og:locale\" content=\"pt_BR\" \/>\n<meta property=\"og:type\" content=\"article\" \/>\n<meta property=\"og:title\" content=\"Pastor suspeito de vender diplomas falsificados \u00e9 preso em V\u00e1rzea da Palma - Aconteceu no Vale\" \/>\n<meta property=\"og:description\" content=\"Pol\u00edcia Civil investiga participa\u00e7\u00e3o dele em quadrilha que atua em todo pa\u00eds. Suspeito tamb\u00e9m trabalhava como conselheiro tutelar na cidade. Um pastor foi preso nesta quinta-feira (27) em V\u00e1rzea da Palma, Norte de Minas, suspeito de envolvimento com uma quadrilha especializada em confec\u00e7\u00e3o e venda de diplomas falsificados. De acordo com a Pol\u00edcia Civil, Daniel [&hellip;]\" \/>\n<meta property=\"og:url\" content=\"https:\/\/aconteceunovale.com.br\/portal\/?p=46634\" \/>\n<meta property=\"og:site_name\" content=\"Aconteceu no Vale\" \/>\n<meta property=\"article:publisher\" content=\"https:\/\/www.facebook.com\/aconteceunovale\/\" \/>\n<meta property=\"article:published_time\" content=\"2014-11-27T22:54:41+00:00\" \/>\n<meta property=\"article:modified_time\" content=\"2014-11-27T23:10:10+00:00\" \/>\n<meta property=\"og:image\" content=\"https:\/\/aconteceunovale.com.br\/portal\/wp-content\/uploads\/2014\/11\/pastor_preso_varzea_da_palma_1.jpg\" \/>\n\t<meta property=\"og:image:width\" content=\"665\" \/>\n\t<meta property=\"og:image:height\" content=\"450\" \/>\n\t<meta property=\"og:image:type\" content=\"image\/jpeg\" \/>\n<meta name=\"author\" content=\"Aconteceu no Vale\" \/>\n<meta name=\"twitter:card\" content=\"summary_large_image\" \/>\n<meta name=\"twitter:creator\" content=\"@noticiadosvales\" \/>\n<meta name=\"twitter:site\" content=\"@noticiadosvales\" \/>\n<meta name=\"twitter:label1\" content=\"Escrito por\" \/>\n\t<meta name=\"twitter:data1\" content=\"Aconteceu no Vale\" \/>\n\t<meta name=\"twitter:label2\" content=\"Est. tempo de leitura\" \/>\n\t<meta name=\"twitter:data2\" content=\"2 minutos\" \/>\n<script type=\"application\/ld+json\" class=\"yoast-schema-graph\">{\"@context\":\"https:\\\/\\\/schema.org\",\"@graph\":[{\"@type\":\"Article\",\"@id\":\"https:\\\/\\\/aconteceunovale.com.br\\\/portal\\\/?p=46634#article\",\"isPartOf\":{\"@id\":\"https:\\\/\\\/aconteceunovale.com.br\\\/portal\\\/?p=46634\"},\"author\":{\"name\":\"Aconteceu no Vale\",\"@id\":\"https:\\\/\\\/aconteceunovale.com.br\\\/portal\\\/#\\\/schema\\\/person\\\/633529146f2c94272bef50ac2953d589\"},\"headline\":\"Pastor suspeito de vender diplomas falsificados \u00e9 preso em V\u00e1rzea da Palma\",\"datePublished\":\"2014-11-27T22:54:41+00:00\",\"dateModified\":\"2014-11-27T23:10:10+00:00\",\"mainEntityOfPage\":{\"@id\":\"https:\\\/\\\/aconteceunovale.com.br\\\/portal\\\/?p=46634\"},\"wordCount\":364,\"commentCount\":0,\"image\":{\"@id\":\"https:\\\/\\\/aconteceunovale.com.br\\\/portal\\\/?p=46634#primaryimage\"},\"thumbnailUrl\":\"https:\\\/\\\/aconteceunovale.com.br\\\/portal\\\/wp-content\\\/uploads\\\/2014\\\/11\\\/pastor_preso_varzea_da_palma_1.jpg\",\"keywords\":[\"Araputanga\",\"C\u00e1ceres\",\"C\u00e9lio Lima Sobrinho\",\"conselheiro tutelar preso em v\u00e1rzea da palma\",\"Cuiab\u00e1\",\"Daniel Gon\u00e7alves dos Santos\",\"Fernando Vetorazo\",\"Jaciara\",\"Lambari D'Oeste\",\"Minas Gerais\",\"Mirassol D'Oeste\",\"opera\u00e7\u00e3o Fals\u00e1rio\",\"pastor preso em v\u00e1rzea da palma\",\"Pastor suspeito de vender diplomas falsificados \u00e9 preso em V\u00e1rzea da Palma\",\"Porto Esperidi\u00e3o\",\"Primavera do Leste\",\"Rio Branco\",\"Rondon\u00f3polis\",\"S\u00e3o Jos\u00e9 dos Quatro Marcos\",\"S\u00e3o Paulo\",\"v\u00e1rzea da palma\"],\"articleSection\":[\"Norte de Minas\"],\"inLanguage\":\"pt-BR\",\"potentialAction\":[{\"@type\":\"CommentAction\",\"name\":\"Comment\",\"target\":[\"https:\\\/\\\/aconteceunovale.com.br\\\/portal\\\/?p=46634#respond\"]}]},{\"@type\":\"WebPage\",\"@id\":\"https:\\\/\\\/aconteceunovale.com.br\\\/portal\\\/?p=46634\",\"url\":\"https:\\\/\\\/aconteceunovale.com.br\\\/portal\\\/?p=46634\",\"name\":\"Pastor suspeito de vender diplomas falsificados \u00e9 preso em V\u00e1rzea da Palma - Aconteceu no Vale\",\"isPartOf\":{\"@id\":\"https:\\\/\\\/aconteceunovale.com.br\\\/portal\\\/#website\"},\"primaryImageOfPage\":{\"@id\":\"https:\\\/\\\/aconteceunovale.com.br\\\/portal\\\/?p=46634#primaryimage\"},\"image\":{\"@id\":\"https:\\\/\\\/aconteceunovale.com.br\\\/portal\\\/?p=46634#primaryimage\"},\"thumbnailUrl\":\"https:\\\/\\\/aconteceunovale.com.br\\\/portal\\\/wp-content\\\/uploads\\\/2014\\\/11\\\/pastor_preso_varzea_da_palma_1.jpg\",\"datePublished\":\"2014-11-27T22:54:41+00:00\",\"dateModified\":\"2014-11-27T23:10:10+00:00\",\"author\":{\"@id\":\"https:\\\/\\\/aconteceunovale.com.br\\\/portal\\\/#\\\/schema\\\/person\\\/633529146f2c94272bef50ac2953d589\"},\"breadcrumb\":{\"@id\":\"https:\\\/\\\/aconteceunovale.com.br\\\/portal\\\/?p=46634#breadcrumb\"},\"inLanguage\":\"pt-BR\",\"potentialAction\":[{\"@type\":\"ReadAction\",\"target\":[\"https:\\\/\\\/aconteceunovale.com.br\\\/portal\\\/?p=46634\"]}]},{\"@type\":\"ImageObject\",\"inLanguage\":\"pt-BR\",\"@id\":\"https:\\\/\\\/aconteceunovale.com.br\\\/portal\\\/?p=46634#primaryimage\",\"url\":\"https:\\\/\\\/aconteceunovale.com.br\\\/portal\\\/wp-content\\\/uploads\\\/2014\\\/11\\\/pastor_preso_varzea_da_palma_1.jpg\",\"contentUrl\":\"https:\\\/\\\/aconteceunovale.com.br\\\/portal\\\/wp-content\\\/uploads\\\/2014\\\/11\\\/pastor_preso_varzea_da_palma_1.jpg\",\"width\":665,\"height\":450},{\"@type\":\"BreadcrumbList\",\"@id\":\"https:\\\/\\\/aconteceunovale.com.br\\\/portal\\\/?p=46634#breadcrumb\",\"itemListElement\":[{\"@type\":\"ListItem\",\"position\":1,\"name\":\"In\u00edcio\",\"item\":\"https:\\\/\\\/aconteceunovale.com.br\\\/portal\\\/\"},{\"@type\":\"ListItem\",\"position\":2,\"name\":\"Pastor suspeito de vender diplomas falsificados \u00e9 preso em V\u00e1rzea da Palma\"}]},{\"@type\":\"WebSite\",\"@id\":\"https:\\\/\\\/aconteceunovale.com.br\\\/portal\\\/#website\",\"url\":\"https:\\\/\\\/aconteceunovale.com.br\\\/portal\\\/\",\"name\":\"Aconteceu no Vale\",\"description\":\"Portal de Not\u00edcias\",\"potentialAction\":[{\"@type\":\"SearchAction\",\"target\":{\"@type\":\"EntryPoint\",\"urlTemplate\":\"https:\\\/\\\/aconteceunovale.com.br\\\/portal\\\/?s={search_term_string}\"},\"query-input\":{\"@type\":\"PropertyValueSpecification\",\"valueRequired\":true,\"valueName\":\"search_term_string\"}}],\"inLanguage\":\"pt-BR\"},{\"@type\":\"Person\",\"@id\":\"https:\\\/\\\/aconteceunovale.com.br\\\/portal\\\/#\\\/schema\\\/person\\\/633529146f2c94272bef50ac2953d589\",\"name\":\"Aconteceu no Vale\",\"description\":\"Equipe de reportagem do Aconteceu no Vale, portal de not\u00edcias do Vale do Jequitinhonha, em Minas Gerais. Cobrimos as 51 cidades do Vale desde 2013. Sugest\u00f5es de pauta e pedidos de corre\u00e7\u00e3o: contato@aconteceunovale.com.br\",\"sameAs\":[\"http:\\\/\\\/www.aconteceunovale.com.br\"],\"url\":\"https:\\\/\\\/aconteceunovale.com.br\\\/portal\\\/?author=1\"}]}<\/script>\n<!-- \/ Yoast SEO plugin. -->","yoast_head_json":{"title":"Pastor suspeito de vender diplomas falsificados \u00e9 preso em V\u00e1rzea da Palma - Aconteceu no Vale","robots":{"index":"index","follow":"follow","max-snippet":"max-snippet:-1","max-image-preview":"max-image-preview:large","max-video-preview":"max-video-preview:-1"},"canonical":"https:\/\/aconteceunovale.com.br\/portal\/?p=46634","og_locale":"pt_BR","og_type":"article","og_title":"Pastor suspeito de vender diplomas falsificados \u00e9 preso em V\u00e1rzea da Palma - Aconteceu no Vale","og_description":"Pol\u00edcia Civil investiga participa\u00e7\u00e3o dele em quadrilha que atua em todo pa\u00eds. Suspeito tamb\u00e9m trabalhava como conselheiro tutelar na cidade. Um pastor foi preso nesta quinta-feira (27) em V\u00e1rzea da Palma, Norte de Minas, suspeito de envolvimento com uma quadrilha especializada em confec\u00e7\u00e3o e venda de diplomas falsificados. De acordo com a Pol\u00edcia Civil, Daniel [&hellip;]","og_url":"https:\/\/aconteceunovale.com.br\/portal\/?p=46634","og_site_name":"Aconteceu no Vale","article_publisher":"https:\/\/www.facebook.com\/aconteceunovale\/","article_published_time":"2014-11-27T22:54:41+00:00","article_modified_time":"2014-11-27T23:10:10+00:00","og_image":[{"width":665,"height":450,"url":"https:\/\/aconteceunovale.com.br\/portal\/wp-content\/uploads\/2014\/11\/pastor_preso_varzea_da_palma_1.jpg","type":"image\/jpeg"}],"author":"Aconteceu no Vale","twitter_card":"summary_large_image","twitter_creator":"@noticiadosvales","twitter_site":"@noticiadosvales","twitter_misc":{"Escrito por":"Aconteceu no Vale","Est. tempo de leitura":"2 minutos"},"schema":{"@context":"https:\/\/schema.org","@graph":[{"@type":"Article","@id":"https:\/\/aconteceunovale.com.br\/portal\/?p=46634#article","isPartOf":{"@id":"https:\/\/aconteceunovale.com.br\/portal\/?p=46634"},"author":{"name":"Aconteceu no Vale","@id":"https:\/\/aconteceunovale.com.br\/portal\/#\/schema\/person\/633529146f2c94272bef50ac2953d589"},"headline":"Pastor suspeito de vender diplomas falsificados \u00e9 preso em V\u00e1rzea da Palma","datePublished":"2014-11-27T22:54:41+00:00","dateModified":"2014-11-27T23:10:10+00:00","mainEntityOfPage":{"@id":"https:\/\/aconteceunovale.com.br\/portal\/?p=46634"},"wordCount":364,"commentCount":0,"image":{"@id":"https:\/\/aconteceunovale.com.br\/portal\/?p=46634#primaryimage"},"thumbnailUrl":"https:\/\/aconteceunovale.com.br\/portal\/wp-content\/uploads\/2014\/11\/pastor_preso_varzea_da_palma_1.jpg","keywords":["Araputanga","C\u00e1ceres","C\u00e9lio Lima Sobrinho","conselheiro tutelar preso em v\u00e1rzea da palma","Cuiab\u00e1","Daniel Gon\u00e7alves dos Santos","Fernando Vetorazo","Jaciara","Lambari D'Oeste","Minas Gerais","Mirassol D'Oeste","opera\u00e7\u00e3o Fals\u00e1rio","pastor preso em v\u00e1rzea da palma","Pastor suspeito de vender diplomas falsificados \u00e9 preso em V\u00e1rzea da Palma","Porto Esperidi\u00e3o","Primavera do Leste","Rio Branco","Rondon\u00f3polis","S\u00e3o Jos\u00e9 dos Quatro Marcos","S\u00e3o Paulo","v\u00e1rzea da palma"],"articleSection":["Norte de Minas"],"inLanguage":"pt-BR","potentialAction":[{"@type":"CommentAction","name":"Comment","target":["https:\/\/aconteceunovale.com.br\/portal\/?p=46634#respond"]}]},{"@type":"WebPage","@id":"https:\/\/aconteceunovale.com.br\/portal\/?p=46634","url":"https:\/\/aconteceunovale.com.br\/portal\/?p=46634","name":"Pastor suspeito de vender diplomas falsificados \u00e9 preso em V\u00e1rzea da Palma - Aconteceu no Vale","isPartOf":{"@id":"https:\/\/aconteceunovale.com.br\/portal\/#website"},"primaryImageOfPage":{"@id":"https:\/\/aconteceunovale.com.br\/portal\/?p=46634#primaryimage"},"image":{"@id":"https:\/\/aconteceunovale.com.br\/portal\/?p=46634#primaryimage"},"thumbnailUrl":"https:\/\/aconteceunovale.com.br\/portal\/wp-content\/uploads\/2014\/11\/pastor_preso_varzea_da_palma_1.jpg","datePublished":"2014-11-27T22:54:41+00:00","dateModified":"2014-11-27T23:10:10+00:00","author":{"@id":"https:\/\/aconteceunovale.com.br\/portal\/#\/schema\/person\/633529146f2c94272bef50ac2953d589"},"breadcrumb":{"@id":"https:\/\/aconteceunovale.com.br\/portal\/?p=46634#breadcrumb"},"inLanguage":"pt-BR","potentialAction":[{"@type":"ReadAction","target":["https:\/\/aconteceunovale.com.br\/portal\/?p=46634"]}]},{"@type":"ImageObject","inLanguage":"pt-BR","@id":"https:\/\/aconteceunovale.com.br\/portal\/?p=46634#primaryimage","url":"https:\/\/aconteceunovale.com.br\/portal\/wp-content\/uploads\/2014\/11\/pastor_preso_varzea_da_palma_1.jpg","contentUrl":"https:\/\/aconteceunovale.com.br\/portal\/wp-content\/uploads\/2014\/11\/pastor_preso_varzea_da_palma_1.jpg","width":665,"height":450},{"@type":"BreadcrumbList","@id":"https:\/\/aconteceunovale.com.br\/portal\/?p=46634#breadcrumb","itemListElement":[{"@type":"ListItem","position":1,"name":"In\u00edcio","item":"https:\/\/aconteceunovale.com.br\/portal\/"},{"@type":"ListItem","position":2,"name":"Pastor suspeito de vender diplomas falsificados \u00e9 preso em V\u00e1rzea da Palma"}]},{"@type":"WebSite","@id":"https:\/\/aconteceunovale.com.br\/portal\/#website","url":"https:\/\/aconteceunovale.com.br\/portal\/","name":"Aconteceu no Vale","description":"Portal de Not\u00edcias","potentialAction":[{"@type":"SearchAction","target":{"@type":"EntryPoint","urlTemplate":"https:\/\/aconteceunovale.com.br\/portal\/?s={search_term_string}"},"query-input":{"@type":"PropertyValueSpecification","valueRequired":true,"valueName":"search_term_string"}}],"inLanguage":"pt-BR"},{"@type":"Person","@id":"https:\/\/aconteceunovale.com.br\/portal\/#\/schema\/person\/633529146f2c94272bef50ac2953d589","name":"Aconteceu no Vale","description":"Equipe de reportagem do Aconteceu no Vale, portal de not\u00edcias do Vale do Jequitinhonha, em Minas Gerais. Cobrimos as 51 cidades do Vale desde 2013. Sugest\u00f5es de pauta e pedidos de corre\u00e7\u00e3o: contato@aconteceunovale.com.br","sameAs":["http:\/\/www.aconteceunovale.com.br"],"url":"https:\/\/aconteceunovale.com.br\/portal\/?author=1"}]}},"_links":{"self":[{"href":"https:\/\/aconteceunovale.com.br\/portal\/index.php?rest_route=\/wp\/v2\/posts\/46634","targetHints":{"allow":["GET"]}}],"collection":[{"href":"https:\/\/aconteceunovale.com.br\/portal\/index.php?rest_route=\/wp\/v2\/posts"}],"about":[{"href":"https:\/\/aconteceunovale.com.br\/portal\/index.php?rest_route=\/wp\/v2\/types\/post"}],"author":[{"embeddable":true,"href":"https:\/\/aconteceunovale.com.br\/portal\/index.php?rest_route=\/wp\/v2\/users\/1"}],"replies":[{"embeddable":true,"href":"https:\/\/aconteceunovale.com.br\/portal\/index.php?rest_route=%2Fwp%2Fv2%2Fcomments&post=46634"}],"version-history":[{"count":0,"href":"https:\/\/aconteceunovale.com.br\/portal\/index.php?rest_route=\/wp\/v2\/posts\/46634\/revisions"}],"wp:featuredmedia":[{"embeddable":true,"href":"https:\/\/aconteceunovale.com.br\/portal\/index.php?rest_route=\/wp\/v2\/media\/46635"}],"wp:attachment":[{"href":"https:\/\/aconteceunovale.com.br\/portal\/index.php?rest_route=%2Fwp%2Fv2%2Fmedia&parent=46634"}],"wp:term":[{"taxonomy":"category","embeddable":true,"href":"https:\/\/aconteceunovale.com.br\/portal\/index.php?rest_route=%2Fwp%2Fv2%2Fcategories&post=46634"},{"taxonomy":"post_tag","embeddable":true,"href":"https:\/\/aconteceunovale.com.br\/portal\/index.php?rest_route=%2Fwp%2Fv2%2Ftags&post=46634"}],"curies":[{"name":"wp","href":"https:\/\/api.w.org\/{rel}","templated":true}]}}