{"id":46608,"date":"2014-11-27T12:40:27","date_gmt":"2014-11-27T15:40:27","guid":{"rendered":"http:\/\/aconteceunovale.com.br\/portal\/?p=46608"},"modified":"2014-11-28T11:06:15","modified_gmt":"2014-11-28T14:06:15","slug":"acusado-de-matar-jovem-de-16-anos-vai-a-juri-nesta-sexta-feira-em-governador-valadares","status":"publish","type":"post","link":"https:\/\/aconteceunovale.com.br\/portal\/?p=46608","title":{"rendered":"Acusado de matar jovem de 16 anos vai a j\u00fari nesta sexta-feira em Governador Valadares"},"content":{"rendered":"<h4><strong><em>Corpo da v\u00edtima foi abandonado na rua enrolado em colch\u00f5es e pl\u00e1stico. Homem confessou o crime ao ser preso em julho de 2013<\/em><\/strong><\/h4>\n<p>[image src=&#8221;http:\/\/aconteceunovale.com.br\/portal\/wp-content\/uploads\/2014\/11\/menina_morta_gv.jpg&#8221; width=&#8221;214&#8243; height=&#8221;343&#8243; lightbox=&#8221;yes&#8221; align=&#8221;left&#8221; float=&#8221;left&#8221;]Est\u00e1 marcado para as 8h de sexta-feira, no F\u00f3rum Doutor Joaquim de Assis Martins Costa, em Governador Valadares, Regi\u00e3o Leste de Minas, o julgamento de Gian Luis Alves. Ele \u00e9 acusado de matar a adolescente Ana Gabrielly Nascimento dos Santos (Foto), de 16, em janeiro de 2013. O corpo da adolescente foi encontrado em uma Rua do Bairro Jardim P\u00e9rola. Ap\u00f3s ser estrangulada e esfaqueada, ela foi deixada enrolada em colch\u00f5es e com um saco pl\u00e1stico na cabe\u00e7a.<\/p>\n<p>Alves foi preso em 26 de julho do ano passado ap\u00f3s meses foragido. No dia 24, ele havia sido apontado pela Pol\u00edcia Civil da cidade como autor do crime. Naquela ocasi\u00e3o, foi apresentado o inqu\u00e9rito do crime e as fotos de Gian, que teve um mandado de pris\u00e3o expedido contra ele. Dois dias depois, ele se apresentou \u00e0 delegacia da cidade.<\/p>\n<p>Em depoimento prestado no dia da pris\u00e3o ele assumiu ter matado Ana Gabrielly e descreveu o crime. Gian contou que ele e Ana Gabrielly tiveram um breve relacionamento. No dia 6 de janeiro de 2013, ele estava em um churrasco com amigos quando recebeu uma liga\u00e7\u00e3o da adolescente dizendo que queria se encontrar com ele. O homem, ent\u00e3o, pegou uma motocicleta emprestada e buscou a garota perto de casa. Em seguida, ele a levou at\u00e9 a casa do propriet\u00e1rio do propriet\u00e1rio do ve\u00edculo.<\/p>\n<p>Na vers\u00e3o de Gian, eles come\u00e7aram a discutir depois que ele reclamou de uma ocasi\u00e3o em que Ana pegou carona com um outro rapaz. Ele disse que a mataria se o caso se repetisse. Durante a briga, descontrolado, ele pegou um fio e estrangulou a mo\u00e7a.<\/p>\n<p>Em seguida, ele deu v\u00e1rias facadas no pesco\u00e7o da v\u00edtima, cujo corpo foi abandonado na rua e encontrado no dia seguinte.<\/p>\n<p>De acordo com o Tribunal de Justi\u00e7a de Minas Gerais (TJMG), Gian Luis Alves seria julgado no dia 3 de outubro deste ano, mas a sess\u00e3o foi adiada a pedido do Minist\u00e9rio P\u00fablico e remarcada para amanh\u00e3.<\/p>\n<p><strong><em>(Estado de Minas)<\/em><\/strong><\/p>\n","protected":false},"excerpt":{"rendered":"<p>Corpo da v\u00edtima foi abandonado na rua enrolado em colch\u00f5es e pl\u00e1stico. Homem confessou o crime ao ser preso em julho de 2013 [image src=&#8221;http:\/\/aconteceunovale.com.br\/portal\/wp-content\/uploads\/2014\/11\/menina_morta_gv.jpg&#8221; width=&#8221;214&#8243; height=&#8221;343&#8243; lightbox=&#8221;yes&#8221; align=&#8221;left&#8221; float=&#8221;left&#8221;]Est\u00e1 marcado para as 8h de sexta-feira, no F\u00f3rum Doutor Joaquim de Assis Martins Costa, em Governador Valadares, Regi\u00e3o Leste de Minas, o julgamento de Gian [&hellip;]<\/p>\n","protected":false},"author":1,"featured_media":46609,"comment_status":"open","ping_status":"closed","sticky":false,"template":"","format":"standard","meta":{"amp_status":"","footnotes":""},"categories":[121],"tags":[24600,24602,17275,17273,24601,17276,247,17277],"class_list":["post-46608","post","type-post","status-publish","format-standard","has-post-thumbnail","hentry","category-leste","tag-acusado-de-matar-garota-de-16-anos-em-governador-valadares-vai-a-juri","tag-acusado-de-matar-jovem-de-16-anos-vai-a-juri-nesta-sexta-feira-em-governador-valadares","tag-ana-gabrielly-nascimento-dos-santos","tag-crime-do-colchao-de-governador-valadares","tag-forum-doutor-joaquim-de-assis-martins-costa","tag-gian-luis-alves","tag-governador-valadares","tag-julgamento-de-assassino-do-crime-do-colchao-e-adiado-em-governador-valadares"],"_links":{"self":[{"href":"https:\/\/aconteceunovale.com.br\/portal\/index.php?rest_route=\/wp\/v2\/posts\/46608","targetHints":{"allow":["GET"]}}],"collection":[{"href":"https:\/\/aconteceunovale.com.br\/portal\/index.php?rest_route=\/wp\/v2\/posts"}],"about":[{"href":"https:\/\/aconteceunovale.com.br\/portal\/index.php?rest_route=\/wp\/v2\/types\/post"}],"author":[{"embeddable":true,"href":"https:\/\/aconteceunovale.com.br\/portal\/index.php?rest_route=\/wp\/v2\/users\/1"}],"replies":[{"embeddable":true,"href":"https:\/\/aconteceunovale.com.br\/portal\/index.php?rest_route=%2Fwp%2Fv2%2Fcomments&post=46608"}],"version-history":[{"count":0,"href":"https:\/\/aconteceunovale.com.br\/portal\/index.php?rest_route=\/wp\/v2\/posts\/46608\/revisions"}],"wp:featuredmedia":[{"embeddable":true,"href":"https:\/\/aconteceunovale.com.br\/portal\/index.php?rest_route=\/wp\/v2\/media\/46609"}],"wp:attachment":[{"href":"https:\/\/aconteceunovale.com.br\/portal\/index.php?rest_route=%2Fwp%2Fv2%2Fmedia&parent=46608"}],"wp:term":[{"taxonomy":"category","embeddable":true,"href":"https:\/\/aconteceunovale.com.br\/portal\/index.php?rest_route=%2Fwp%2Fv2%2Fcategories&post=46608"},{"taxonomy":"post_tag","embeddable":true,"href":"https:\/\/aconteceunovale.com.br\/portal\/index.php?rest_route=%2Fwp%2Fv2%2Ftags&post=46608"}],"curies":[{"name":"wp","href":"https:\/\/api.w.org\/{rel}","templated":true}]}}