{"id":46590,"date":"2014-11-27T10:36:39","date_gmt":"2014-11-27T13:36:39","guid":{"rendered":"http:\/\/aconteceunovale.com.br\/portal\/?p=46590"},"modified":"2014-11-27T10:36:39","modified_gmt":"2014-11-27T13:36:39","slug":"por-telefone-bombeiro-ajuda-pai-a-salvar-bebe-engasgado-em-montes-claros","status":"publish","type":"post","link":"https:\/\/aconteceunovale.com.br\/portal\/?p=46590","title":{"rendered":"Por telefone, bombeiro ajuda pai a salvar beb\u00ea engasgado em Montes Claros"},"content":{"rendered":"<p>Sem respirar, ap\u00f3s engasgar enquanto amamentava, um beb\u00ea foi salvo com aux\u00edlio da Soldado Simone, do 7\u00ba Batalh\u00e3o do Corpo de Bombeiros, de Montes Claros, no Norte de Minas Gerais. O incidente aconteceu na quarta-feira (26) e o pai da crian\u00e7a recebeu as orienta\u00e7\u00f5es de primeiros socorros por telefone (193) at\u00e9 a chegada de uma unidade na casa do solicitante.<\/p>\n<p>O pai foi orientado a colocar o beb\u00ea de cabe\u00e7a para baixo e executar cinco pequenas pancadas entre as esc\u00e1pulas e cinco compress\u00f5es no t\u00f3rax. A militar pediu ainda que o homem continuasse esse mesmo procedimento at\u00e1 a chegada a Viatura.<\/p>\n<p>Diante das Orienta\u00e7\u00f5es repassadas, o pai conseguiu desengasgar o beb\u00ea. Em seguida, a equipe de resgate chegou, fez os primeiros atendimentos e encaminhou o beb\u00ea para o hospital da cidade para os cuidados necess\u00e1rios.<\/p>\n<p><img decoding=\"async\" src=\"http:\/\/aconteceunovale.com.br\/portal\/wp-content\/uploads\/2014\/11\/soldado_simone_moc.jpg\" alt=\"\" \/><em>Diante das orienta\u00e7\u00f5es repassadas, o pai conseguiu desengasgar o beb\u00ea &#8211; Foto: Divulga\u00e7\u00e3o<\/em><br \/>\n<\/br><\/p>\n<p><strong><em>(Hoje em Dia)<\/em><\/strong><\/p>\n","protected":false},"excerpt":{"rendered":"<p>Sem respirar, ap\u00f3s engasgar enquanto amamentava, um beb\u00ea foi salvo com aux\u00edlio da Soldado Simone, do 7\u00ba Batalh\u00e3o do Corpo de Bombeiros, de Montes Claros, no Norte de Minas Gerais. O incidente aconteceu na quarta-feira (26) e o pai da crian\u00e7a recebeu as orienta\u00e7\u00f5es de primeiros socorros por telefone (193) at\u00e9 a chegada de uma [&hellip;]<\/p>\n","protected":false},"author":1,"featured_media":46592,"comment_status":"open","ping_status":"closed","sticky":false,"template":"","format":"standard","meta":{"amp_status":"","footnotes":""},"categories":[1236],"tags":[24589,24592,210,24590,24591],"class_list":["post-46590","post","type-post","status-publish","format-standard","has-post-thumbnail","hentry","category-norte_de_minas","tag-bombeiro-ajuda-pai-a-salvar-bebe-engasgado-em-montes-claros","tag-do-7o-batalhao-do-corpo-de-bombeiros","tag-montes-claros","tag-soldado-simone","tag-soldado-simone-do-7o-batalhao-do-corpo-de-bombeiros-de-montes-claros"],"_links":{"self":[{"href":"https:\/\/aconteceunovale.com.br\/portal\/index.php?rest_route=\/wp\/v2\/posts\/46590","targetHints":{"allow":["GET"]}}],"collection":[{"href":"https:\/\/aconteceunovale.com.br\/portal\/index.php?rest_route=\/wp\/v2\/posts"}],"about":[{"href":"https:\/\/aconteceunovale.com.br\/portal\/index.php?rest_route=\/wp\/v2\/types\/post"}],"author":[{"embeddable":true,"href":"https:\/\/aconteceunovale.com.br\/portal\/index.php?rest_route=\/wp\/v2\/users\/1"}],"replies":[{"embeddable":true,"href":"https:\/\/aconteceunovale.com.br\/portal\/index.php?rest_route=%2Fwp%2Fv2%2Fcomments&post=46590"}],"version-history":[{"count":0,"href":"https:\/\/aconteceunovale.com.br\/portal\/index.php?rest_route=\/wp\/v2\/posts\/46590\/revisions"}],"wp:featuredmedia":[{"embeddable":true,"href":"https:\/\/aconteceunovale.com.br\/portal\/index.php?rest_route=\/wp\/v2\/media\/46592"}],"wp:attachment":[{"href":"https:\/\/aconteceunovale.com.br\/portal\/index.php?rest_route=%2Fwp%2Fv2%2Fmedia&parent=46590"}],"wp:term":[{"taxonomy":"category","embeddable":true,"href":"https:\/\/aconteceunovale.com.br\/portal\/index.php?rest_route=%2Fwp%2Fv2%2Fcategories&post=46590"},{"taxonomy":"post_tag","embeddable":true,"href":"https:\/\/aconteceunovale.com.br\/portal\/index.php?rest_route=%2Fwp%2Fv2%2Ftags&post=46590"}],"curies":[{"name":"wp","href":"https:\/\/api.w.org\/{rel}","templated":true}]}}