{"id":46586,"date":"2014-11-27T10:20:46","date_gmt":"2014-11-27T13:20:46","guid":{"rendered":"http:\/\/aconteceunovale.com.br\/portal\/?p=46586"},"modified":"2014-11-27T10:20:46","modified_gmt":"2014-11-27T13:20:46","slug":"definidos-os-candidatos-as-eleicoes-suplementares-para-prefeito-em-jampruca-e-ipiacu","status":"publish","type":"post","link":"https:\/\/aconteceunovale.com.br\/portal\/?p=46586","title":{"rendered":"Definidos os candidatos \u00e0s elei\u00e7\u00f5es suplementares para prefeito em Jampruca e Ipia\u00e7u"},"content":{"rendered":"<p>A Justi\u00e7a Eleitoral deferiu os pedidos de registro dos candidatos \u00e0s elei\u00e7\u00f5es suplementares para prefeito e vice-prefeito de Ipia\u00e7u (302\u00aa Zona Eleitoral, de Capin\u00f3polis), no Tri\u00e2ngulo Mineiro, e de Jampruca (136\u00aa ZE, de Itambacuri), no Vale do Rio Doce, marcadas para o dia 7 de dezembro.<\/p>\n<p>Em Ipia\u00e7u concorrer\u00e3o Leandro Luis de Oliveira (PSD) e Fortunato Antunes de Oliveira (DEM), pela Coliga\u00e7\u00e3o &#8220;Unidos por uma Ipia\u00e7u melhor&#8221;; Amilton Amaro Amorim (PR) e Dalyla Costa Amuy (SD), pela Coliga\u00e7\u00e3o &#8220;Com a for\u00e7a do povo&#8221;; Cesar Aparecido de Lima e Regis de Ara\u00fajo Tomaz (ambos do PTB).<\/p>\n<p>J\u00e1 em Jampruca disputar\u00e3o o comando do Executivo Mizael Cabral de Lira (PMDB) e Jos\u00e9 Eust\u00e1quio Dias Ferraz (PT), pela Coliga\u00e7\u00e3o &#8220;Jampruca Voltada para o Futuro&#8221; (PMDB-PT); Geraldo Gomes da Silva e Maria de F\u00e1tima Mendes Oliveira, pela Coliga\u00e7\u00e3o &#8220;Juntos por uma Jampruca Melhor&#8221; (PRB-PP-DEM-PSDB).<\/p>\n<p>A propaganda eleitoral (inclusive a gratuita no r\u00e1dio e na televis\u00e3o), os debates, os com\u00edcios e o uso de aparelhos de som fixos s\u00f3 podem ser feitos at\u00e9 o dia 4 de dezembro, conforme calend\u00e1rio constante das Resolu\u00e7\u00f5es TRE n\u00ba 982\/2014 (Ipia\u00e7u) e n\u00ba 979\/2014 (Jampruca).<\/p>\n<p>No munic\u00edpio de Ipia\u00e7u, os partidos pol\u00edticos e coliga\u00e7\u00f5es que disputam as elei\u00e7\u00f5es suplementares, juntamente com o promotor eleitoral e o juiz da 302\u00aa ZE, de Capin\u00f3polis, celebraram acordo sobre propaganda eleitoral que prev\u00ea, entre outras cl\u00e1usulas, o compromisso de n\u00e3o haver distribui\u00e7\u00e3o de panfletos na v\u00e9spera das elei\u00e7\u00f5es (6\/12), principalmente em regi\u00f5es pr\u00f3ximas aos locais de vota\u00e7\u00e3o. O acordo est\u00e1 valendo deste o \u00faltimo dia 12 de novembro.<\/p>\n<p><strong><em>(Fonte: TRE\/MG)<\/em><\/strong><\/p>\n","protected":false},"excerpt":{"rendered":"<p>A Justi\u00e7a Eleitoral deferiu os pedidos de registro dos candidatos \u00e0s elei\u00e7\u00f5es suplementares para prefeito e vice-prefeito de Ipia\u00e7u (302\u00aa Zona Eleitoral, de Capin\u00f3polis), no Tri\u00e2ngulo Mineiro, e de Jampruca (136\u00aa ZE, de Itambacuri), no Vale do Rio Doce, marcadas para o dia 7 de dezembro. Em Ipia\u00e7u concorrer\u00e3o Leandro Luis de Oliveira (PSD) e [&hellip;]<\/p>\n","protected":false},"author":1,"featured_media":46587,"comment_status":"open","ping_status":"closed","sticky":false,"template":"","format":"standard","meta":{"amp_status":"","footnotes":""},"categories":[123],"tags":[24584,24581,24578,24580,24579,24587,1682,188,236,24586,24588,24582,24585,24583],"class_list":["post-46586","post","type-post","status-publish","format-standard","has-post-thumbnail","hentry","category-gerais","tag-amilton-amaro-amorim","tag-capinopolis","tag-definidos-os-candidatos-as-eleicoes-suplementares-para-prefeito-em-jampruca-e-ipiacu","tag-eleicoes-suplementares-para-prefeito-em-ipiacu","tag-eleicoes-suplementares-para-prefeito-em-jampruca","tag-geraldo-gomes-da-silva","tag-ipiacu","tag-itambacuri","tag-jampruca","tag-jampruca-voltada-para-o-futuro","tag-juntos-por-uma-jampruca-melhor","tag-leandro-luis-de-oliveira","tag-mizael-cabral-de-lira","tag-unidos-por-uma-ipiacu-melhor"],"yoast_head":"<!-- This site is optimized with the Yoast SEO plugin v28.3 - https:\/\/yoast.com\/product\/yoast-seo-wordpress\/ -->\n<title>Definidos os candidatos \u00e0s elei\u00e7\u00f5es suplementares para prefeito em Jampruca e Ipia\u00e7u - Aconteceu no Vale<\/title>\n<meta name=\"robots\" content=\"index, follow, max-snippet:-1, max-image-preview:large, max-video-preview:-1\" \/>\n<link rel=\"canonical\" href=\"https:\/\/aconteceunovale.com.br\/portal\/?p=46586\" \/>\n<meta property=\"og:locale\" content=\"pt_BR\" \/>\n<meta property=\"og:type\" content=\"article\" \/>\n<meta property=\"og:title\" content=\"Definidos os candidatos \u00e0s elei\u00e7\u00f5es suplementares para prefeito em Jampruca e Ipia\u00e7u - Aconteceu no Vale\" \/>\n<meta property=\"og:description\" content=\"A Justi\u00e7a Eleitoral deferiu os pedidos de registro dos candidatos \u00e0s elei\u00e7\u00f5es suplementares para prefeito e vice-prefeito de Ipia\u00e7u (302\u00aa Zona Eleitoral, de Capin\u00f3polis), no Tri\u00e2ngulo Mineiro, e de Jampruca (136\u00aa ZE, de Itambacuri), no Vale do Rio Doce, marcadas para o dia 7 de dezembro. Em Ipia\u00e7u concorrer\u00e3o Leandro Luis de Oliveira (PSD) e [&hellip;]\" \/>\n<meta property=\"og:url\" content=\"https:\/\/aconteceunovale.com.br\/portal\/?p=46586\" \/>\n<meta property=\"og:site_name\" content=\"Aconteceu no Vale\" \/>\n<meta property=\"article:publisher\" content=\"https:\/\/www.facebook.com\/aconteceunovale\/\" \/>\n<meta property=\"article:published_time\" content=\"2014-11-27T13:20:46+00:00\" \/>\n<meta property=\"og:image\" content=\"https:\/\/aconteceunovale.com.br\/portal\/wp-content\/uploads\/2014\/11\/eleicoes_suplementares.jpeg\" \/>\n\t<meta property=\"og:image:width\" content=\"430\" \/>\n\t<meta property=\"og:image:height\" content=\"220\" \/>\n\t<meta property=\"og:image:type\" content=\"image\/jpeg\" \/>\n<meta name=\"author\" content=\"Aconteceu no Vale\" \/>\n<meta name=\"twitter:card\" content=\"summary_large_image\" \/>\n<meta name=\"twitter:creator\" content=\"@noticiadosvales\" \/>\n<meta name=\"twitter:site\" content=\"@noticiadosvales\" \/>\n<meta name=\"twitter:label1\" content=\"Escrito por\" \/>\n\t<meta name=\"twitter:data1\" content=\"Aconteceu no Vale\" \/>\n\t<meta name=\"twitter:label2\" content=\"Est. tempo de leitura\" \/>\n\t<meta name=\"twitter:data2\" content=\"1 minuto\" \/>\n<script type=\"application\/ld+json\" class=\"yoast-schema-graph\">{\"@context\":\"https:\\\/\\\/schema.org\",\"@graph\":[{\"@type\":\"Article\",\"@id\":\"https:\\\/\\\/aconteceunovale.com.br\\\/portal\\\/?p=46586#article\",\"isPartOf\":{\"@id\":\"https:\\\/\\\/aconteceunovale.com.br\\\/portal\\\/?p=46586\"},\"author\":{\"name\":\"Aconteceu no Vale\",\"@id\":\"https:\\\/\\\/aconteceunovale.com.br\\\/portal\\\/#\\\/schema\\\/person\\\/633529146f2c94272bef50ac2953d589\"},\"headline\":\"Definidos os candidatos \u00e0s elei\u00e7\u00f5es suplementares para prefeito em Jampruca e Ipia\u00e7u\",\"datePublished\":\"2014-11-27T13:20:46+00:00\",\"mainEntityOfPage\":{\"@id\":\"https:\\\/\\\/aconteceunovale.com.br\\\/portal\\\/?p=46586\"},\"wordCount\":300,\"commentCount\":0,\"image\":{\"@id\":\"https:\\\/\\\/aconteceunovale.com.br\\\/portal\\\/?p=46586#primaryimage\"},\"thumbnailUrl\":\"https:\\\/\\\/aconteceunovale.com.br\\\/portal\\\/wp-content\\\/uploads\\\/2014\\\/11\\\/eleicoes_suplementares.jpeg\",\"keywords\":[\"Amilton Amaro Amorim\",\"Capin\u00f3polis\",\"Definidos os candidatos \u00e0s elei\u00e7\u00f5es suplementares para prefeito em Jampruca e Ipia\u00e7u\",\"elei\u00e7\u00f5es suplementares para prefeito em Ipia\u00e7u\",\"elei\u00e7\u00f5es suplementares para prefeito em Jampruca\",\"Geraldo Gomes da Silva\",\"Ipia\u00e7u\",\"Itambacuri\",\"Jampruca\",\"Jampruca Voltada para o Futuro\",\"Juntos por uma Jampruca Melhor\",\"Leandro Luis de Oliveira\",\"Mizael Cabral de Lira\",\"Unidos por uma Ipia\u00e7u melhor\"],\"articleSection\":[\"Minas Gerais\"],\"inLanguage\":\"pt-BR\",\"potentialAction\":[{\"@type\":\"CommentAction\",\"name\":\"Comment\",\"target\":[\"https:\\\/\\\/aconteceunovale.com.br\\\/portal\\\/?p=46586#respond\"]}]},{\"@type\":\"WebPage\",\"@id\":\"https:\\\/\\\/aconteceunovale.com.br\\\/portal\\\/?p=46586\",\"url\":\"https:\\\/\\\/aconteceunovale.com.br\\\/portal\\\/?p=46586\",\"name\":\"Definidos os candidatos \u00e0s elei\u00e7\u00f5es suplementares para prefeito em Jampruca e Ipia\u00e7u - Aconteceu no Vale\",\"isPartOf\":{\"@id\":\"https:\\\/\\\/aconteceunovale.com.br\\\/portal\\\/#website\"},\"primaryImageOfPage\":{\"@id\":\"https:\\\/\\\/aconteceunovale.com.br\\\/portal\\\/?p=46586#primaryimage\"},\"image\":{\"@id\":\"https:\\\/\\\/aconteceunovale.com.br\\\/portal\\\/?p=46586#primaryimage\"},\"thumbnailUrl\":\"https:\\\/\\\/aconteceunovale.com.br\\\/portal\\\/wp-content\\\/uploads\\\/2014\\\/11\\\/eleicoes_suplementares.jpeg\",\"datePublished\":\"2014-11-27T13:20:46+00:00\",\"author\":{\"@id\":\"https:\\\/\\\/aconteceunovale.com.br\\\/portal\\\/#\\\/schema\\\/person\\\/633529146f2c94272bef50ac2953d589\"},\"breadcrumb\":{\"@id\":\"https:\\\/\\\/aconteceunovale.com.br\\\/portal\\\/?p=46586#breadcrumb\"},\"inLanguage\":\"pt-BR\",\"potentialAction\":[{\"@type\":\"ReadAction\",\"target\":[\"https:\\\/\\\/aconteceunovale.com.br\\\/portal\\\/?p=46586\"]}]},{\"@type\":\"ImageObject\",\"inLanguage\":\"pt-BR\",\"@id\":\"https:\\\/\\\/aconteceunovale.com.br\\\/portal\\\/?p=46586#primaryimage\",\"url\":\"https:\\\/\\\/aconteceunovale.com.br\\\/portal\\\/wp-content\\\/uploads\\\/2014\\\/11\\\/eleicoes_suplementares.jpeg\",\"contentUrl\":\"https:\\\/\\\/aconteceunovale.com.br\\\/portal\\\/wp-content\\\/uploads\\\/2014\\\/11\\\/eleicoes_suplementares.jpeg\",\"width\":430,\"height\":220},{\"@type\":\"BreadcrumbList\",\"@id\":\"https:\\\/\\\/aconteceunovale.com.br\\\/portal\\\/?p=46586#breadcrumb\",\"itemListElement\":[{\"@type\":\"ListItem\",\"position\":1,\"name\":\"In\u00edcio\",\"item\":\"https:\\\/\\\/aconteceunovale.com.br\\\/portal\\\/\"},{\"@type\":\"ListItem\",\"position\":2,\"name\":\"Definidos os candidatos \u00e0s elei\u00e7\u00f5es suplementares para prefeito em Jampruca e Ipia\u00e7u\"}]},{\"@type\":\"WebSite\",\"@id\":\"https:\\\/\\\/aconteceunovale.com.br\\\/portal\\\/#website\",\"url\":\"https:\\\/\\\/aconteceunovale.com.br\\\/portal\\\/\",\"name\":\"Aconteceu no Vale\",\"description\":\"Portal de Not\u00edcias\",\"potentialAction\":[{\"@type\":\"SearchAction\",\"target\":{\"@type\":\"EntryPoint\",\"urlTemplate\":\"https:\\\/\\\/aconteceunovale.com.br\\\/portal\\\/?s={search_term_string}\"},\"query-input\":{\"@type\":\"PropertyValueSpecification\",\"valueRequired\":true,\"valueName\":\"search_term_string\"}}],\"inLanguage\":\"pt-BR\"},{\"@type\":\"Person\",\"@id\":\"https:\\\/\\\/aconteceunovale.com.br\\\/portal\\\/#\\\/schema\\\/person\\\/633529146f2c94272bef50ac2953d589\",\"name\":\"Aconteceu no Vale\",\"description\":\"Equipe de reportagem do Aconteceu no Vale, portal de not\u00edcias do Vale do Jequitinhonha, em Minas Gerais. Cobrimos as 51 cidades do Vale desde 2013. Sugest\u00f5es de pauta e pedidos de corre\u00e7\u00e3o: contato@aconteceunovale.com.br\",\"sameAs\":[\"http:\\\/\\\/www.aconteceunovale.com.br\"],\"url\":\"https:\\\/\\\/aconteceunovale.com.br\\\/portal\\\/?author=1\"}]}<\/script>\n<!-- \/ Yoast SEO plugin. -->","yoast_head_json":{"title":"Definidos os candidatos \u00e0s elei\u00e7\u00f5es suplementares para prefeito em Jampruca e Ipia\u00e7u - Aconteceu no Vale","robots":{"index":"index","follow":"follow","max-snippet":"max-snippet:-1","max-image-preview":"max-image-preview:large","max-video-preview":"max-video-preview:-1"},"canonical":"https:\/\/aconteceunovale.com.br\/portal\/?p=46586","og_locale":"pt_BR","og_type":"article","og_title":"Definidos os candidatos \u00e0s elei\u00e7\u00f5es suplementares para prefeito em Jampruca e Ipia\u00e7u - Aconteceu no Vale","og_description":"A Justi\u00e7a Eleitoral deferiu os pedidos de registro dos candidatos \u00e0s elei\u00e7\u00f5es suplementares para prefeito e vice-prefeito de Ipia\u00e7u (302\u00aa Zona Eleitoral, de Capin\u00f3polis), no Tri\u00e2ngulo Mineiro, e de Jampruca (136\u00aa ZE, de Itambacuri), no Vale do Rio Doce, marcadas para o dia 7 de dezembro. Em Ipia\u00e7u concorrer\u00e3o Leandro Luis de Oliveira (PSD) e [&hellip;]","og_url":"https:\/\/aconteceunovale.com.br\/portal\/?p=46586","og_site_name":"Aconteceu no Vale","article_publisher":"https:\/\/www.facebook.com\/aconteceunovale\/","article_published_time":"2014-11-27T13:20:46+00:00","og_image":[{"width":430,"height":220,"url":"https:\/\/aconteceunovale.com.br\/portal\/wp-content\/uploads\/2014\/11\/eleicoes_suplementares.jpeg","type":"image\/jpeg"}],"author":"Aconteceu no Vale","twitter_card":"summary_large_image","twitter_creator":"@noticiadosvales","twitter_site":"@noticiadosvales","twitter_misc":{"Escrito por":"Aconteceu no Vale","Est. tempo de leitura":"1 minuto"},"schema":{"@context":"https:\/\/schema.org","@graph":[{"@type":"Article","@id":"https:\/\/aconteceunovale.com.br\/portal\/?p=46586#article","isPartOf":{"@id":"https:\/\/aconteceunovale.com.br\/portal\/?p=46586"},"author":{"name":"Aconteceu no Vale","@id":"https:\/\/aconteceunovale.com.br\/portal\/#\/schema\/person\/633529146f2c94272bef50ac2953d589"},"headline":"Definidos os candidatos \u00e0s elei\u00e7\u00f5es suplementares para prefeito em Jampruca e Ipia\u00e7u","datePublished":"2014-11-27T13:20:46+00:00","mainEntityOfPage":{"@id":"https:\/\/aconteceunovale.com.br\/portal\/?p=46586"},"wordCount":300,"commentCount":0,"image":{"@id":"https:\/\/aconteceunovale.com.br\/portal\/?p=46586#primaryimage"},"thumbnailUrl":"https:\/\/aconteceunovale.com.br\/portal\/wp-content\/uploads\/2014\/11\/eleicoes_suplementares.jpeg","keywords":["Amilton Amaro Amorim","Capin\u00f3polis","Definidos os candidatos \u00e0s elei\u00e7\u00f5es suplementares para prefeito em Jampruca e Ipia\u00e7u","elei\u00e7\u00f5es suplementares para prefeito em Ipia\u00e7u","elei\u00e7\u00f5es suplementares para prefeito em Jampruca","Geraldo Gomes da Silva","Ipia\u00e7u","Itambacuri","Jampruca","Jampruca Voltada para o Futuro","Juntos por uma Jampruca Melhor","Leandro Luis de Oliveira","Mizael Cabral de Lira","Unidos por uma Ipia\u00e7u melhor"],"articleSection":["Minas Gerais"],"inLanguage":"pt-BR","potentialAction":[{"@type":"CommentAction","name":"Comment","target":["https:\/\/aconteceunovale.com.br\/portal\/?p=46586#respond"]}]},{"@type":"WebPage","@id":"https:\/\/aconteceunovale.com.br\/portal\/?p=46586","url":"https:\/\/aconteceunovale.com.br\/portal\/?p=46586","name":"Definidos os candidatos \u00e0s elei\u00e7\u00f5es suplementares para prefeito em Jampruca e Ipia\u00e7u - Aconteceu no Vale","isPartOf":{"@id":"https:\/\/aconteceunovale.com.br\/portal\/#website"},"primaryImageOfPage":{"@id":"https:\/\/aconteceunovale.com.br\/portal\/?p=46586#primaryimage"},"image":{"@id":"https:\/\/aconteceunovale.com.br\/portal\/?p=46586#primaryimage"},"thumbnailUrl":"https:\/\/aconteceunovale.com.br\/portal\/wp-content\/uploads\/2014\/11\/eleicoes_suplementares.jpeg","datePublished":"2014-11-27T13:20:46+00:00","author":{"@id":"https:\/\/aconteceunovale.com.br\/portal\/#\/schema\/person\/633529146f2c94272bef50ac2953d589"},"breadcrumb":{"@id":"https:\/\/aconteceunovale.com.br\/portal\/?p=46586#breadcrumb"},"inLanguage":"pt-BR","potentialAction":[{"@type":"ReadAction","target":["https:\/\/aconteceunovale.com.br\/portal\/?p=46586"]}]},{"@type":"ImageObject","inLanguage":"pt-BR","@id":"https:\/\/aconteceunovale.com.br\/portal\/?p=46586#primaryimage","url":"https:\/\/aconteceunovale.com.br\/portal\/wp-content\/uploads\/2014\/11\/eleicoes_suplementares.jpeg","contentUrl":"https:\/\/aconteceunovale.com.br\/portal\/wp-content\/uploads\/2014\/11\/eleicoes_suplementares.jpeg","width":430,"height":220},{"@type":"BreadcrumbList","@id":"https:\/\/aconteceunovale.com.br\/portal\/?p=46586#breadcrumb","itemListElement":[{"@type":"ListItem","position":1,"name":"In\u00edcio","item":"https:\/\/aconteceunovale.com.br\/portal\/"},{"@type":"ListItem","position":2,"name":"Definidos os candidatos \u00e0s elei\u00e7\u00f5es suplementares para prefeito em Jampruca e Ipia\u00e7u"}]},{"@type":"WebSite","@id":"https:\/\/aconteceunovale.com.br\/portal\/#website","url":"https:\/\/aconteceunovale.com.br\/portal\/","name":"Aconteceu no Vale","description":"Portal de Not\u00edcias","potentialAction":[{"@type":"SearchAction","target":{"@type":"EntryPoint","urlTemplate":"https:\/\/aconteceunovale.com.br\/portal\/?s={search_term_string}"},"query-input":{"@type":"PropertyValueSpecification","valueRequired":true,"valueName":"search_term_string"}}],"inLanguage":"pt-BR"},{"@type":"Person","@id":"https:\/\/aconteceunovale.com.br\/portal\/#\/schema\/person\/633529146f2c94272bef50ac2953d589","name":"Aconteceu no Vale","description":"Equipe de reportagem do Aconteceu no Vale, portal de not\u00edcias do Vale do Jequitinhonha, em Minas Gerais. Cobrimos as 51 cidades do Vale desde 2013. Sugest\u00f5es de pauta e pedidos de corre\u00e7\u00e3o: contato@aconteceunovale.com.br","sameAs":["http:\/\/www.aconteceunovale.com.br"],"url":"https:\/\/aconteceunovale.com.br\/portal\/?author=1"}]}},"_links":{"self":[{"href":"https:\/\/aconteceunovale.com.br\/portal\/index.php?rest_route=\/wp\/v2\/posts\/46586","targetHints":{"allow":["GET"]}}],"collection":[{"href":"https:\/\/aconteceunovale.com.br\/portal\/index.php?rest_route=\/wp\/v2\/posts"}],"about":[{"href":"https:\/\/aconteceunovale.com.br\/portal\/index.php?rest_route=\/wp\/v2\/types\/post"}],"author":[{"embeddable":true,"href":"https:\/\/aconteceunovale.com.br\/portal\/index.php?rest_route=\/wp\/v2\/users\/1"}],"replies":[{"embeddable":true,"href":"https:\/\/aconteceunovale.com.br\/portal\/index.php?rest_route=%2Fwp%2Fv2%2Fcomments&post=46586"}],"version-history":[{"count":0,"href":"https:\/\/aconteceunovale.com.br\/portal\/index.php?rest_route=\/wp\/v2\/posts\/46586\/revisions"}],"wp:featuredmedia":[{"embeddable":true,"href":"https:\/\/aconteceunovale.com.br\/portal\/index.php?rest_route=\/wp\/v2\/media\/46587"}],"wp:attachment":[{"href":"https:\/\/aconteceunovale.com.br\/portal\/index.php?rest_route=%2Fwp%2Fv2%2Fmedia&parent=46586"}],"wp:term":[{"taxonomy":"category","embeddable":true,"href":"https:\/\/aconteceunovale.com.br\/portal\/index.php?rest_route=%2Fwp%2Fv2%2Fcategories&post=46586"},{"taxonomy":"post_tag","embeddable":true,"href":"https:\/\/aconteceunovale.com.br\/portal\/index.php?rest_route=%2Fwp%2Fv2%2Ftags&post=46586"}],"curies":[{"name":"wp","href":"https:\/\/api.w.org\/{rel}","templated":true}]}}