{"id":46582,"date":"2014-11-27T10:11:35","date_gmt":"2014-11-27T13:11:35","guid":{"rendered":"http:\/\/aconteceunovale.com.br\/portal\/?p=46582"},"modified":"2014-11-27T10:12:22","modified_gmt":"2014-11-27T13:12:22","slug":"padres-que-pregavam-amor-livre-para-praticar-pedofilia-chocam-espanha","status":"publish","type":"post","link":"https:\/\/aconteceunovale.com.br\/portal\/?p=46582","title":{"rendered":"Padres que pregavam &#8216;amor livre&#8217; para praticar pedofilia chocam Espanha"},"content":{"rendered":"<p>&#8220;Boa tarde filho, sou o padre Jorge&#8221;. &#8220;N\u00e3o conhe\u00e7o nenhum padre Jorge&#8221;, respondeu o interlocutor. &#8220;Filho, acalme-se, aqui \u00e9 o papa Francisco&#8221;.<\/p>\n<p>Essas s\u00e3o as palavras que um at\u00f4nito jovem escutou ao telefone. Ele havia escrito uma carta ao argentino Jorge Bergoglio meses antes, para denunciar anos de supostos abusos por parte de um grupo de religiosos da diocese de Granada, no sul da Espanha.<\/p>\n<p>O esc\u00e2ndalo foi noticiado pelos sites de internet espanh\u00f3is, atraindo cada vez mais aten\u00e7\u00e3o estrangeira. O pr\u00f3prio papa se referiu \u00e0 pol\u00eamica na ter\u00e7a-feira (25).<\/p>\n<p>At\u00e9 o momento, tr\u00eas sacerdotes cat\u00f3licos e um professor de religi\u00e3o foram detidos. &#8220;Eu li sua carta e escrevi ao bispo dizendo que ele comece uma investiga\u00e7\u00e3o&#8221;, explicou o papa na ter\u00e7a-feira.<\/p>\n<p>&#8220;Recebi essa not\u00edcia com grande dor, com uma dor muito grande, mas a verdade \u00e9 a verdade e n\u00e3o podemos escond\u00ea-la&#8221;, disse.<\/p>\n<p>Mas qual \u00e9 a trama em cuja investiga\u00e7\u00e3o o papa se envolveu pessoalmente?<\/p>\n<p><img decoding=\"async\" src=\"http:\/\/aconteceunovale.com.br\/portal\/wp-content\/uploads\/2014\/11\/padres_pedofilos_granada.jpg\" alt=\"\" \/><em>Suspeitas de abusos sexuais abala comunidade religiosa de Granada &#8211; Foto: Reuters<\/em><br \/>\n<\/br><\/p>\n<h4>O cl\u00e3 dos Romanones<\/h4>\n<p>Acusa\u00e7\u00f5es de esc\u00e2ndalos sexuais , abusos de autoridades eclesi\u00e1sticas, deten\u00e7\u00f5es, heran\u00e7as duvidosas, segredos e um grupo com sobrenome aristocr\u00e1tico: &#8220;os Romanones&#8221;.<\/p>\n<p>Os ingredientes s\u00e3o de um romance de intriga, crime e suspense. Mas n\u00e3o \u00e9 fic\u00e7\u00e3o.<\/p>\n<p>Daniel (nome fict\u00edcio) tem 24 anos e h\u00e1 alguns meses denunciou ? em uma carta dirigida ao papa ? que entre os 13 e os 18 anos foi submetido a constantes abusos por parte de um grupo de sacerdotes cat\u00f3licos, os &#8220;Romanones&#8221;.<\/p>\n<p>O jovem, membro da organiza\u00e7\u00e3o cat\u00f3lica Opus Dei e professor universit\u00e1rio, entrou em contato com os sacerdotes investigados quando era coroinha em na par\u00f3quia de San Juan Mar\u00eda Vianney, localizada em um bairro de Granada.<\/p>\n<p>Segundo seu depoimento, a rede seria comandada por um dos detidos, o padre Rom\u00e1n M.V.C (de quem deriva o nome do cl\u00e3) e realizaria atos sexuais em diversas de suas propriedades na prov\u00edncia de Granada.<\/p>\n<p>Ele afirmou que os religiosos justificavam suas pr\u00e1ticas sexuais com a frase: &#8220;o amor \u00e9 livre, eleva o esp\u00edrito&#8221;.<\/p>\n<h4>V\u00edtimas<\/h4>\n<p>As acusa\u00e7\u00f5es recaem sobre dez sacerdotes e dois laicos.<\/p>\n<p>N\u00e3o se sabe exatamente quantos meninos e meninas podem ter sido v\u00edtimas do grupo, que supostamente atra\u00eda os jovens conquistando sua confian\u00e7a ou afastando-os de suas fam\u00edlias.<\/p>\n<p>Daniel disse que decidiu fazer a den\u00fancia principalmente por n\u00e3o saber a extens\u00e3o da rede e quantas pessoas foram v\u00edtimas dela. Ele acrescentou n\u00e3o querer que as pessoas que arruinaram sua inf\u00e2ncia fa\u00e7am o mesmo com outros meninos e meninas.<\/p>\n<p>Encorajado pelo respaldo do papa, Daniel apresentou uma den\u00fancia formal perante a Fiscaliza\u00e7\u00e3o Central de Andaluzia, em outubro.<\/p>\n<h4>Deten\u00e7\u00f5es<\/h4>\n<p>O processo foi acelerado a partir do momento em que a den\u00fancia foi feita.<\/p>\n<p>O \u00f3rg\u00e3o judicial encarregado da causa ordenou na segunda-feira (24) a deten\u00e7\u00e3o de tr\u00eas sacerdotes e um leigo. Mas a Justi\u00e7a ainda vai decidir se eles responder\u00e3o ao processo em liberdade.<\/p>\n<p>Os detidos s\u00e3o Rom\u00e1n M.V.C, a quem o denunciante identifica como &#8220;o diretor&#8221;, Francisco C.M, e Manuel M.M. Todos eles tiveram algum v\u00ednculo com a par\u00f3quia de Vianney.<\/p>\n<p>Eles foram encaminhados \u00e0 Chefatura Superior de Pol\u00edcia de Andaluzia Oriental e negaram qualquer rela\u00e7\u00e3o com os crimes ao ser interrogados.<\/p>\n<p>Al\u00e9m disso, h\u00e1 alguns dias, foi denunciado o desaparecimento de v\u00e1rios computadores de um chal\u00e9 em Pinus Puente (Granada), que \u00e9 de propriedade dos acusados.<\/p>\n<p>Tamb\u00e9m h\u00e1 uma segunda den\u00fancia, formulada por uma outra suposta testemunha, que forneceu aos investigadores mais dados e nomes.<\/p>\n<p>O subdelegado do governo, Santiago P\u00e9rez, afirmou que n\u00e3o h\u00e1 mais pris\u00f5es previstas por enquanto.<\/p>\n<h4>Rea\u00e7\u00e3o da hierarquia<\/h4>\n<p>Enquanto isso, a Igreja Cat\u00f3lica na Espanha demonstrou estar chocada e consternada com os eventos.<\/p>\n<p>A Confer\u00eancia Episcopal, por meio de seu porta-voz, Jos\u00e9 Mar\u00eda Gil Mamayo, expressou repulsa e pediu perd\u00e3o \u00e0s &#8220;poss\u00edveis v\u00edtimas&#8221;.<\/p>\n<p>O arcebispo de Granada, Francisco Javier Mart\u00ednez, protagonizou no domingo uma cena pouco usual na catedral da prov\u00edncia: deitou no solo junto com outros membros da diocese por v\u00e1rios minutos \u2013 um gesto que s\u00f3 \u00e9 realizado Sexta-feira Santa.<\/p>\n<p>&#8220;Os males da Igreja s\u00e3o os males de cada um de n\u00f3s&#8221;, disse o arcebispo durante a homilia. Ele disse que tudo isso \u00e9 &#8220;uma ferida doloros\u00edssima para (Jesus) Cristo&#8221;.<\/p>\n<p><strong><em>(BBC Brasil)<\/em><\/strong><\/p>\n","protected":false},"excerpt":{"rendered":"<p>&#8220;Boa tarde filho, sou o padre Jorge&#8221;. &#8220;N\u00e3o conhe\u00e7o nenhum padre Jorge&#8221;, respondeu o interlocutor. &#8220;Filho, acalme-se, aqui \u00e9 o papa Francisco&#8221;. Essas s\u00e3o as palavras que um at\u00f4nito jovem escutou ao telefone. Ele havia escrito uma carta ao argentino Jorge Bergoglio meses antes, para denunciar anos de supostos abusos por parte de um grupo [&hellip;]<\/p>\n","protected":false},"author":1,"featured_media":46583,"comment_status":"open","ping_status":"closed","sticky":false,"template":"","format":"standard","meta":{"amp_status":"","footnotes":""},"categories":[6],"tags":[24562,24561,24571,24572,24559,24569,24560,24570,24564,24565,24567,24575,24574,24558,24557,946,24566,24568,24563,24576,24577,24573],"class_list":{"0":"post-46582","1":"post","2":"type-post","3":"status-publish","4":"format-standard","5":"has-post-thumbnail","6":"hentry","7":"category-br","8":"tag-abusos-de-padres-em-granada","9":"tag-abusos-por-parte-de-um-grupo-de-religiosos-da-diocese-de-granada","10":"tag-arcebispo-de-granada","11":"tag-francisco-javier-martinez","12":"tag-granada","14":"tag-jorge-bergoglio","15":"tag-jose-maria-gil-mamayo","16":"tag-o-cla-dos-romanones","17":"tag-os-romanones","18":"tag-padre-roman","20":"tag-padres-pedofilos-granada","21":"tag-padres-que-pregavam-amor-em-granada","23":"tag-papa-francisco","24":"tag-paroquia-de-san-juan-maria-vianney","25":"tag-paroquia-de-vianney","26":"tag-pedofilia-padres-granada","28":"tag-sacerdotes-pedofilos-granada","29":"tag-suspeitas-de-abusos-sexuais-supostamente-cometidos-por-sacerdotes-abala-comunidade-religiosa-de-granada"},"_links":{"self":[{"href":"https:\/\/aconteceunovale.com.br\/portal\/index.php?rest_route=\/wp\/v2\/posts\/46582","targetHints":{"allow":["GET"]}}],"collection":[{"href":"https:\/\/aconteceunovale.com.br\/portal\/index.php?rest_route=\/wp\/v2\/posts"}],"about":[{"href":"https:\/\/aconteceunovale.com.br\/portal\/index.php?rest_route=\/wp\/v2\/types\/post"}],"author":[{"embeddable":true,"href":"https:\/\/aconteceunovale.com.br\/portal\/index.php?rest_route=\/wp\/v2\/users\/1"}],"replies":[{"embeddable":true,"href":"https:\/\/aconteceunovale.com.br\/portal\/index.php?rest_route=%2Fwp%2Fv2%2Fcomments&post=46582"}],"version-history":[{"count":0,"href":"https:\/\/aconteceunovale.com.br\/portal\/index.php?rest_route=\/wp\/v2\/posts\/46582\/revisions"}],"wp:featuredmedia":[{"embeddable":true,"href":"https:\/\/aconteceunovale.com.br\/portal\/index.php?rest_route=\/wp\/v2\/media\/46583"}],"wp:attachment":[{"href":"https:\/\/aconteceunovale.com.br\/portal\/index.php?rest_route=%2Fwp%2Fv2%2Fmedia&parent=46582"}],"wp:term":[{"taxonomy":"category","embeddable":true,"href":"https:\/\/aconteceunovale.com.br\/portal\/index.php?rest_route=%2Fwp%2Fv2%2Fcategories&post=46582"},{"taxonomy":"post_tag","embeddable":true,"href":"https:\/\/aconteceunovale.com.br\/portal\/index.php?rest_route=%2Fwp%2Fv2%2Ftags&post=46582"}],"curies":[{"name":"wp","href":"https:\/\/api.w.org\/{rel}","templated":true}]}}