{"id":46572,"date":"2014-11-27T09:18:13","date_gmt":"2014-11-27T12:18:13","guid":{"rendered":"http:\/\/aconteceunovale.com.br\/portal\/?p=46572"},"modified":"2014-11-27T09:18:13","modified_gmt":"2014-11-27T12:18:13","slug":"plantao-do-samu-no-norte-de-minas-gerais-26-de-novembro-de-2014","status":"publish","type":"post","link":"https:\/\/aconteceunovale.com.br\/portal\/?p=46572","title":{"rendered":"Plant\u00e3o do Samu no Norte de Minas Gerais &#8211; 26 de novembro de 2014"},"content":{"rendered":"<h4><strong><em>Quarta-feira, 26 de novembro de 2014<\/em><\/strong><\/h4>\n<p>A unidade do SAMU de Montes Claros realizou nesta quarta-feira, 26\/11, 45 atendimentos, sendo 32 casos cl\u00ednicos; 01 por agress\u00e3o f\u00edsica na Avenida Deputado Esteves Rodrigues; e 12 atendimentos em decorr\u00eancia de acidentes de tr\u00e2nsito, sendo 10 na \u00e1rea urbana de Montes Claros.<\/p>\n<p>Por volta das 23h, um homem de 21 anos caiu de moto no Distrito Industrial e sofreu ferimentos na perna direita.<\/p>\n<p>\u00c0s 21h, um homem 42 anos, que transitava de bicicleta na Rua Aristeu de Melo Franco, Vila Greice, ficou ferido ap\u00f3s colidir contra uma moto. Ele apresentava prov\u00e1vel fratura da perna esquerda e escoria\u00e7\u00f5es na m\u00e3o e estava em vis\u00edvel estado de embriaguez. O condutor da moto, de 21 anos, sofreu ferimentos no p\u00e9 esquerdo, se queixando de dor local.<\/p>\n<p>Unidades do Samu foram acionadas por volta das 16h, para atendimento a v\u00edtimas de um acidente ocorrido na MG-135, a 11 km de Nova Esperan\u00e7a, envolvendo dois ve\u00edculos que colidiram frontalmente. Dois homens, sendo um de 28 e outro de 36 anos ficaram gravemente feridos. <\/p>\n<p>\u00c0s 15h, um homem de 21 anos ficou ferido numa colis\u00e3o entre dois carros ocorrida na Avenida Coronel Luiz Maia, bairro Jardim Palmeiras. Ele conduzia um dos carros e apresentava confus\u00e3o mental, v\u00f4mito, sudorese e palidez.<\/p>\n<p>\u00c0s 14h50, uma mulher de 71 anos foi atropelada por um caminh\u00e3o na Avenida Deputado Pl\u00ednio Ribeiro e sofreu esmagamento das duas pernas.<\/p>\n<p>\u00c0s 13h37, uma mulher de 31 anos foi atropelada por moto na Rua Juca Prates, regi\u00e3o central de Montes Claros, e apresentava escoria\u00e7\u00f5es nos bra\u00e7os e pernas. Ela relata que estava sendo transportada por um mototaxista, que evadiu do local ap\u00f3s o acidente.<\/p>\n<p>Duas pessoas ficaram feridas em um acidente envolvendo um carro e uma moto ocorrido na Rua Monte Castelo, bairro Santa Rita. O condutor da moto, de 25 anos, ferimentos leves, e uma mulher de 31 anos, que estava na garupa, apresentava corte contuso na perna direita, edema no tornozelo direito e escoria\u00e7\u00f5es pelo corpo.<\/p>\n<p>Dois homens ficaram gravemente feridos em um acidente ocorrido por volta das 11 horas na BR-365, KM 28, a 30 quil\u00f4metros de Montes Claros, pr\u00f3ximo \u00e0 entrada de Canto do Engenho, onde um ve\u00edculo colidiu na traseira de outro que seguia no mesmo sentido da via. Os dois motoristas foram socorridos e encaminhados \u00e0 Santa Casa de Montes Claros.<\/p>\n<p>E na madrugada de desta quinta-feira, 27\/11, por volta das 2h, um rapaz de 17 anos foi atropelado por uma moto na Rua Jacinto Alves da Silveira, bairro Esplanada, e apresentava deformidade na perna direita, com prov\u00e1vel fratura de T\u00edbia e f\u00edbula. E \u00e0s 4h, um homem de 30 anos sofreu agress\u00e3o f\u00edsica na Avenida Deputado Esteves Rodrigues, regi\u00e3o central de Montes Claros e apresentava corte contuso na testa. Ele estava em vis\u00edvel estado de embriaguez.<\/p>\n<p>Em todas as ocorr\u00eancias os feridos receberam os primeiros atendimentos no local e foram encaminhados ao hospital para avalia\u00e7\u00e3o.<\/p>\n","protected":false},"excerpt":{"rendered":"<p>Quarta-feira, 26 de novembro de 2014 A unidade do SAMU de Montes Claros realizou nesta quarta-feira, 26\/11, 45 atendimentos, sendo 32 casos cl\u00ednicos; 01 por agress\u00e3o f\u00edsica na Avenida Deputado Esteves Rodrigues; e 12 atendimentos em decorr\u00eancia de acidentes de tr\u00e2nsito, sendo 10 na \u00e1rea urbana de Montes Claros. Por volta das 23h, um homem [&hellip;]<\/p>\n","protected":false},"author":1,"featured_media":46383,"comment_status":"open","ping_status":"closed","sticky":false,"template":"","format":"standard","meta":{"amp_status":"","footnotes":""},"categories":[1236],"tags":[22467,18898,24539,13731,21139,4040],"class_list":["post-46572","post","type-post","status-publish","format-standard","has-post-thumbnail","hentry","category-norte_de_minas","tag-atendimentos-do-samu-macro-norte","tag-plantao-do-samu-macro-norte","tag-plantao-do-samu-no-norte-de-minas-gerais-26-de-novembro-de-2014","tag-samu","tag-samu-do-norte-de-minas","tag-samu-macro-norte"],"_links":{"self":[{"href":"https:\/\/aconteceunovale.com.br\/portal\/index.php?rest_route=\/wp\/v2\/posts\/46572","targetHints":{"allow":["GET"]}}],"collection":[{"href":"https:\/\/aconteceunovale.com.br\/portal\/index.php?rest_route=\/wp\/v2\/posts"}],"about":[{"href":"https:\/\/aconteceunovale.com.br\/portal\/index.php?rest_route=\/wp\/v2\/types\/post"}],"author":[{"embeddable":true,"href":"https:\/\/aconteceunovale.com.br\/portal\/index.php?rest_route=\/wp\/v2\/users\/1"}],"replies":[{"embeddable":true,"href":"https:\/\/aconteceunovale.com.br\/portal\/index.php?rest_route=%2Fwp%2Fv2%2Fcomments&post=46572"}],"version-history":[{"count":0,"href":"https:\/\/aconteceunovale.com.br\/portal\/index.php?rest_route=\/wp\/v2\/posts\/46572\/revisions"}],"wp:featuredmedia":[{"embeddable":true,"href":"https:\/\/aconteceunovale.com.br\/portal\/index.php?rest_route=\/wp\/v2\/media\/46383"}],"wp:attachment":[{"href":"https:\/\/aconteceunovale.com.br\/portal\/index.php?rest_route=%2Fwp%2Fv2%2Fmedia&parent=46572"}],"wp:term":[{"taxonomy":"category","embeddable":true,"href":"https:\/\/aconteceunovale.com.br\/portal\/index.php?rest_route=%2Fwp%2Fv2%2Fcategories&post=46572"},{"taxonomy":"post_tag","embeddable":true,"href":"https:\/\/aconteceunovale.com.br\/portal\/index.php?rest_route=%2Fwp%2Fv2%2Ftags&post=46572"}],"curies":[{"name":"wp","href":"https:\/\/api.w.org\/{rel}","templated":true}]}}