{"id":46563,"date":"2014-11-26T22:24:23","date_gmt":"2014-11-27T01:24:23","guid":{"rendered":"http:\/\/aconteceunovale.com.br\/portal\/?p=46563"},"modified":"2014-11-26T22:24:23","modified_gmt":"2014-11-27T01:24:23","slug":"motociclista-morre-em-acidente-na-zona-rural-de-serra-azul-de-minas","status":"publish","type":"post","link":"https:\/\/aconteceunovale.com.br\/portal\/?p=46563","title":{"rendered":"Motociclista morre em acidente na zona rural de Serra Azul de Minas"},"content":{"rendered":"<p>Um homem de 31 anos morreu em um acidente envolvendo duas motocicletas no \u00faltimo domingo, 23 de novembro, no munic\u00edpio de Serra Azul de Minas (MG). De acordo com a Pol\u00edcia Militar, com o impacto da batida, o condutor H.F.M n\u00e3o resistiu aos graves ferimentos e veio a \u00f3bito ainda no local. O outro motociclista foi socorrido em estado grave.<\/p>\n<p>Ainda segundo a PM, uma guarni\u00e7\u00e3o composta pelo sargento Lopes e os soldados Igor e J\u00falio, compareceu ao local do acidente e acionou a per\u00edcia t\u00e9cnica da Pol\u00edcia Civil. Durante o tempo de espera, um raio caiu em uma cerca de arame, pr\u00f3ximo onde estava os policiais, e a corrente atingiu uma das motocicletas, provocando um inc\u00eandio.<\/p>\n<p>Uma garrucha de dois canos, calibre 38, que estava com um dos motociclistas foi apreendida pelos militares.<\/p>\n<p><img decoding=\"async\" src=\"http:\/\/aconteceunovale.com.br\/portal\/wp-content\/uploads\/2014\/11\/acidente_serra_azul.jpg\" alt=\"\" \/><em>Uma das motocicletas pegou fogo ap\u00f3s ser atingida por um raio &#8211; Foto: Sargento Lopes\/PMMG<\/em><\/p>\n","protected":false},"excerpt":{"rendered":"<p>Um homem de 31 anos morreu em um acidente envolvendo duas motocicletas no \u00faltimo domingo, 23 de novembro, no munic\u00edpio de Serra Azul de Minas (MG). De acordo com a Pol\u00edcia Militar, com o impacto da batida, o condutor H.F.M n\u00e3o resistiu aos graves ferimentos e veio a \u00f3bito ainda no local. O outro motociclista [&hellip;]<\/p>\n","protected":false},"author":1,"featured_media":46564,"comment_status":"open","ping_status":"closed","sticky":false,"template":"","format":"standard","meta":{"amp_status":"","footnotes":""},"categories":[123],"tags":[24528,24527,327],"class_list":["post-46563","post","type-post","status-publish","format-standard","has-post-thumbnail","hentry","category-gerais","tag-acidente-em-serra-azul-de-minas","tag-motociclista-morre-em-acidente-na-zona-rural-de-serra-azul-de-minas","tag-serra-azul-de-minas"],"_links":{"self":[{"href":"https:\/\/aconteceunovale.com.br\/portal\/index.php?rest_route=\/wp\/v2\/posts\/46563","targetHints":{"allow":["GET"]}}],"collection":[{"href":"https:\/\/aconteceunovale.com.br\/portal\/index.php?rest_route=\/wp\/v2\/posts"}],"about":[{"href":"https:\/\/aconteceunovale.com.br\/portal\/index.php?rest_route=\/wp\/v2\/types\/post"}],"author":[{"embeddable":true,"href":"https:\/\/aconteceunovale.com.br\/portal\/index.php?rest_route=\/wp\/v2\/users\/1"}],"replies":[{"embeddable":true,"href":"https:\/\/aconteceunovale.com.br\/portal\/index.php?rest_route=%2Fwp%2Fv2%2Fcomments&post=46563"}],"version-history":[{"count":0,"href":"https:\/\/aconteceunovale.com.br\/portal\/index.php?rest_route=\/wp\/v2\/posts\/46563\/revisions"}],"wp:featuredmedia":[{"embeddable":true,"href":"https:\/\/aconteceunovale.com.br\/portal\/index.php?rest_route=\/wp\/v2\/media\/46564"}],"wp:attachment":[{"href":"https:\/\/aconteceunovale.com.br\/portal\/index.php?rest_route=%2Fwp%2Fv2%2Fmedia&parent=46563"}],"wp:term":[{"taxonomy":"category","embeddable":true,"href":"https:\/\/aconteceunovale.com.br\/portal\/index.php?rest_route=%2Fwp%2Fv2%2Fcategories&post=46563"},{"taxonomy":"post_tag","embeddable":true,"href":"https:\/\/aconteceunovale.com.br\/portal\/index.php?rest_route=%2Fwp%2Fv2%2Ftags&post=46563"}],"curies":[{"name":"wp","href":"https:\/\/api.w.org\/{rel}","templated":true}]}}