{"id":46560,"date":"2014-11-26T21:39:41","date_gmt":"2014-11-27T00:39:41","guid":{"rendered":"http:\/\/aconteceunovale.com.br\/portal\/?p=46560"},"modified":"2014-11-26T21:39:41","modified_gmt":"2014-11-27T00:39:41","slug":"onibus-bate-em-viatura-no-centro-de-coronel-fabriciano","status":"publish","type":"post","link":"https:\/\/aconteceunovale.com.br\/portal\/?p=46560","title":{"rendered":"\u00d4nibus bate em viatura no Centro de Coronel Fabriciano"},"content":{"rendered":"<p>Um acidente envolvendo uma viatura da Pol\u00edcia Militar e um \u00f4nibus da Univale Transportes foi registrado na tarde desta quarta-feira, 26 de novembro, no Centro de Coronel Fabriciano, no Vale do A\u00e7o.<\/p>\n<p>De acordo com o registro da Pol\u00edcia Militar, o condutor do ve\u00edculo coletivo relatou que trafegava pela Rua Dr. Pedro Nolasco e que iria entrar na \u00e1rea de estacionamento do terminal rodovi\u00e1rio, para desembarcar passageiros no ponto final, quando ouviu um barulho e percebeu que havia colidido lateralmente na viatura. O motorista do \u00f4nibus ainda disse que devido a posi\u00e7\u00e3o do \u00f4nibus, ao fazer a convers\u00e3o, n\u00e3o visualizou o ve\u00edculo atingido.<\/p>\n<p>J\u00e1 o policial militar relatou que devido o tr\u00e2nsito intenso, conduziu a viatura pelo acesso dos \u00f4nibus, vindo a parar o ve\u00edculo na entrada do estacionamento para pegar uma policial, que se fazia presente no local. N\u00e3o houve acordo entres os envolvidos.<\/p>\n<p><img decoding=\"async\" src=\"http:\/\/aconteceunovale.com.br\/portal\/wp-content\/uploads\/2014\/11\/acidente_viatura_fabri.jpg\" alt=\"\" \/><em>Acidente aconteceu na Rua Dr. Pedro Nolasco &#8211; Foto: Plant\u00e3o Policial<\/em><\/p>\n","protected":false},"excerpt":{"rendered":"<p>Um acidente envolvendo uma viatura da Pol\u00edcia Militar e um \u00f4nibus da Univale Transportes foi registrado na tarde desta quarta-feira, 26 de novembro, no Centro de Coronel Fabriciano, no Vale do A\u00e7o. De acordo com o registro da Pol\u00edcia Militar, o condutor do ve\u00edculo coletivo relatou que trafegava pela Rua Dr. Pedro Nolasco e que [&hellip;]<\/p>\n","protected":false},"author":1,"featured_media":46561,"comment_status":"open","ping_status":"closed","sticky":false,"template":"","format":"standard","meta":{"amp_status":"","footnotes":""},"categories":[121],"tags":[24524,1524,24522,24523,24525,24526],"class_list":["post-46560","post","type-post","status-publish","format-standard","has-post-thumbnail","hentry","category-leste","tag-acidente-envolvendo-uma-viatura-da-policia-militar-e-um-onibus-da-univale-transportes","tag-coronel-fabriciano","tag-onibus-bate-em-viatura-no-centro-de-coronel-fabriciano","tag-univale-transportes","tag-wanderley-goncalves-domiciano","tag-wellington-dos-santos-xavier"],"_links":{"self":[{"href":"https:\/\/aconteceunovale.com.br\/portal\/index.php?rest_route=\/wp\/v2\/posts\/46560","targetHints":{"allow":["GET"]}}],"collection":[{"href":"https:\/\/aconteceunovale.com.br\/portal\/index.php?rest_route=\/wp\/v2\/posts"}],"about":[{"href":"https:\/\/aconteceunovale.com.br\/portal\/index.php?rest_route=\/wp\/v2\/types\/post"}],"author":[{"embeddable":true,"href":"https:\/\/aconteceunovale.com.br\/portal\/index.php?rest_route=\/wp\/v2\/users\/1"}],"replies":[{"embeddable":true,"href":"https:\/\/aconteceunovale.com.br\/portal\/index.php?rest_route=%2Fwp%2Fv2%2Fcomments&post=46560"}],"version-history":[{"count":0,"href":"https:\/\/aconteceunovale.com.br\/portal\/index.php?rest_route=\/wp\/v2\/posts\/46560\/revisions"}],"wp:featuredmedia":[{"embeddable":true,"href":"https:\/\/aconteceunovale.com.br\/portal\/index.php?rest_route=\/wp\/v2\/media\/46561"}],"wp:attachment":[{"href":"https:\/\/aconteceunovale.com.br\/portal\/index.php?rest_route=%2Fwp%2Fv2%2Fmedia&parent=46560"}],"wp:term":[{"taxonomy":"category","embeddable":true,"href":"https:\/\/aconteceunovale.com.br\/portal\/index.php?rest_route=%2Fwp%2Fv2%2Fcategories&post=46560"},{"taxonomy":"post_tag","embeddable":true,"href":"https:\/\/aconteceunovale.com.br\/portal\/index.php?rest_route=%2Fwp%2Fv2%2Ftags&post=46560"}],"curies":[{"name":"wp","href":"https:\/\/api.w.org\/{rel}","templated":true}]}}