{"id":46550,"date":"2014-11-26T20:19:02","date_gmt":"2014-11-26T23:19:02","guid":{"rendered":"http:\/\/aconteceunovale.com.br\/portal\/?p=46550"},"modified":"2014-11-26T20:19:02","modified_gmt":"2014-11-26T23:19:02","slug":"veiculo-desgovernado-destroi-portao-de-residencia-em-aracuai","status":"publish","type":"post","link":"https:\/\/aconteceunovale.com.br\/portal\/?p=46550","title":{"rendered":"Ve\u00edculo desgovernado destr\u00f3i port\u00e3o de resid\u00eancia em Ara\u00e7ua\u00ed"},"content":{"rendered":"<h4><strong><em>O motorista informou \u00e0 Pol\u00edcia Militar que o acidente ocorreu ap\u00f3s ele tentar se desviar de um buraco da avenida.<\/em><\/strong><\/h4>\n<p>Um ve\u00edculo desgovernado destruiu as grades do port\u00e3o de uma resid\u00eancia e deixou duas pessoas feridas na tarde desta quarta-feira, 26 de novembro, no bairro Corredor, em Ara\u00e7ua\u00ed, no Vale do Jequitinhonha.<\/p>\n<p>De acordo com a Pol\u00edcia Militar, o condutor do ve\u00edculo, Jhonyton Rodrigues Cardoso, de 25 anos, contou que seguia normalmente pela avenida Clementino Silveira e quando foi desviar de um buraco, perdeu o controle direcional, atravessou a pista e bateu no port\u00e3o de entrada da resid\u00eancia.<\/p>\n<p>O carro teve a lateral direita destru\u00edda. O motorista sofreu cortes no superc\u00edlio e couro cabeludo e foi medicado no hospital da cidade. Nenhum morador da resid\u00eancia ficou ferido.<\/p>\n<p>Ainda segundo a PM o motorista \u00e9 habilitado e o ve\u00edculo est\u00e1 com a documenta\u00e7\u00e3o regular. O propriet\u00e1rio da resid\u00eancia n\u00e3o quis comentar o assunto e disse que haver\u00e1 entendimento das partes para a cobertura dos preju\u00edzos.<\/p>\n<p><img decoding=\"async\" src=\"http:\/\/aconteceunovale.com.br\/portal\/wp-content\/uploads\/2014\/11\/acidente_ara_26.jpg\" alt=\"\" \/><em>As grades do port\u00e3o e a lateral direita do ve\u00edculo ficaram destru\u00eddas &#8211; Foto: Gazeta de Ara\u00e7ua\u00ed<\/em><br \/>\n<\/br><\/p>\n<p><strong><em>(Gazeta de Ara\u00e7ua\u00ed)<\/em><\/strong><\/p>\n","protected":false},"excerpt":{"rendered":"<p>O motorista informou \u00e0 Pol\u00edcia Militar que o acidente ocorreu ap\u00f3s ele tentar se desviar de um buraco da avenida. Um ve\u00edculo desgovernado destruiu as grades do port\u00e3o de uma resid\u00eancia e deixou duas pessoas feridas na tarde desta quarta-feira, 26 de novembro, no bairro Corredor, em Ara\u00e7ua\u00ed, no Vale do Jequitinhonha. De acordo com [&hellip;]<\/p>\n","protected":false},"author":1,"featured_media":46551,"comment_status":"open","ping_status":"closed","sticky":false,"template":"","format":"standard","meta":{"amp_status":"","footnotes":""},"categories":[120],"tags":[186,24513,24512],"class_list":["post-46550","post","type-post","status-publish","format-standard","has-post-thumbnail","hentry","category-jequi","tag-aracuai","tag-jhonyton-rodrigues-cardoso","tag-veiculo-desgovernado-destroi-portao-de-residencia-em-aracuai"],"_links":{"self":[{"href":"https:\/\/aconteceunovale.com.br\/portal\/index.php?rest_route=\/wp\/v2\/posts\/46550","targetHints":{"allow":["GET"]}}],"collection":[{"href":"https:\/\/aconteceunovale.com.br\/portal\/index.php?rest_route=\/wp\/v2\/posts"}],"about":[{"href":"https:\/\/aconteceunovale.com.br\/portal\/index.php?rest_route=\/wp\/v2\/types\/post"}],"author":[{"embeddable":true,"href":"https:\/\/aconteceunovale.com.br\/portal\/index.php?rest_route=\/wp\/v2\/users\/1"}],"replies":[{"embeddable":true,"href":"https:\/\/aconteceunovale.com.br\/portal\/index.php?rest_route=%2Fwp%2Fv2%2Fcomments&post=46550"}],"version-history":[{"count":0,"href":"https:\/\/aconteceunovale.com.br\/portal\/index.php?rest_route=\/wp\/v2\/posts\/46550\/revisions"}],"wp:featuredmedia":[{"embeddable":true,"href":"https:\/\/aconteceunovale.com.br\/portal\/index.php?rest_route=\/wp\/v2\/media\/46551"}],"wp:attachment":[{"href":"https:\/\/aconteceunovale.com.br\/portal\/index.php?rest_route=%2Fwp%2Fv2%2Fmedia&parent=46550"}],"wp:term":[{"taxonomy":"category","embeddable":true,"href":"https:\/\/aconteceunovale.com.br\/portal\/index.php?rest_route=%2Fwp%2Fv2%2Fcategories&post=46550"},{"taxonomy":"post_tag","embeddable":true,"href":"https:\/\/aconteceunovale.com.br\/portal\/index.php?rest_route=%2Fwp%2Fv2%2Ftags&post=46550"}],"curies":[{"name":"wp","href":"https:\/\/api.w.org\/{rel}","templated":true}]}}