{"id":46545,"date":"2014-11-26T20:03:24","date_gmt":"2014-11-26T23:03:24","guid":{"rendered":"http:\/\/aconteceunovale.com.br\/portal\/?p=46545"},"modified":"2014-11-26T20:03:24","modified_gmt":"2014-11-26T23:03:24","slug":"homem-e-encontrado-morto-no-quintal-da-casa-onde-morava-em-governador-valadares","status":"publish","type":"post","link":"https:\/\/aconteceunovale.com.br\/portal\/?p=46545","title":{"rendered":"Homem \u00e9 encontrado morto no quintal da casa onde morava em Governador Valadares"},"content":{"rendered":"<h4><em><strong>Homem foi encontrado no meio de um matagal pr\u00f3ximo a casa onde morava. Governador Valadares j\u00e1 registrou 108 homic\u00eddios em 2014.<\/strong><\/em><\/h4>\n<p>Um homem de 35 anos foi morto a tiros no in\u00edcio da tarde desta quarta-feira, 26 de novembro, no bairro JK 3, em Governador Valadares, no Leste de Minas Gerais. O corpo de Valdete pereira dos Santos foi encontrado no meio de um matagal pr\u00f3ximo da casa onde morava.<\/p>\n<p><img decoding=\"async\" src=\"http:\/\/aconteceunovale.com.br\/portal\/wp-content\/uploads\/2014\/11\/morto_gv_26_1.jpg\" alt=\"\" \/><em>Valdete foi encontrado no quintal de casa &#8211; Foto: Roberto Higino\/Caso de Pol\u00edcia<\/em><br \/>\n<\/br><\/p>\n<p>Segundo informa\u00e7\u00f5es da Pol\u00edcia Militar, a namorada da v\u00edtima relatou que estava chegando na casa, quando ouviu os disparos, mas n\u00e3o viu ningu\u00e9m.<\/p>\n<p>Ainda segundo a PM, vizinhos informaram aos policiais que atenderam a ocorr\u00eancia que a casa era frequentada por usu\u00e1rios de drogas. O tenente Elias de Oliveira disse que a \u00e1rea j\u00e1 \u00e9 conhecida da PM. \u201cFazemos diversas opera\u00e7\u00f5es no local e algumas pessoas j\u00e1 foram presas portando subst\u00e2ncias entorpecentes. A dificuldade aqui \u00e9 que o local fica pr\u00f3ximo ao rio, o que \u00e9 f\u00e1cil para as pessoas evadirem, mas constantemente a Pol\u00edcia Militar est\u00e1 desenvolvendo opera\u00e7\u00e3o no local\u201d, contou, acrescentando que a v\u00edtima j\u00e1 tinha passagens pela pol\u00edcia. <\/p>\n<p>O local foi isolado e a per\u00edcia, acionada. Ap\u00f3s os trabalhos de praxe, o perito constatou, aparentemente, um disparo de arma de fogo nas costas de Valdete. O corpo foi removido e encaminhado ao Posto de Per\u00edcia Integrada (PPI). <\/p>\n<h4>Tentativa de homic\u00eddio no Vila dos Montes<\/h4>\n<p>Um rapaz de 24 anos foi baleado na madrugada desta quarta-feira (26), na Rua Monte Sinai, no Bairro Vila dos Montes, em Governador Valadares. A v\u00edtima contou a Pol\u00edcia Militar que foi atender um chamado na porta de casa, quando foi atingida por dois tiros na coxa.<\/p>\n<p>De acordo com investiga\u00e7\u00f5es da pol\u00edcia, ap\u00f3s ser baleado o rapaz correu para dentro de casa, pegou uma arma e voltou para se defender. Mas, o suspeito j\u00e1 tinha fugido do local.<\/p>\n<p>A v\u00edtima foi encaminhada ao hospital e o estado de sa\u00fade \u00e9 est\u00e1vel. A motiva\u00e7\u00e3o do crime \u00e9 desconhecida. Segundo a PM, o rapaz teria agredido um homem h\u00e1 pouco tempo. At\u00e9 o momento ningu\u00e9m foi preso.<\/p>\n<p>As informa\u00e7\u00f5es s\u00e3o do Jornal <strong>Di\u00e1rio do Rio Doce<\/strong> e da <strong>Inter TV dos Vales<\/strong>.<\/p>\n","protected":false},"excerpt":{"rendered":"<p>Homem foi encontrado no meio de um matagal pr\u00f3ximo a casa onde morava. Governador Valadares j\u00e1 registrou 108 homic\u00eddios em 2014. Um homem de 35 anos foi morto a tiros no in\u00edcio da tarde desta quarta-feira, 26 de novembro, no bairro JK 3, em Governador Valadares, no Leste de Minas Gerais. O corpo de Valdete [&hellip;]<\/p>\n","protected":false},"author":1,"featured_media":46546,"comment_status":"open","ping_status":"closed","sticky":false,"template":"","format":"standard","meta":{"amp_status":"","footnotes":""},"categories":[121],"tags":[247,24506,24507],"class_list":["post-46545","post","type-post","status-publish","format-standard","has-post-thumbnail","hentry","category-leste","tag-governador-valadares","tag-homem-e-encontrado-morto-no-quintal-da-casa-onde-morava-em-governador-valadares","tag-valdete-pereira-dos-santos"],"_links":{"self":[{"href":"https:\/\/aconteceunovale.com.br\/portal\/index.php?rest_route=\/wp\/v2\/posts\/46545","targetHints":{"allow":["GET"]}}],"collection":[{"href":"https:\/\/aconteceunovale.com.br\/portal\/index.php?rest_route=\/wp\/v2\/posts"}],"about":[{"href":"https:\/\/aconteceunovale.com.br\/portal\/index.php?rest_route=\/wp\/v2\/types\/post"}],"author":[{"embeddable":true,"href":"https:\/\/aconteceunovale.com.br\/portal\/index.php?rest_route=\/wp\/v2\/users\/1"}],"replies":[{"embeddable":true,"href":"https:\/\/aconteceunovale.com.br\/portal\/index.php?rest_route=%2Fwp%2Fv2%2Fcomments&post=46545"}],"version-history":[{"count":0,"href":"https:\/\/aconteceunovale.com.br\/portal\/index.php?rest_route=\/wp\/v2\/posts\/46545\/revisions"}],"wp:featuredmedia":[{"embeddable":true,"href":"https:\/\/aconteceunovale.com.br\/portal\/index.php?rest_route=\/wp\/v2\/media\/46546"}],"wp:attachment":[{"href":"https:\/\/aconteceunovale.com.br\/portal\/index.php?rest_route=%2Fwp%2Fv2%2Fmedia&parent=46545"}],"wp:term":[{"taxonomy":"category","embeddable":true,"href":"https:\/\/aconteceunovale.com.br\/portal\/index.php?rest_route=%2Fwp%2Fv2%2Fcategories&post=46545"},{"taxonomy":"post_tag","embeddable":true,"href":"https:\/\/aconteceunovale.com.br\/portal\/index.php?rest_route=%2Fwp%2Fv2%2Ftags&post=46545"}],"curies":[{"name":"wp","href":"https:\/\/api.w.org\/{rel}","templated":true}]}}