{"id":46542,"date":"2014-11-26T19:45:14","date_gmt":"2014-11-26T22:45:14","guid":{"rendered":"http:\/\/aconteceunovale.com.br\/portal\/?p=46542"},"modified":"2014-11-26T19:45:14","modified_gmt":"2014-11-26T22:45:14","slug":"homem-e-morto-dentro-de-bar-em-coronel-fabriciano","status":"publish","type":"post","link":"https:\/\/aconteceunovale.com.br\/portal\/?p=46542","title":{"rendered":"Homem \u00e9 morto dentro de bar em Coronel Fabriciano"},"content":{"rendered":"<h4><strong><em>Ele estava comprando cacha\u00e7a e mandioca quando foi atingido. Fam\u00edlia diz que homem era usu\u00e1rio de drogas e havia sido amea\u00e7ado.<\/em><\/strong><\/h4>\n<p>Um homem de 46 anos foi morto a tiros na manh\u00e3 desta quarta-feira, 26 de novembro, dentro de um bar no bairro Contente, em Coronel Fabriciano, no Vale do A\u00e7o. De acordo com informa\u00e7\u00f5es da testemunha, Jos\u00e9 Greg\u00f3rio de Almeida foi at\u00e9 um bar, na rua Taguara, comprar cacha\u00e7a e um peda\u00e7o de mandioca. Ele foi alvejado por tr\u00eas tiros e morreu no local.<\/p>\n<p><img decoding=\"async\" src=\"http:\/\/aconteceunovale.com.br\/portal\/wp-content\/uploads\/2014\/11\/vitima_fabri_26.jpg\" alt=\"\" \/><em>Jos\u00e9 Greg\u00f3rio de Almeida foi assassinado a tiros &#8211; Foto: Jota Passos\/Plant\u00e3o Policial<\/em><br \/>\n<\/br><\/p>\n<p>A testemunha que atendeu a v\u00edtima no bar disse que saiu do local e foi at\u00e9 os fundos, e ouviu o barulho de tiros. Quando voltou, a v\u00edtima j\u00e1 estava ca\u00edda no ch\u00e3o, sem vida, e um homem com capuz estava fugindo do local.<\/p>\n<p>A Pol\u00edcia Militar foi acionada e entrou em contato com a fam\u00edlia da v\u00edtima. A irm\u00e3 da v\u00edtima disse que seu irm\u00e3o era usu\u00e1rio de drogas e j\u00e1 havia sofrido amea\u00e7a de morte por d\u00edvidas no tr\u00e1fico.<\/p>\n<p>A per\u00edcia compareceu ao local e confirmou que a v\u00edtima sofreu os tr\u00eas disparos de arma de fogo, um no nariz e dois na nuca. Ap\u00f3s os trabalhos da per\u00edcia, o corpo foi liberado e encaminhado para o Instituto M\u00e9dico Legal de Ipatinga. A pol\u00edcia realizou um rastreamento, mas at\u00e9 o momento ningu\u00e9m foi preso. (G1)<\/p>\n","protected":false},"excerpt":{"rendered":"<p>Ele estava comprando cacha\u00e7a e mandioca quando foi atingido. Fam\u00edlia diz que homem era usu\u00e1rio de drogas e havia sido amea\u00e7ado. Um homem de 46 anos foi morto a tiros na manh\u00e3 desta quarta-feira, 26 de novembro, dentro de um bar no bairro Contente, em Coronel Fabriciano, no Vale do A\u00e7o. De acordo com informa\u00e7\u00f5es [&hellip;]<\/p>\n","protected":false},"author":1,"featured_media":46543,"comment_status":"open","ping_status":"closed","sticky":false,"template":"","format":"standard","meta":{"amp_status":"","footnotes":""},"categories":[121],"tags":[1524,24504,24505],"class_list":["post-46542","post","type-post","status-publish","format-standard","has-post-thumbnail","hentry","category-leste","tag-coronel-fabriciano","tag-homem-e-morto-dentro-de-bar-em-coronel-fabriciano","tag-jose-gregorio-de-almeida"],"_links":{"self":[{"href":"https:\/\/aconteceunovale.com.br\/portal\/index.php?rest_route=\/wp\/v2\/posts\/46542","targetHints":{"allow":["GET"]}}],"collection":[{"href":"https:\/\/aconteceunovale.com.br\/portal\/index.php?rest_route=\/wp\/v2\/posts"}],"about":[{"href":"https:\/\/aconteceunovale.com.br\/portal\/index.php?rest_route=\/wp\/v2\/types\/post"}],"author":[{"embeddable":true,"href":"https:\/\/aconteceunovale.com.br\/portal\/index.php?rest_route=\/wp\/v2\/users\/1"}],"replies":[{"embeddable":true,"href":"https:\/\/aconteceunovale.com.br\/portal\/index.php?rest_route=%2Fwp%2Fv2%2Fcomments&post=46542"}],"version-history":[{"count":0,"href":"https:\/\/aconteceunovale.com.br\/portal\/index.php?rest_route=\/wp\/v2\/posts\/46542\/revisions"}],"wp:featuredmedia":[{"embeddable":true,"href":"https:\/\/aconteceunovale.com.br\/portal\/index.php?rest_route=\/wp\/v2\/media\/46543"}],"wp:attachment":[{"href":"https:\/\/aconteceunovale.com.br\/portal\/index.php?rest_route=%2Fwp%2Fv2%2Fmedia&parent=46542"}],"wp:term":[{"taxonomy":"category","embeddable":true,"href":"https:\/\/aconteceunovale.com.br\/portal\/index.php?rest_route=%2Fwp%2Fv2%2Fcategories&post=46542"},{"taxonomy":"post_tag","embeddable":true,"href":"https:\/\/aconteceunovale.com.br\/portal\/index.php?rest_route=%2Fwp%2Fv2%2Ftags&post=46542"}],"curies":[{"name":"wp","href":"https:\/\/api.w.org\/{rel}","templated":true}]}}