{"id":46539,"date":"2014-11-26T19:33:00","date_gmt":"2014-11-26T22:33:00","guid":{"rendered":"http:\/\/aconteceunovale.com.br\/portal\/?p=46539"},"modified":"2014-11-26T19:33:00","modified_gmt":"2014-11-26T22:33:00","slug":"especialista-esclarece-duvidas-de-homens-e-mulheres-sobre-o-cancer-de-prostata","status":"publish","type":"post","link":"https:\/\/aconteceunovale.com.br\/portal\/?p=46539","title":{"rendered":"Especialista esclarece d\u00favidas de homens e mulheres sobre o c\u00e2ncer de pr\u00f3stata"},"content":{"rendered":"<h4><strong><em>Palestra integra a agenda da Campanha Novembro Azul. Quest\u00f5es como import\u00e2ncia dos exames de rastreamento e fatores de risco foram abordadas<\/em><\/strong><\/h4>\n<p>A sala 116 do Centro de Especialidades M\u00e9dicas (CEM), em Belo Horizonte, se tornou um espa\u00e7o de troca de experi\u00eancias e aprendizado na tarde desta ter\u00e7a-feira (25\/11). Um bate-papo de clima intimista, com homens \u00e0 vontade, fazendo perguntas e tirando d\u00favidas sobre o c\u00e2ncer de pr\u00f3stata embalou a palestra da campanha Novembro Azul, ministrada pelo m\u00e9dico coordenador da cl\u00ednica de urologia do Ipsemg, Rafael Jacob.<\/p>\n<p><img decoding=\"async\" src=\"http:\/\/aconteceunovale.com.br\/portal\/wp-content\/uploads\/2014\/11\/orientacao_idosos.jpg\" alt=\"\" \/><em>Rafael Jacob, ratificou a import\u00e2ncia dos homens visitarem o urologista &#8211; Foto: Divulga\u00e7\u00e3o<\/em><br \/>\n<\/br><\/p>\n<p>Quest\u00f5es como import\u00e2ncia dos exames de rastreamento, fatores de risco e tratamento da doen\u00e7a foram abordadas detalhadamente, o que agradou ao servidor Fernando Coelho. \u201cA vontade de fazer a preven\u00e7\u00e3o \u00e9 at\u00e9 maior, o m\u00e9dico foi seguro e eu achei muito boa a palestra\u201d, disse.<\/p>\n<p>Segundo  Rafael Jacob, n\u00e3o h\u00e1 uma defini\u00e7\u00e3o do que pode gerar o c\u00e2ncer de pr\u00f3stata, por isso \u00e9 importante que os homens fiquem atentos aos fatores de risco relacionados \u00e0 idade e ao hist\u00f3rico familiar, al\u00e9m dos h\u00e1bitos alimentares. O sedentarismo, tabagismo e o consumo de \u00e1lcool tamb\u00e9m podem desencadear o desenvolvimento desta e de outras doen\u00e7as.<\/p>\n<p>Mulheres tamb\u00e9m estiveram presentes na palestra. Neusarina de Jesus acompanhou o marido Jos\u00e9 Geraldo da Silva e destacou o interesse em saber sobre o assunto e o incentivo ao marido para se consultar e fazer a preven\u00e7\u00e3o. \u201cPude entender algumas quest\u00f5es hoje. Eu lia sobre o assunto, mas n\u00e3o entendia muito bem,\u201d disse a acompanhante.<\/p>\n<p>Por outro lado, o marido comenta que &#8220;a mulher vai mais ao ginecologista que os homens ao urologista\u201d. Jos\u00e9 Geraldo acredita que as mulheres est\u00e3o muito a frente dos homens quanto \u00e0 preven\u00e7\u00e3o de doen\u00e7as e a realiza\u00e7\u00e3o de consultas peri\u00f3dicas, por isso \u00e9 importante a participa\u00e7\u00e3o dos dois nas palestras de conscientiza\u00e7\u00e3o.<\/p>\n<p>Atualmente v\u00e1rios homens ainda t\u00eam receio de visitar o urologista e fazer os exames necess\u00e1rios para o rastreamento da doen\u00e7a. Fernando Coelho acredita que isso est\u00e1 mudando. \u201c\u00c9 necess\u00e1rio que tenha essa preven\u00e7\u00e3o. Todo homem tem que se conscientizar. Se ele assiste a uma palestra dessa, tem ainda mais vontade de fazer os exames e ficar em dia com a sa\u00fade. Se deixar de fazer \u00e9 deprimente, o melhor que se tem a fazer \u00e9 prevenir\u201d, disse.<\/p>\n<p>O especialista na \u00e1rea, Rafael Jacob, ratificou a import\u00e2ncia dos homens visitarem o urologista pelo menos uma vez ao ano, pois apesar de campanhas como o Novembro Azul ajudarem no esclarecimento sobre o c\u00e2ncer de pr\u00f3stata, o esclarecimento com o m\u00e9dico \u00e9 o mais indicado.<\/p>\n<p><strong><em>(Ag\u00eancia Minas)<\/em><\/strong><\/p>\n","protected":false},"excerpt":{"rendered":"<p>Palestra integra a agenda da Campanha Novembro Azul. Quest\u00f5es como import\u00e2ncia dos exames de rastreamento e fatores de risco foram abordadas A sala 116 do Centro de Especialidades M\u00e9dicas (CEM), em Belo Horizonte, se tornou um espa\u00e7o de troca de experi\u00eancias e aprendizado na tarde desta ter\u00e7a-feira (25\/11). Um bate-papo de clima intimista, com homens [&hellip;]<\/p>\n","protected":false},"author":1,"featured_media":46540,"comment_status":"open","ping_status":"closed","sticky":false,"template":"","format":"standard","meta":{"amp_status":"","footnotes":""},"categories":[123],"tags":[194,21108,21110,24502,24501,901,24503],"class_list":["post-46539","post","type-post","status-publish","format-standard","has-post-thumbnail","hentry","category-gerais","tag-belo-horizonte","tag-campanha-novembro-azul","tag-cancer-de-prostata","tag-centro-de-especialidades-medicas","tag-especialista-esclarece-duvidas-de-homens-e-mulheres-sobre-o-cancer-de-prostata","tag-ipsemg","tag-rafael-jacob"],"_links":{"self":[{"href":"https:\/\/aconteceunovale.com.br\/portal\/index.php?rest_route=\/wp\/v2\/posts\/46539","targetHints":{"allow":["GET"]}}],"collection":[{"href":"https:\/\/aconteceunovale.com.br\/portal\/index.php?rest_route=\/wp\/v2\/posts"}],"about":[{"href":"https:\/\/aconteceunovale.com.br\/portal\/index.php?rest_route=\/wp\/v2\/types\/post"}],"author":[{"embeddable":true,"href":"https:\/\/aconteceunovale.com.br\/portal\/index.php?rest_route=\/wp\/v2\/users\/1"}],"replies":[{"embeddable":true,"href":"https:\/\/aconteceunovale.com.br\/portal\/index.php?rest_route=%2Fwp%2Fv2%2Fcomments&post=46539"}],"version-history":[{"count":0,"href":"https:\/\/aconteceunovale.com.br\/portal\/index.php?rest_route=\/wp\/v2\/posts\/46539\/revisions"}],"wp:featuredmedia":[{"embeddable":true,"href":"https:\/\/aconteceunovale.com.br\/portal\/index.php?rest_route=\/wp\/v2\/media\/46540"}],"wp:attachment":[{"href":"https:\/\/aconteceunovale.com.br\/portal\/index.php?rest_route=%2Fwp%2Fv2%2Fmedia&parent=46539"}],"wp:term":[{"taxonomy":"category","embeddable":true,"href":"https:\/\/aconteceunovale.com.br\/portal\/index.php?rest_route=%2Fwp%2Fv2%2Fcategories&post=46539"},{"taxonomy":"post_tag","embeddable":true,"href":"https:\/\/aconteceunovale.com.br\/portal\/index.php?rest_route=%2Fwp%2Fv2%2Ftags&post=46539"}],"curies":[{"name":"wp","href":"https:\/\/api.w.org\/{rel}","templated":true}]}}