{"id":46536,"date":"2014-11-26T19:23:52","date_gmt":"2014-11-26T22:23:52","guid":{"rendered":"http:\/\/aconteceunovale.com.br\/portal\/?p=46536"},"modified":"2014-11-26T19:23:52","modified_gmt":"2014-11-26T22:23:52","slug":"duas-instituicoes-do-vale-do-jequitinhonha-sao-contempladas-com-o-premio-mais-vida","status":"publish","type":"post","link":"https:\/\/aconteceunovale.com.br\/portal\/?p=46536","title":{"rendered":"Duas institui\u00e7\u00f5es do Vale do Jequitinhonha s\u00e3o contempladas com o pr\u00eamio Mais Vida"},"content":{"rendered":"<h4><strong><em>Lar dos Idosos Mali Martin de Itamarandiba, Asilo S\u00e3o Vicente de Paulo de Rubim e outras 13 institui\u00e7\u00f5es contempladas com pr\u00eamio Mais Vida receberam juntas R$2 milh\u00f5es em recursos estaduais.<\/em><\/strong><\/h4>\n<p>A solenidade de entrega do 4\u00ba Pr\u00eamio Mais Vida, realizada nessa quarta-feira (26\/11), \u00e0s 14h, na Cidade Administrativa, premiou 15 entidades que apresentaram melhor desempenho na qualidade das a\u00e7\u00f5es em sa\u00fade ofertadas aos idosos residentes em 2014. Cada Institui\u00e7\u00e3o de Longa Perman\u00eancia para Idosos (ILPI) recebeu R$ 133 mil, para serem utilizados na qualifica\u00e7\u00e3o dos profissionais e melhorias da estrutura f\u00edsica e servi\u00e7os.<\/p>\n<p><img decoding=\"async\" src=\"http:\/\/aconteceunovale.com.br\/portal\/wp-content\/uploads\/2014\/11\/instituicoes-de-longa-permanencia-para-idosos-sao-premiadas-em-minas.jpg\" alt=\"\" \/><em>IV Pr\u00eamio Mais Vida \u00e9 entregue a 15 institui\u00e7\u00f5es &#8211; Foto: Marcus Ferreira\/Ag\u00eancia Minas<\/em><br \/>\n<\/br><\/p>\n<p>\u201dOs avan\u00e7os na \u00e1rea da ci\u00eancia e da medicina proporcionou o prolongamento de anos de vida da nossa popula\u00e7\u00e3o. Os m\u00e9todos de diagn\u00f3sticos, os tratamentos de combate ao c\u00e2ncer, as a\u00e7\u00f5es e pol\u00edticas p\u00fablicas na \u00e1rea da sa\u00fade permitiram um maior tempo de vida. A quarta edi\u00e7\u00e3o desse pr\u00eamio \u00e9 uma dessas a\u00e7\u00f5es que vem colaborar para que a nossa popula\u00e7\u00e3o idosa e residente em Casas de Longa Perman\u00eancia tenham mais sa\u00fade e qualidade de vida\u201c, disse o Secret\u00e1rio-adjunto da Secretaria de Estado de Sa\u00fade de Minas Gerais, Wagner Ferreira, refor\u00e7ando a import\u00e2ncia das ILPIs no cuidado integral dos idosos residentes.<\/p>\n<p>Complementando, a coordenadora estadual de Aten\u00e7\u00e3o ao Idoso da SES-MG e Presidente do Conselho Estadual do Idoso, Eliana Bandeira, informou que desde 2011, primeira edi\u00e7\u00e3o do Pr\u00eamio Mais Vida, cerca de 45 institui\u00e7\u00f5es foram beneficiadas, contemplando quase todas as regi\u00f5es do Estado.<\/p>\n<p>Para o presidente da Casa de repouso Cristo Rei, M\u00e1rcio Henrique Soares, que falou em nome de todas as institui\u00e7\u00f5es presentes, o pr\u00eamio chegou em boa hora. \u201cRecebermos esse reconhecimento \u00e9 de grande valia para todos n\u00f3s que cuidamos dos idosos em nosso Estado. \u00c9 uma popula\u00e7\u00e3o que precisa de cuidados e aten\u00e7\u00e3o. Esse incentivo ir\u00e1 proporcionar melhorias nas institui\u00e7\u00f5es e qualidade de vida para essas pessoas\u201d, enfatizou.<\/p>\n<p>O jornalista e residente do Asilo Padre Ant\u00f4nio Ribeiro Pinto, Valdir Rodrigues, disse que, em seus 80 anos de idade e experi\u00eancia, encontrou na Casa de Longa Perman\u00eancia para Idosos tudo que uma pessoa precisa para concluir o seu ciclo de vida. \u201dEstar no Asilo foi a melhor coisa que me aconteceu. J\u00e1 vivi muitas coisas na minha vida, fui locutor esportivo, trabalhei muitos anos na r\u00e1dio Itatiaia, casei, criei os meus filhos e agora no final me encontrei em Rio Casca. H\u00e1 seis anos tenho tudo que preciso, tenho cama, comida, m\u00e9dico, amigos, liberdade, tenho um grande lar\u201d, finalizou.<\/p>\n<h4>Popula\u00e7\u00e3o Idosa em Minas<\/h4>\n<p>Dados do Censo Demogr\u00e1fico, realizado pelo IBGE, estimam-se que em Minas existam mais de 2 milh\u00f5es de idosos, ou seja, 10%  da popula\u00e7\u00e3o est\u00e3o com idade de 65 anos ou mais. Destes, mais de 15 mil vivem em uma das 757 Institui\u00e7\u00f5es de Longa Perman\u00eancia para Idosos existentes no Estado.<\/p>\n<h4>Institui\u00e7\u00f5es premiadas<\/h4>\n<p>As 15 institui\u00e7\u00f5es premiadas para este ano foram: Abrigo Ant\u00f4nia Duarte Caixeta (Lagamar), Abrigo Cristo Rei (Araguari), Associa\u00e7\u00e3o Municipal de Apoio ao Idoso- AMAI de Prados (Prados), Associa\u00e7\u00e3o Beneficente de Amparo aos Idosos (Garaciaba), Associa\u00e7\u00e3o das Senhoras Christ\u00e3s de Alto Jequitib\u00e1 (Alto Jequitib\u00e1), Lar dos Idosos Mali Martin (Itamarandiba), Comunidade S\u00e3o Vicente de Paulo (Araguari), Funda\u00e7\u00e3o Beneficente S\u00e3o Jo\u00e3o da Esc\u00f3cia (Passos), Lar do idoso Frederico Ozanam (Carmo do Rio Claro), Lar para Idosos Solar de Andr\u00e9 (Alpercata), Lar Nossa Senhora das Gra\u00e7as (Po\u00e7o Fundo), Lar S\u00e3o Vicente de Paulo (Paragua\u00e7u), Asilo Padre Ant\u00f4nio Ribeiro Pinto (Rio Casca), Asilo Paroquial Francisco Lima de Souza Dias (Arceburgo) e Asilo S\u00e3o Vicente de Paulo (Rubim).<\/p>\n","protected":false},"excerpt":{"rendered":"<p>Lar dos Idosos Mali Martin de Itamarandiba, Asilo S\u00e3o Vicente de Paulo de Rubim e outras 13 institui\u00e7\u00f5es contempladas com pr\u00eamio Mais Vida receberam juntas R$2 milh\u00f5es em recursos estaduais. A solenidade de entrega do 4\u00ba Pr\u00eamio Mais Vida, realizada nessa quarta-feira (26\/11), \u00e0s 14h, na Cidade Administrativa, premiou 15 entidades que apresentaram melhor desempenho [&hellip;]<\/p>\n","protected":false},"author":1,"featured_media":46537,"comment_status":"open","ping_status":"closed","sticky":false,"template":"","format":"standard","meta":{"amp_status":"","footnotes":""},"categories":[120],"tags":[24480,24481,274,24486,24483,1490,13209,24496,24497,24498,24484,24485,24482,24491,24488,24499,24489,1771,149,24500,1684,24490,24487,24493,24492,24495,12267,213,24494,1767,1556,407],"class_list":["post-46536","post","type-post","status-publish","format-standard","has-post-thumbnail","hentry","category-jequi","tag-abrigo-antonia-duarte-caixeta","tag-abrigo-cristo-rei","tag-alpercata","tag-alto-jequitiba","tag-amai-de-prados","tag-araguari","tag-arceburgo","tag-asilo-padre-antonio-ribeiro-pinto","tag-asilo-paroquial-francisco-lima-de-souza-dias","tag-asilo-sao-vicente-de-paulo","tag-associacao-beneficente-de-amparo-aos-idosos","tag-associacao-das-senhoras-christas-de-alto-jequitiba","tag-associacao-municipal-de-apoio-ao-idoso","tag-carmo-do-rio-claro","tag-comunidade-sao-vicente-de-paulo","tag-duas-instituicoes-do-vale-do-jequitinhonha-sao-contempladas-com-o-premio-mais-vida","tag-fundacao-beneficente-sao-joao-da-escocia","tag-guaraciaba","tag-itamarandiba","tag-iv-premio-mais-vida","tag-lagamar","tag-lar-do-idoso-frederico-ozanam","tag-lar-dos-idosos-mali-martin","tag-lar-nossa-senhora-das-gracas","tag-lar-para-idosos-solar-de-andre","tag-lar-sao-vicente-de-paulo","tag-paraguacu","tag-passos","tag-poco-fundo","tag-prados","tag-rio-casca","tag-rubim"],"_links":{"self":[{"href":"https:\/\/aconteceunovale.com.br\/portal\/index.php?rest_route=\/wp\/v2\/posts\/46536","targetHints":{"allow":["GET"]}}],"collection":[{"href":"https:\/\/aconteceunovale.com.br\/portal\/index.php?rest_route=\/wp\/v2\/posts"}],"about":[{"href":"https:\/\/aconteceunovale.com.br\/portal\/index.php?rest_route=\/wp\/v2\/types\/post"}],"author":[{"embeddable":true,"href":"https:\/\/aconteceunovale.com.br\/portal\/index.php?rest_route=\/wp\/v2\/users\/1"}],"replies":[{"embeddable":true,"href":"https:\/\/aconteceunovale.com.br\/portal\/index.php?rest_route=%2Fwp%2Fv2%2Fcomments&post=46536"}],"version-history":[{"count":0,"href":"https:\/\/aconteceunovale.com.br\/portal\/index.php?rest_route=\/wp\/v2\/posts\/46536\/revisions"}],"wp:featuredmedia":[{"embeddable":true,"href":"https:\/\/aconteceunovale.com.br\/portal\/index.php?rest_route=\/wp\/v2\/media\/46537"}],"wp:attachment":[{"href":"https:\/\/aconteceunovale.com.br\/portal\/index.php?rest_route=%2Fwp%2Fv2%2Fmedia&parent=46536"}],"wp:term":[{"taxonomy":"category","embeddable":true,"href":"https:\/\/aconteceunovale.com.br\/portal\/index.php?rest_route=%2Fwp%2Fv2%2Fcategories&post=46536"},{"taxonomy":"post_tag","embeddable":true,"href":"https:\/\/aconteceunovale.com.br\/portal\/index.php?rest_route=%2Fwp%2Fv2%2Ftags&post=46536"}],"curies":[{"name":"wp","href":"https:\/\/api.w.org\/{rel}","templated":true}]}}