{"id":46521,"date":"2014-11-26T18:06:22","date_gmt":"2014-11-26T21:06:22","guid":{"rendered":"http:\/\/aconteceunovale.com.br\/portal\/?p=46521"},"modified":"2014-11-26T18:06:22","modified_gmt":"2014-11-26T21:06:22","slug":"estamos-conectados-e-o-tema-do-iv-encontro-de-comunicadores-do-vale-do-jequitinhonha","status":"publish","type":"post","link":"https:\/\/aconteceunovale.com.br\/portal\/?p=46521","title":{"rendered":"Estamos Conectados \u00e9 o tema do IV Encontro de Comunicadores do Vale do Jequitinhonha"},"content":{"rendered":"<h4><strong><em>IV Encontro de Comunicadores do Vale do Jequitinhonha acontecer\u00e1 durante os dias 23, 24 e 25 de janeiro de 2015, em Pedra Azul, munic\u00edpio do Vale do Jequitinhonha.<\/em><\/strong><\/h4>\n<p>O tema, \u201cEstamos Conectad@s?\u201d, sintetiza os objetivos desta quarta edi\u00e7\u00e3o: trazer o debate acerca dos problemas enfrentados na elabora\u00e7\u00e3o de produ\u00e7\u00f5es midi\u00e1ticas no Vale e apresentar alternativas para esses desafios.<\/p>\n<p>Organizado pelo Programa Polo de Integra\u00e7\u00e3o da UFMG no Vale do Jequitinhonha, o evento reunir\u00e1 docentes da UFMG, coordenadores de projetos do Programa Polo, integrantes de ONG\u2019s que trabalham com a forma\u00e7\u00e3o em comunica\u00e7\u00e3o na regi\u00e3o, jovens envolvidos com a produ\u00e7\u00e3o midi\u00e1tica no Vale e comunicadores, como radialistas, blogueiros, jornalistas e comunicadores populares de diversos munic\u00edpios.<\/p>\n<p>O Encontro de Comunicadores \u00e9 de grande import\u00e2ncia para o fortalecimento das a\u00e7\u00f5es de pesquisa e extens\u00e3o do Polo Jequitinhonha no Vale, aproximando o Programa ao p\u00fablico da regi\u00e3o.<\/p>\n<p>O evento tem o intuito de promover a discuss\u00e3o acerca do acesso p\u00fablico \u00e0s m\u00eddias, contando com uma programa\u00e7\u00e3o que envolve mesas redondas e oficinas que apresentar\u00e3o alternativas \u00e0s ferramentas de comunica\u00e7\u00e3o menos acess\u00edveis aos comunicadores que atuam no Vale.<\/p>\n<p><img decoding=\"async\" src=\"http:\/\/aconteceunovale.com.br\/portal\/wp-content\/uploads\/2013\/11\/pedra_azul.jpg\" alt=\"\" \/><em>Pedra Azul ser\u00e1 a 4\u00aa cidade do Vale a sediar o Encontro de Comunicadores &#8211; Foto: Reprodu\u00e7\u00e3o<\/em><br \/>\n<\/br><\/p>\n<h4>Temas<\/h4>\n<p>As mesas de discuss\u00e3o acontecer\u00e3o nos dias 23 e 25, abordando os temas \u201cDiscuss\u00e3o da rede: estamos mesmo conectados?\u201d e \u201cComunica\u00e7\u00e3o alternativa: formas de se comunicar que fogem ao convencional\u201d, respectivamente.<\/p>\n<p>Durante o dia 24 ser\u00e3o ministradas as nove oficinas: Oficina de Cobertura Midi\u00e1tica do IV Encontro de Comunicadores do Vale do Jequitinhonha, Oficina de M\u00eddia T\u00e1tica, Oficina de Publica\u00e7\u00f5es Liter\u00e1rias Independentes, Oficina de Fotografia, Oficina de Produ\u00e7\u00e3o de Conte\u00fado para Web R\u00e1dio, Oficina de Graffiti, Oficina de Web Jornalismo, Oficina de Edi\u00e7\u00e3o e Tratamento de Imagens em Programas Gratuitos e Oficina de Produ\u00e7\u00e3o Cultural Colaborativa.<\/p>\n<p>Ap\u00f3s a mostra das oficinas, est\u00e1 prevista a realiza\u00e7\u00e3o de um Sarau Cultural.<\/p>\n<h4>Oficinas<\/h4>\n<p>A Oficina de Cobertura Midi\u00e1tica, trabalhando com base no conte\u00fado gerado no Encontro, orientar\u00e1 os participantes na realiza\u00e7\u00e3o da cobertura jornal\u00edstica do evento a partir de duas dimens\u00f5es: o di\u00e1logo com o p\u00fablico de Pedra Azul, buscando informar e integrar a popula\u00e7\u00e3o nas atividades do Encontro, e a produ\u00e7\u00e3o de materiais de registro, como fotografias, \u00e1udios, v\u00eddeos e textos.<\/p>\n<p>A Oficina de M\u00eddia T\u00e1tica tem como objetivo demonstrar e experimentar as diferentes formas de comunica\u00e7\u00e3o, criando espa\u00e7os para cria\u00e7\u00e3o, recombina\u00e7\u00e3o e informa\u00e7\u00e3o.<\/p>\n<p>A Oficina de Publica\u00e7\u00f5es Liter\u00e1rias Independentes guiar\u00e1 os participantes no desenvolvimento de suas pr\u00f3prias publica\u00e7\u00f5es, a partir de textos e imagens constru\u00eddos no Encontro e na Oficina de Fotografia que, por sua vez, apresentar\u00e1 os conceitos b\u00e1sicos da fotografia e produzir\u00e1 material a ser exposto durante o evento.<\/p>\n<p>Ainda abordando a fotografia, a Oficina de Tratamento e Edi\u00e7\u00e3o de Imagens em Programas Gratuitos orientar\u00e1 os participantes no uso de programas como Photoscape e Picasa.<\/p>\n<p>Sobre as Oficinas de Produ\u00e7\u00e3o de Conte\u00fado para Web R\u00e1dio e de Web Jornalismo, elas visam \u00e0 produ\u00e7\u00e3o de conte\u00fado para a internet a partir da elabora\u00e7\u00e3o de diferentes programas de r\u00e1dios (podcasts, spots, entre outros) e do debate sobre a utiliza\u00e7\u00e3o de redes sociais (Twitter, Tumblr, Facebook, entre outros).<\/p>\n<p>A Oficina de Graffiti, por sua vez, proporcionar\u00e1 a experi\u00eancia da constru\u00e7\u00e3o coletiva na produ\u00e7\u00e3o de um painel imag\u00e9tico, n\u00e3o sendo necess\u00e1rio que o participante possua habilidades para desenho.<\/p>\n<p>Por fim, a Oficina de Produ\u00e7\u00e3o Cultural apresentar\u00e1 o papel do produtor cultural e potencializar\u00e1 as a\u00e7\u00f5es dos participantes de forma horizontal a partir do trabalho colaborativo.<\/p>\n<p>O n\u00famero m\u00e1ximo de participantes para cada oficina \u00e9 em torno de 15 a 20 pessoas. O encerramento do evento ser\u00e1 realizado com uma plen\u00e1ria que retomar\u00e1 e discutir\u00e1 as atividades desenvolvidas ao longo dos tr\u00eas dias de programa\u00e7\u00e3o e definir\u00e1 o assunto e local que sediar\u00e1 o pr\u00f3ximo Encontro.<\/p>\n<p><strong><em>(Fonte: UFMG)<\/em><\/strong><\/p>\n","protected":false},"excerpt":{"rendered":"<p>IV Encontro de Comunicadores do Vale do Jequitinhonha acontecer\u00e1 durante os dias 23, 24 e 25 de janeiro de 2015, em Pedra Azul, munic\u00edpio do Vale do Jequitinhonha. O tema, \u201cEstamos Conectad@s?\u201d, sintetiza os objetivos desta quarta edi\u00e7\u00e3o: trazer o debate acerca dos problemas enfrentados na elabora\u00e7\u00e3o de produ\u00e7\u00f5es midi\u00e1ticas no Vale e apresentar alternativas [&hellip;]<\/p>\n","protected":false},"author":1,"featured_media":13709,"comment_status":"open","ping_status":"closed","sticky":false,"template":"","format":"standard","meta":{"amp_status":"","footnotes":""},"categories":[120],"tags":[24473,24471,24472,455],"class_list":["post-46521","post","type-post","status-publish","format-standard","has-post-thumbnail","hentry","category-jequi","tag-encontro-de-comunicadores-do-vale-do-jequitinhonha","tag-estamos-conectados-e-o-tema-do-iv-encontro-de-comunicadores-do-vale-do-jequitinhonha","tag-iv-encontro-de-comunicadores-do-vale-do-jequitinhonha","tag-pedra-azul"],"_links":{"self":[{"href":"https:\/\/aconteceunovale.com.br\/portal\/index.php?rest_route=\/wp\/v2\/posts\/46521","targetHints":{"allow":["GET"]}}],"collection":[{"href":"https:\/\/aconteceunovale.com.br\/portal\/index.php?rest_route=\/wp\/v2\/posts"}],"about":[{"href":"https:\/\/aconteceunovale.com.br\/portal\/index.php?rest_route=\/wp\/v2\/types\/post"}],"author":[{"embeddable":true,"href":"https:\/\/aconteceunovale.com.br\/portal\/index.php?rest_route=\/wp\/v2\/users\/1"}],"replies":[{"embeddable":true,"href":"https:\/\/aconteceunovale.com.br\/portal\/index.php?rest_route=%2Fwp%2Fv2%2Fcomments&post=46521"}],"version-history":[{"count":0,"href":"https:\/\/aconteceunovale.com.br\/portal\/index.php?rest_route=\/wp\/v2\/posts\/46521\/revisions"}],"wp:featuredmedia":[{"embeddable":true,"href":"https:\/\/aconteceunovale.com.br\/portal\/index.php?rest_route=\/wp\/v2\/media\/13709"}],"wp:attachment":[{"href":"https:\/\/aconteceunovale.com.br\/portal\/index.php?rest_route=%2Fwp%2Fv2%2Fmedia&parent=46521"}],"wp:term":[{"taxonomy":"category","embeddable":true,"href":"https:\/\/aconteceunovale.com.br\/portal\/index.php?rest_route=%2Fwp%2Fv2%2Fcategories&post=46521"},{"taxonomy":"post_tag","embeddable":true,"href":"https:\/\/aconteceunovale.com.br\/portal\/index.php?rest_route=%2Fwp%2Fv2%2Ftags&post=46521"}],"curies":[{"name":"wp","href":"https:\/\/api.w.org\/{rel}","templated":true}]}}