{"id":46514,"date":"2014-11-26T17:46:37","date_gmt":"2014-11-26T20:46:37","guid":{"rendered":"http:\/\/aconteceunovale.com.br\/portal\/?p=46514"},"modified":"2014-11-26T17:46:37","modified_gmt":"2014-11-26T20:46:37","slug":"jovem-sofre-fratura-na-clavicula-apos-bater-em-cavalo-proximo-a-aracuai","status":"publish","type":"post","link":"https:\/\/aconteceunovale.com.br\/portal\/?p=46514","title":{"rendered":"Jovem sofre fratura na clav\u00edcula ap\u00f3s bater em cavalo pr\u00f3ximo a Ara\u00e7ua\u00ed"},"content":{"rendered":"<h4><strong><em>Motociclista sofreu fratura na clav\u00edcula e foi socorrido por uma equipe do SAMU.<\/em><\/strong><\/h4>\n<p>Um rapaz de 20 anos ficou ferido ap\u00f3s bater a motocicleta que conduzia contra um cavalo na noite de ter\u00e7a-feira, 25 de novembro, na altura do quil\u00f4metro 10 da LMG-676, entre Ara\u00e7ua\u00ed e Francisco Badar\u00f3, no Vale do Jequitinhonha.<\/p>\n<p>Com o impacto da colis\u00e3o, o animal teve um corte profundo na barriga e morreu no local. O motociclista Andr\u00e9 Pinheiro Santos foi socorrido pelo Servi\u00e7o de Atendimento M\u00f3vel de Urg\u00eancia (SAMU) e levado para o hospital S\u00e3o Vicente, onde foi constatada a fratura da clav\u00edcula e escoria\u00e7\u00f5es nas m\u00e3os e p\u00e9s.<\/p>\n<p>A Pol\u00edcia Militar Rodovi\u00e1ria vai utilizar as marcas de identifica\u00e7\u00e3o do cavalo, para tentar localizar o propriet\u00e1rio. Segundo a PMRv, o motociclista n\u00e3o possui habilita\u00e7\u00e3o.<\/p>\n<p><img decoding=\"async\" src=\"http:\/\/aconteceunovale.com.br\/portal\/wp-content\/uploads\/2014\/11\/acidente_ara_26_1.jpg\" alt=\"\" \/><em>O animal morreu no local e o propriet\u00e1rio ainda n\u00e3o foi identificado &#8211; Foto: Daniel Gon\u00e7alves<\/em><br \/>\n<\/br><\/p>\n<p><strong><em>(Gazeta de Ara\u00e7ua\u00ed)<\/em><\/strong><\/p>\n","protected":false},"excerpt":{"rendered":"<p>Motociclista sofreu fratura na clav\u00edcula e foi socorrido por uma equipe do SAMU. Um rapaz de 20 anos ficou ferido ap\u00f3s bater a motocicleta que conduzia contra um cavalo na noite de ter\u00e7a-feira, 25 de novembro, na altura do quil\u00f4metro 10 da LMG-676, entre Ara\u00e7ua\u00ed e Francisco Badar\u00f3, no Vale do Jequitinhonha. Com o impacto [&hellip;]<\/p>\n","protected":false},"author":1,"featured_media":46515,"comment_status":"open","ping_status":"closed","sticky":false,"template":"","format":"standard","meta":{"amp_status":"","footnotes":""},"categories":[120],"tags":[24468,186,187,24467],"class_list":["post-46514","post","type-post","status-publish","format-standard","has-post-thumbnail","hentry","category-jequi","tag-andre-pinheiro-santos","tag-aracuai","tag-francisco-badaro","tag-jovem-sofre-fratura-na-clavicula-apos-bater-em-cavalo-proximo-a-aracuai"],"_links":{"self":[{"href":"https:\/\/aconteceunovale.com.br\/portal\/index.php?rest_route=\/wp\/v2\/posts\/46514","targetHints":{"allow":["GET"]}}],"collection":[{"href":"https:\/\/aconteceunovale.com.br\/portal\/index.php?rest_route=\/wp\/v2\/posts"}],"about":[{"href":"https:\/\/aconteceunovale.com.br\/portal\/index.php?rest_route=\/wp\/v2\/types\/post"}],"author":[{"embeddable":true,"href":"https:\/\/aconteceunovale.com.br\/portal\/index.php?rest_route=\/wp\/v2\/users\/1"}],"replies":[{"embeddable":true,"href":"https:\/\/aconteceunovale.com.br\/portal\/index.php?rest_route=%2Fwp%2Fv2%2Fcomments&post=46514"}],"version-history":[{"count":0,"href":"https:\/\/aconteceunovale.com.br\/portal\/index.php?rest_route=\/wp\/v2\/posts\/46514\/revisions"}],"wp:featuredmedia":[{"embeddable":true,"href":"https:\/\/aconteceunovale.com.br\/portal\/index.php?rest_route=\/wp\/v2\/media\/46515"}],"wp:attachment":[{"href":"https:\/\/aconteceunovale.com.br\/portal\/index.php?rest_route=%2Fwp%2Fv2%2Fmedia&parent=46514"}],"wp:term":[{"taxonomy":"category","embeddable":true,"href":"https:\/\/aconteceunovale.com.br\/portal\/index.php?rest_route=%2Fwp%2Fv2%2Fcategories&post=46514"},{"taxonomy":"post_tag","embeddable":true,"href":"https:\/\/aconteceunovale.com.br\/portal\/index.php?rest_route=%2Fwp%2Fv2%2Ftags&post=46514"}],"curies":[{"name":"wp","href":"https:\/\/api.w.org\/{rel}","templated":true}]}}