{"id":46511,"date":"2014-11-26T13:50:55","date_gmt":"2014-11-26T16:50:55","guid":{"rendered":"http:\/\/aconteceunovale.com.br\/portal\/?p=46511"},"modified":"2014-11-27T10:45:20","modified_gmt":"2014-11-27T13:45:20","slug":"duas-pessoas-ficam-feridas-em-acidente-proximo-a-montes-claros","status":"publish","type":"post","link":"https:\/\/aconteceunovale.com.br\/portal\/?p=46511","title":{"rendered":"Duas pessoas ficam feridas em acidente pr\u00f3ximo a Montes Claros"},"content":{"rendered":"<h4><strong><em>Batida envolveu dois ve\u00edculos no km 38 da BR-365, na entrada de Canto do Engenho. Os dois motoristas ficaram feridos.<\/em><\/strong><\/h4>\n<p>Duas pessoas ficaram feridas em um acidente nesta quarta-feira, 26 de novembro, na BR-365, em Montes Claros, no Norte de Minas. Segundo o Corpo de Bombeiros, o acidente envolveu dois ve\u00edculos pr\u00f3ximo \u00e0 entrada da comunidade de Canto do Engenho.<\/p>\n<p>Ainda de acordo com os bombeiros, um ve\u00edculo Saveiro que seguia para Belo Horizonte, com placa tamb\u00e9m da capital, teria batido na traseira de um Renault Sandero que seguia para Pirapora.<\/p>\n<p>O Servi\u00e7o de Atendimento M\u00f3vel de Urg\u00eancia (Samu) compareceu no local para prestar socorro. Luiz Ant\u00f4nio Almeida, 51 anos, foi levado para o Hospital Santa Casa inconsciente, com trauma de t\u00f3rax e de coluna. Bruno Coropial, de 46 anos, foi socorrido com traumatismo craniano leve e trauma no t\u00f3rax.<\/p>\n<p><img decoding=\"async\" src=\"http:\/\/aconteceunovale.com.br\/portal\/wp-content\/uploads\/2014\/11\/acidente_moc.jpg\" alt=\"\" \/><em>Carro rodou na pista e foi atingido na traseira (Foto: Divulga\u00e7\u00e3o\/Corpo de Bombeiros)<\/em><br \/>\n<\/br><\/p>\n<p><strong><em>(Hoje em Dia)<\/em><\/strong><\/p>\n","protected":false},"excerpt":{"rendered":"<p>Batida envolveu dois ve\u00edculos no km 38 da BR-365, na entrada de Canto do Engenho. Os dois motoristas ficaram feridos. Duas pessoas ficaram feridas em um acidente nesta quarta-feira, 26 de novembro, na BR-365, em Montes Claros, no Norte de Minas. Segundo o Corpo de Bombeiros, o acidente envolveu dois ve\u00edculos pr\u00f3ximo \u00e0 entrada da [&hellip;]<\/p>\n","protected":false},"author":1,"featured_media":46597,"comment_status":"open","ping_status":"closed","sticky":false,"template":"","format":"standard","meta":{"amp_status":"","footnotes":""},"categories":[1236],"tags":[24466,24463,16673,24465,24464,194,4606,24594,1018,24462,24593,210,254,6531],"class_list":["post-46511","post","type-post","status-publish","format-standard","has-post-thumbnail","hentry","category-norte_de_minas","tag-acidente-com-carro-de-brasilia","tag-acidente-com-carro-de-salvador","tag-acidente-em-montes-claros","tag-acidente-perto-de-montes-claros","tag-acidente-perto-do-canto-do-engenho-em-montes-claros","tag-belo-horizonte","tag-brasilia","tag-bruno-coropial","tag-destaque","tag-duas-pessoas-ficam-feridas-em-acidente-proximo-a-montes-claros","tag-luiz-antonio-almeida","tag-montes-claros","tag-pirapora","tag-salvador"],"_links":{"self":[{"href":"https:\/\/aconteceunovale.com.br\/portal\/index.php?rest_route=\/wp\/v2\/posts\/46511","targetHints":{"allow":["GET"]}}],"collection":[{"href":"https:\/\/aconteceunovale.com.br\/portal\/index.php?rest_route=\/wp\/v2\/posts"}],"about":[{"href":"https:\/\/aconteceunovale.com.br\/portal\/index.php?rest_route=\/wp\/v2\/types\/post"}],"author":[{"embeddable":true,"href":"https:\/\/aconteceunovale.com.br\/portal\/index.php?rest_route=\/wp\/v2\/users\/1"}],"replies":[{"embeddable":true,"href":"https:\/\/aconteceunovale.com.br\/portal\/index.php?rest_route=%2Fwp%2Fv2%2Fcomments&post=46511"}],"version-history":[{"count":0,"href":"https:\/\/aconteceunovale.com.br\/portal\/index.php?rest_route=\/wp\/v2\/posts\/46511\/revisions"}],"wp:featuredmedia":[{"embeddable":true,"href":"https:\/\/aconteceunovale.com.br\/portal\/index.php?rest_route=\/wp\/v2\/media\/46597"}],"wp:attachment":[{"href":"https:\/\/aconteceunovale.com.br\/portal\/index.php?rest_route=%2Fwp%2Fv2%2Fmedia&parent=46511"}],"wp:term":[{"taxonomy":"category","embeddable":true,"href":"https:\/\/aconteceunovale.com.br\/portal\/index.php?rest_route=%2Fwp%2Fv2%2Fcategories&post=46511"},{"taxonomy":"post_tag","embeddable":true,"href":"https:\/\/aconteceunovale.com.br\/portal\/index.php?rest_route=%2Fwp%2Fv2%2Ftags&post=46511"}],"curies":[{"name":"wp","href":"https:\/\/api.w.org\/{rel}","templated":true}]}}