{"id":46507,"date":"2014-11-26T13:37:38","date_gmt":"2014-11-26T16:37:38","guid":{"rendered":"http:\/\/aconteceunovale.com.br\/portal\/?p=46507"},"modified":"2014-11-26T13:37:38","modified_gmt":"2014-11-26T16:37:38","slug":"crianca-sofre-abuso-sexual-do-padrasto-e-apanha-da-mae-em-governador-valadares","status":"publish","type":"post","link":"https:\/\/aconteceunovale.com.br\/portal\/?p=46507","title":{"rendered":"Crian\u00e7a sofre abuso sexual do padrasto e apanha da m\u00e3e em Governador Valadares"},"content":{"rendered":"<h4><strong><em>V\u00edtima de 12 anos foi abusada em Governador Valadares. M\u00e3e da adolescente viu o companheiro e a filha juntos, e a agrediu.<\/em><\/strong><\/h4>\n<p>Uma menina de 12 anos foi v\u00edtima de abuso sexual pelo padastro, de 33 anos, nessa ter\u00e7a-feira, 25 de novembro, no Bairro Palmeiras, em Governador Valadares, no Leste de Minas Gerais. A m\u00e3e da v\u00edtima, de 49 anos, contou para Pol\u00edcia Militar que estava dormindo, quando acordou e encontrou o companheiro com a filha, na cozinha da casa.<\/p>\n<p>A m\u00e3e da menina afirmou para os militares que ficou nervosa e agrediu a filha com uma mangueira. A adolescente foi levada para o Hospital de Valadares, e durante o exame contou para m\u00e9dica que teve rela\u00e7\u00f5es com o padastro, mas n\u00e3o o denunciou por medo.<\/p>\n<p>O homem foi preso e levado \u00e0 Delegacia. J\u00e1 a m\u00e3e da v\u00edtima foi conduzida por les\u00e3o corporal. As informa\u00e7\u00f5es s\u00e3o da <strong>Inter TV dos Vales<\/strong>.<\/p>\n","protected":false},"excerpt":{"rendered":"<p>V\u00edtima de 12 anos foi abusada em Governador Valadares. M\u00e3e da adolescente viu o companheiro e a filha juntos, e a agrediu. Uma menina de 12 anos foi v\u00edtima de abuso sexual pelo padastro, de 33 anos, nessa ter\u00e7a-feira, 25 de novembro, no Bairro Palmeiras, em Governador Valadares, no Leste de Minas Gerais. A m\u00e3e [&hellip;]<\/p>\n","protected":false},"author":1,"featured_media":29763,"comment_status":"open","ping_status":"closed","sticky":false,"template":"","format":"standard","meta":{"amp_status":"","footnotes":""},"categories":[121],"tags":[24459,247],"class_list":["post-46507","post","type-post","status-publish","format-standard","has-post-thumbnail","hentry","category-leste","tag-crianca-sofre-abuso-sexual-do-padrasto-e-apanha-da-mae-em-governador-valadares","tag-governador-valadares"],"_links":{"self":[{"href":"https:\/\/aconteceunovale.com.br\/portal\/index.php?rest_route=\/wp\/v2\/posts\/46507","targetHints":{"allow":["GET"]}}],"collection":[{"href":"https:\/\/aconteceunovale.com.br\/portal\/index.php?rest_route=\/wp\/v2\/posts"}],"about":[{"href":"https:\/\/aconteceunovale.com.br\/portal\/index.php?rest_route=\/wp\/v2\/types\/post"}],"author":[{"embeddable":true,"href":"https:\/\/aconteceunovale.com.br\/portal\/index.php?rest_route=\/wp\/v2\/users\/1"}],"replies":[{"embeddable":true,"href":"https:\/\/aconteceunovale.com.br\/portal\/index.php?rest_route=%2Fwp%2Fv2%2Fcomments&post=46507"}],"version-history":[{"count":0,"href":"https:\/\/aconteceunovale.com.br\/portal\/index.php?rest_route=\/wp\/v2\/posts\/46507\/revisions"}],"wp:featuredmedia":[{"embeddable":true,"href":"https:\/\/aconteceunovale.com.br\/portal\/index.php?rest_route=\/wp\/v2\/media\/29763"}],"wp:attachment":[{"href":"https:\/\/aconteceunovale.com.br\/portal\/index.php?rest_route=%2Fwp%2Fv2%2Fmedia&parent=46507"}],"wp:term":[{"taxonomy":"category","embeddable":true,"href":"https:\/\/aconteceunovale.com.br\/portal\/index.php?rest_route=%2Fwp%2Fv2%2Fcategories&post=46507"},{"taxonomy":"post_tag","embeddable":true,"href":"https:\/\/aconteceunovale.com.br\/portal\/index.php?rest_route=%2Fwp%2Fv2%2Ftags&post=46507"}],"curies":[{"name":"wp","href":"https:\/\/api.w.org\/{rel}","templated":true}]}}